{"id":657556,"date":"2026-01-12T04:16:26","date_gmt":"2026-01-12T04:16:26","guid":{"rendered":"https:\/\/www.europesays.com\/fr\/657556\/"},"modified":"2026-01-12T04:16:26","modified_gmt":"2026-01-12T04:16:26","slug":"coupe-de-france-16es-de-finale-rennes-sen-sort-nice-qualifie-aux-tirs-au-but-sports","status":"publish","type":"post","link":"https:\/\/www.europesays.com\/fr\/657556\/","title":{"rendered":"Coupe de France (16es de finale) : Rennes s&rsquo;en sort, Nice qualifi\u00e9 aux tirs au but : Sports"},"content":{"rendered":"<p class=\"date\">\n                                                            Thibaut Simon, Media365, publi\u00e9 le dimanche 11 janvier 2026 \u00e0 20h56\n                                                    <\/p>\n<p>Rennes a renvers\u00e9 Chantilly (N2) ce dimanche (1-3) pour se qualifier en huiti\u00e8mes de finale de la Coupe de France. Nice \u00e9limine Nantes aux tirs au but tout comme Le Mans face \u00e0 Nancy. Montpellier s&rsquo;est offert Metz assez facilement.<\/p>\n<p>L&rsquo;exploit n&rsquo;est pas pass\u00e9 loin pour le pensionnaire de National 2 ce dimanche. Chantilly ouvrait le score face au Stade Rennais par l&rsquo;interm\u00e9diaire de Joseph juste avant la pause, mais les 20 derni\u00e8res minutes ont \u00e9t\u00e9 fatales pour les locaux. L&rsquo;exp\u00e9riment\u00e9 Yatabare, entr\u00e9 \u00e0 l&rsquo;heure de jeu, \u00e9tait coupable d&rsquo;une faute synonyme d&rsquo;exclusion. La suite, Merlin s&rsquo;en est charg\u00e9 dans la minute avec un coup franc direct pour \u00e9galiser (70e). Une frappe enroul\u00e9e de Tamari (71e) et un dernier but de Legendre (78e) ont mis un dernier coup sur la t\u00eate des joueurs de Chantilly. La r\u00e9action rennaise ne s&rsquo;est pas faite attendre et c&rsquo;est bien le club breton qui verra les huiti\u00e8mes de finale.<\/p>\n<p>Montpellier \u00e9trille Metz<\/p>\n<p>Dernier de Ligue 1, Metz n&rsquo;a pas profit\u00e9 de la r\u00e9ception de Montpellier (9e en Ligue 2) pour engranger de la confiance. Pire, les Grenats ont encaiss\u00e9 une lourde d\u00e9faite face au MHSC. A l&rsquo;heure de jeu, Savanier (penalty, 8e), Issoufou (21e), Tchato (46e) et Pays (64e) avaient d\u00e9j\u00e0 an\u00e9anti les espoirs messins de revenir dans la rencontre. Malgr\u00e9 la domination en mati\u00e8re de possession (68 % contre 32 %), Metz a chut\u00e9, entra\u00eenant la col\u00e8re des supporters \u00e0 la fin du match. Ces derniers ont r\u00e9clam\u00e9 le d\u00e9part du pr\u00e9sident et de l&rsquo;entra\u00eeneur, sifflant copieusement les joueurs qui n&rsquo;ont pas assez \u00ab mouill\u00e9 le maillot \u00bb selon eux.<\/p>\n<p>Nice et Le Mans au bout du suspense<\/p>\n<p>Lanc\u00e9 par l&rsquo;ouverture du score de Diop (25e), Nice a tenu, malgr\u00e9 l&rsquo;\u00e9galisation de Guirassy en seconde p\u00e9riode (52e). Longtemps, le portier des Aiglons a repouss\u00e9 les tentatives nantaises, voyant Wahi manquer son penalty apr\u00e8s l&rsquo;heure de jeu (68e). Pas de quoi d\u00e9courager les visiteurs, en manque de confiance cette saison. C&rsquo;est d&rsquo;ailleurs lors de la s\u00e9ance des tirs au but que Dup\u00e9 a conclu sa belle prestation en arr\u00eatant le tir d&rsquo;El Arabi pour envoyer son \u00e9quipe au tour suivant.<\/p>\n<p>Au Mans, ni les locaux, ni les Nanc\u00e9iens n&rsquo;ont r\u00e9ussi \u00e0 se d\u00e9partager lors du temps r\u00e9glementaire, offrant peu de spectacle au public. C&rsquo;est donc aux tirs au but que tout s&rsquo;est jou\u00e9. Un exercice parfaitement r\u00e9ussi par les Manceaux avec quatre tentatives r\u00e9ussies, quand dans le m\u00eame temps Ouotro et Fernandez \u00e9taient en \u00e9chec. Un tir sur le poteau pour le premier, un arr\u00eat du gardien pour le second et une \u00e9limination pour Nancy dans ce duel entre pensionnaires de Ligue 2.<\/p>\n<p><strong>R\u00e9sultats 16es de finale Coupe de France \/ Dimanche 11 janvier 2026<\/strong><br \/>&#8211; (N) Sochaux 0-3 <strong>Lens<\/strong> (L1)<br \/>&#8211; (N2) Chantilly 1-3 <strong>Rennes<\/strong> (L1)<br \/>&#8211; (L2) <strong>Le Mans<\/strong> 0-0 (4-1, apr\u00e8s t.a.b) Nancy (L2)<br \/>&#8211; (L1) Metz 0-4 <strong>Montpellier<\/strong> (L2)<br \/>&#8211; (L1) Nantes 1-1 (3-5, apr\u00e8s t.a.b) <strong>Nice<\/strong> (L1)<br \/>&#8211; (L1) Lille 21h00 Lyon (L1)<\/p>\n","protected":false},"excerpt":{"rendered":"Thibaut Simon, Media365, publi\u00e9 le dimanche 11 janvier 2026 \u00e0 20h56 Rennes a renvers\u00e9 Chantilly (N2) ce dimanche&hellip;\n","protected":false},"author":2,"featured_media":657557,"comment_status":"","ping_status":"","sticky":false,"template":"","format":"standard","meta":{"footnotes":""},"categories":[2821],"tags":[1111,11,829,1777,674,1011,27,12,584,25],"class_list":{"0":"post-657556","1":"post","2":"type-post","3":"status-publish","4":"format-standard","5":"has-post-thumbnail","7":"category-rennes","8":"tag-actu","9":"tag-actualites","10":"tag-bretagne","11":"tag-eu","12":"tag-europe","13":"tag-fr","14":"tag-france","15":"tag-news","16":"tag-rennes","17":"tag-republique-francaise"},"share_on_mastodon":{"url":"https:\/\/pubeurope.com\/@fr\/115880196992965348","error":""},"_links":{"self":[{"href":"https:\/\/www.europesays.com\/fr\/wp-json\/wp\/v2\/posts\/657556","targetHints":{"allow":["GET"]}}],"collection":[{"href":"https:\/\/www.europesays.com\/fr\/wp-json\/wp\/v2\/posts"}],"about":[{"href":"https:\/\/www.europesays.com\/fr\/wp-json\/wp\/v2\/types\/post"}],"author":[{"embeddable":true,"href":"https:\/\/www.europesays.com\/fr\/wp-json\/wp\/v2\/users\/2"}],"replies":[{"embeddable":true,"href":"https:\/\/www.europesays.com\/fr\/wp-json\/wp\/v2\/comments?post=657556"}],"version-history":[{"count":0,"href":"https:\/\/www.europesays.com\/fr\/wp-json\/wp\/v2\/posts\/657556\/revisions"}],"wp:featuredmedia":[{"embeddable":true,"href":"https:\/\/www.europesays.com\/fr\/wp-json\/wp\/v2\/media\/657557"}],"wp:attachment":[{"href":"https:\/\/www.europesays.com\/fr\/wp-json\/wp\/v2\/media?parent=657556"}],"wp:term":[{"taxonomy":"category","embeddable":true,"href":"https:\/\/www.europesays.com\/fr\/wp-json\/wp\/v2\/categories?post=657556"},{"taxonomy":"post_tag","embeddable":true,"href":"https:\/\/www.europesays.com\/fr\/wp-json\/wp\/v2\/tags?post=657556"}],"curies":[{"name":"wp","href":"https:\/\/api.w.org\/{rel}","templated":true}]}}