{"id":657559,"date":"2026-01-12T04:18:16","date_gmt":"2026-01-12T04:18:16","guid":{"rendered":"https:\/\/www.europesays.com\/fr\/657559\/"},"modified":"2026-01-12T04:18:16","modified_gmt":"2026-01-12T04:18:16","slug":"mercato-strasbourg-a-peine-arrive-gary-oneil-accelere-un-depart","status":"publish","type":"post","link":"https:\/\/www.europesays.com\/fr\/657559\/","title":{"rendered":"Mercato Strasbourg : \u00c0 peine arriv\u00e9, Gary O&rsquo;Neil acc\u00e9l\u00e8re un d\u00e9part"},"content":{"rendered":"<p>\t\t\tAfficher les titres Masquer les titres <\/p>\n<p><strong>La transition s\u2019est faite dans l\u2019urgence, mais Gary O\u2019Neil n\u2019a pas tard\u00e9 \u00e0 imprimer sa marque \u00e0 Strasbourg. Pour sa premi\u00e8re sur le banc alsacien, le technicien anglais a sign\u00e9 une large victoire en Coupe de France. Un succ\u00e8s sans appel, mais qui a aussi livr\u00e9 un enseignement important sur la gestion de l\u2019effectif. Car pour un jeune milieu en manque de temps de jeu, ce match a tout d\u2019un avertissement.<\/strong><\/p>\n<p>Une entr\u00e9e en mati\u00e8re ma\u00eetris\u00e9e pour O\u2019Neil<\/p>\n<p><strong>Trois jours seulement apr\u00e8s sa nomination en remplacement de Liam Rosenior<\/strong>, <a href=\"https:\/\/mediafoot.net\/mercato-larrivee-de-rosenior-a-chelsea-loin-de-faire-lunanimite\/\" target=\"_blank\" rel=\"noopener\">parti rejoindre Chelsea<\/a>, Gary O\u2019Neil a v\u00e9cu une premi\u00e8re plut\u00f4t sereine. Oppos\u00e9 \u00e0 Avranches, pensionnaire de National 2, le Racing Club de Strasbourg n\u2019a laiss\u00e9 aucune place au doute, <strong>s\u2019imposant largement (6-0) en 16es de finale de Coupe de France<\/strong>.<\/p>\n<p>Port\u00e9e par un Joaquin Panichelli inspir\u00e9, l\u2019\u00e9quipe alsacienne a d\u00e9roul\u00e9, profitant d\u2019une opposition limit\u00e9e pour engranger de la confiance. Si le contexte ne permet pas de tirer des conclusions d\u00e9finitives sur le plan tactique, ce match a n\u00e9anmoins donn\u00e9 des indications pr\u00e9cieuses sur la hi\u00e9rarchie en place.<\/p>\n<p>Une occasion manqu\u00e9e pour se relancer<\/p>\n<p>Dans ce type de rencontre, certains joueurs voient souvent une opportunit\u00e9 de se relancer ou de marquer des points aupr\u00e8s d\u2019un nouveau coach. Ce ne fut pas le cas pour Rabby Nzingoula. <strong>Le milieu d\u00e9fensif de 20 ans n\u2019a pas disput\u00e9 la moindre minute<\/strong>, assistant depuis le banc \u00e0 la d\u00e9monstration strasbourgeoise.<\/p>\n<p>Un choix fort, surtout quand on sait que Mathis Amougou, lui aussi en difficult\u00e9 ces derni\u00e8res semaines, a eu droit \u00e0 une demi-heure de jeu. Pour Nzingoula, cette non-utilisation face \u00e0 une \u00e9quipe de division inf\u00e9rieure ressemble \u00e0 un signal clair.<\/p>\n<p>Une situation qui s\u2019enlise depuis plusieurs semaines<\/p>\n<p>Revenu \u00e0 <a href=\"https:\/\/mediafoot.net\/clubs\/strasbourg\/\" target=\"_blank\" rel=\"noopener\">Strasbourg<\/a> apr\u00e8s un pr\u00eat de douze mois \u00e0 Montpellier, Rabby Nzingoula esp\u00e9rait profiter de la saison 2025-2026 pour s\u2019installer durablement dans la rotation. Mais la r\u00e9alit\u00e9 est plus cruelle. Rest\u00e9 sur le banc lors des quatre derni\u00e8res journ\u00e9es de <a href=\"https:\/\/mediafoot.net\/competition\/ligue-1-2025-2026\/\" target=\"_blank\" rel=\"noopener\">Ligue 1<\/a>, il peine \u00e0 exister dans les plans du staff.<\/p>\n<p><a class=\"related-article simple\" href=\"https:\/\/mediafoot.net\/leclosion-tardive-de-luca-zidane-fait-saliver-leurope\/\" target=\"_blank\" rel=\"noopener\">MercatoL\u2019\u00e9closion tardive de Luca Zidane fait saliver l\u2019Europe !<\/a><\/p>\n<p>Avec seulement 49 minutes disput\u00e9es en championnat cette saison et 15 apparitions toutes comp\u00e9titions confondues, le constat est sans appel. Ni sous Liam Rosenior, ni d\u00e9sormais sous Gary O\u2019Neil, le jeune milieu ne semble avoir gagn\u00e9 la confiance n\u00e9cessaire pour franchir un cap.<\/p>\n<p>Un d\u00e9part hivernal de plus en plus probable<\/p>\n<p>Dans ce contexte, <strong>un d\u00e9part lors du mercato hivernal appara\u00eet comme une option cr\u00e9dible<\/strong>, voire logique. Annonc\u00e9 parmi les profils suivis par l\u2019<strong>AS Saint-\u00c9tienne<\/strong>, Nzingoula ne ferait toutefois pas l\u2019unanimit\u00e9 chez les Verts, qui restent prudents sur ce dossier.<\/p>\n<p>Sous contrat jusqu\u2019en juin 2027, l\u2019ancien Lillois pourrait n\u00e9anmoins quitter l\u2019Alsace sous la forme d\u2019un pr\u00eat de six mois, afin de retrouver du temps de jeu et relancer sa progression. Une solution qui arrangerait toutes les parties, tant la situation actuelle semble fig\u00e9e.<\/p>\n<p>Un message clair d\u00e8s le d\u00e9but du mandat<\/p>\n<p>Pour Gary O\u2019Neil, cette premi\u00e8re rencontre a aussi servi \u00e0 poser des bases. Sans discours, sans pol\u00e9mique, mais par ses choix, le nouvel entra\u00eeneur a envoy\u00e9 un message limpide : chacun devra saisir ses opportunit\u00e9s, et certains profils ne seront pas retenus \u00e0 tout prix. \u00c0 Strasbourg, le mercato hivernal s\u2019annonce mouvement\u00e9. Et pour Rabby Nzingoula, l\u2019avenir semble d\u00e9sormais s\u2019\u00e9crire loin de la Meinau.<\/p>\n","protected":false},"excerpt":{"rendered":"Afficher les titres Masquer les titres La transition s\u2019est faite dans l\u2019urgence, mais Gary O\u2019Neil n\u2019a pas tard\u00e9&hellip;\n","protected":false},"author":2,"featured_media":657560,"comment_status":"","ping_status":"","sticky":false,"template":"","format":"standard","meta":{"footnotes":""},"categories":[2820],"tags":[1111,11,1777,674,1011,27,775,12,25,640],"class_list":{"0":"post-657559","1":"post","2":"type-post","3":"status-publish","4":"format-standard","5":"has-post-thumbnail","7":"category-strasbourg","8":"tag-actu","9":"tag-actualites","10":"tag-eu","11":"tag-europe","12":"tag-fr","13":"tag-france","14":"tag-grand-est","15":"tag-news","16":"tag-republique-francaise","17":"tag-strasbourg"},"share_on_mastodon":{"url":"https:\/\/pubeurope.com\/@fr\/115880204913957133","error":""},"_links":{"self":[{"href":"https:\/\/www.europesays.com\/fr\/wp-json\/wp\/v2\/posts\/657559","targetHints":{"allow":["GET"]}}],"collection":[{"href":"https:\/\/www.europesays.com\/fr\/wp-json\/wp\/v2\/posts"}],"about":[{"href":"https:\/\/www.europesays.com\/fr\/wp-json\/wp\/v2\/types\/post"}],"author":[{"embeddable":true,"href":"https:\/\/www.europesays.com\/fr\/wp-json\/wp\/v2\/users\/2"}],"replies":[{"embeddable":true,"href":"https:\/\/www.europesays.com\/fr\/wp-json\/wp\/v2\/comments?post=657559"}],"version-history":[{"count":0,"href":"https:\/\/www.europesays.com\/fr\/wp-json\/wp\/v2\/posts\/657559\/revisions"}],"wp:featuredmedia":[{"embeddable":true,"href":"https:\/\/www.europesays.com\/fr\/wp-json\/wp\/v2\/media\/657560"}],"wp:attachment":[{"href":"https:\/\/www.europesays.com\/fr\/wp-json\/wp\/v2\/media?parent=657559"}],"wp:term":[{"taxonomy":"category","embeddable":true,"href":"https:\/\/www.europesays.com\/fr\/wp-json\/wp\/v2\/categories?post=657559"},{"taxonomy":"post_tag","embeddable":true,"href":"https:\/\/www.europesays.com\/fr\/wp-json\/wp\/v2\/tags?post=657559"}],"curies":[{"name":"wp","href":"https:\/\/api.w.org\/{rel}","templated":true}]}}