{"id":657561,"date":"2026-01-12T04:19:10","date_gmt":"2026-01-12T04:19:10","guid":{"rendered":"https:\/\/www.europesays.com\/fr\/657561\/"},"modified":"2026-01-12T04:19:10","modified_gmt":"2026-01-12T04:19:10","slug":"le-defi-dune-delinquance-en-pleine-mutation-dans-la-metropole-de-nice","status":"publish","type":"post","link":"https:\/\/www.europesays.com\/fr\/657561\/","title":{"rendered":"le d\u00e9fi d\u2019une d\u00e9linquance en pleine mutation dans la M\u00e9tropole de Nice"},"content":{"rendered":"<p class=\"fs-5 \">L\u2019\u00e9tat des lieux de la s\u00e9curit\u00e9 sur le territoire de la <strong>M\u00e9tropole Nice C\u00f4te d\u2019Azur<\/strong> pr\u00e9sente un visage \u00e0 deux faces, presque contradictoires. D\u2019un c\u00f4t\u00e9, une efficacit\u00e9 apparente contre la d\u00e9linquance d\u2019appropriation\u00a0; de l\u2019autre, une mont\u00e9e des tensions sociales et criminelles qui irriguent le quotidien des habitants.<\/p>\n<p class=\"fs-5 \">En analysant les donn\u00e9es du minist\u00e8re de l\u2019Int\u00e9rieur entre 2016 et 2024 pour Nice, Cagnes-sur-Mer, Saint-Laurent-du-Var, Vence et La Trinit\u00e9, on observe un basculement des formes de d\u00e9linquance.<\/p>\n<p>                                                                                La chute libre des cambriolages<\/p>\n<p class=\"fs-5 \">Les atteintes aux biens sont en nette r\u00e9gression. Dans les cinq communes \u00e9tudi\u00e9es, les cambriolages de logement ont fortement baiss\u00e9 en huit ans de -43,4 % \u00e0 Nice, -35,2 % \u00e0 Saint-Laurent-du-Var, -47 % \u00e0 Cagnes-sur-Mer. \u00c0 Vence, le recul est le plus spectaculaire du territoire : &#8211; 71,9 %. La Trinit\u00e9 suit cette dynamique avec -42,6 %.<\/p>\n<p class=\"fs-5 \">\u00ab Si les atteintes aux biens enregistr\u00e9es ont connu des baisses sensibles, la meilleure prise en compte des d\u00e9lits routiers et surtout des violences intrafamiliales conna\u00eet des effets statistiques importants \u00bb, contraste <strong>Alain Bauer<\/strong>, professeur \u00e9m\u00e9rite de criminologie au Conservatoire national des arts et m\u00e9tiers.<\/p>\n<p>                                                                                La pouss\u00e9e des violences intrafamiliales et du trafic de drogue<\/p>\n<p class=\"fs-5 \">S\u2019agissant des violences, Alain Bauer pr\u00e9vient : \u00ab Aucun territoire m\u00e9tropolitain n\u2019\u00e9chappe \u00e0 une pouss\u00e9e rapide de la violence des homicidit\u00e9s (homicides et tentatives). \u00bb C\u2019est particuli\u00e8rement le cas des <strong>violences physiques intrafamiliales<\/strong> qui ont explos\u00e9. De 43,9 % en huit ans \u00e0 Nice, 60,5 % \u00e0 Cagnes-sur-Mer, 76,3 % \u00e0 Vence, 79,5 % \u00e0 Saint-Laurent-du-Var et 355 % \u00e0 La Trinit\u00e9(1).<\/p>\n<p class=\"fs-5 \">Les violences physiques hors cadre familial ont aussi augment\u00e9 entre 2016 et 2024 mais dans de moindres proportions : 36,9 % \u00e0 Vence (57 victimes en 2024), 29,7 % \u00e0 Cagnes-sur-Mer (158 victimes), 7,6 % \u00e0 Nice (1642 victimes), 6,1 % \u00e0 Saint-Laurent-du-Var (83 victimes) et 5,5 % \u00e0 La Trinit\u00e9 (34 victimes).<\/p>\n<p class=\"fs-5 \">Le territoire est, comme beaucoup d\u2019autres en France, gagn\u00e9 par le <strong>trafic de stup\u00e9fiants<\/strong>. \u00c0 Nice, le nombre de mis en cause dans ce cadre a explos\u00e9 de <strong>68,6 %<\/strong> entre 2016 et 2024. Alain Bauer pointe une mutation de la criminalit\u00e9 organis\u00e9e : \u00ab L&rsquo;enracinement du narcotrafic est marqu\u00e9 par des guerres des zones de chalandise qui s\u2019att\u00e9nuent \u00e0 Marseille (&#8230;) mais s\u2019accentuent sur les <a href=\"https:\/\/www.nicematin.com\/faits-divers\/la-dz-mafia-s-implante-t-elle-a-nice-trois-nouvelles-arrestations-991904\" target=\"_blank\" rel=\"noopener\">nouvelles cibles de la <strong>DZ Mafia<\/strong>, d\u00e9j\u00e0 implant\u00e9e \u00e0 Nice et dans sa m\u00e9tropole<\/a>. \u00bb<\/p>\n<p>                                                                                Un sentiment d&rsquo;ins\u00e9curit\u00e9 qui persiste<\/p>\n<p class=\"fs-5 \">Malgr\u00e9 la baisse des cambriolages et d\u2019autres indicateurs comme les vols ou les d\u00e9gradations volontaires, le sentiment d&rsquo;ins\u00e9curit\u00e9 reste une pr\u00e9occupation majeure.<\/p>\n<p class=\"fs-5 \">Selon l&rsquo;enqu\u00eate \u00ab V\u00e9cu et ressenti en mati\u00e8re de s\u00e9curit\u00e9 \u00bb du minist\u00e8re de l\u2019Int\u00e9rieur, <strong>15 %<\/strong> de la population nationale se sentent en ins\u00e9curit\u00e9 \u00e0 domicile et <strong>22 %<\/strong> dans leur quartier en 2024.<\/p>\n<p class=\"fs-5 \">1. \u00ab L\u2019appareil statistique administratif ne prend pas en compte la localisation des faits, mais des d\u00e9p\u00f4ts de plainte. Il n\u2019enregistre que ce qui est d\u00e9clar\u00e9 par les victimes et donne lieu \u00e0 un d\u00e9but de proc\u00e9dure \u00bb, nuance Alain Bauer, professeur \u00e9m\u00e9rite de criminologie au Conservatoire national des arts et m\u00e9tiers.<\/p>\n","protected":false},"excerpt":{"rendered":"L\u2019\u00e9tat des lieux de la s\u00e9curit\u00e9 sur le territoire de la M\u00e9tropole Nice C\u00f4te d\u2019Azur pr\u00e9sente un visage&hellip;\n","protected":false},"author":2,"featured_media":657562,"comment_status":"","ping_status":"","sticky":false,"template":"","format":"standard","meta":{"footnotes":""},"categories":[2819],"tags":[1111,11,1777,674,1011,27,12,2401,882,25],"class_list":{"0":"post-657561","1":"post","2":"type-post","3":"status-publish","4":"format-standard","5":"has-post-thumbnail","7":"category-nice","8":"tag-actu","9":"tag-actualites","10":"tag-eu","11":"tag-europe","12":"tag-fr","13":"tag-france","14":"tag-news","15":"tag-nice","16":"tag-provence-alpes-cote-dazur","17":"tag-republique-francaise"},"share_on_mastodon":{"url":"https:\/\/pubeurope.com\/@fr\/115880208895176515","error":""},"_links":{"self":[{"href":"https:\/\/www.europesays.com\/fr\/wp-json\/wp\/v2\/posts\/657561","targetHints":{"allow":["GET"]}}],"collection":[{"href":"https:\/\/www.europesays.com\/fr\/wp-json\/wp\/v2\/posts"}],"about":[{"href":"https:\/\/www.europesays.com\/fr\/wp-json\/wp\/v2\/types\/post"}],"author":[{"embeddable":true,"href":"https:\/\/www.europesays.com\/fr\/wp-json\/wp\/v2\/users\/2"}],"replies":[{"embeddable":true,"href":"https:\/\/www.europesays.com\/fr\/wp-json\/wp\/v2\/comments?post=657561"}],"version-history":[{"count":0,"href":"https:\/\/www.europesays.com\/fr\/wp-json\/wp\/v2\/posts\/657561\/revisions"}],"wp:featuredmedia":[{"embeddable":true,"href":"https:\/\/www.europesays.com\/fr\/wp-json\/wp\/v2\/media\/657562"}],"wp:attachment":[{"href":"https:\/\/www.europesays.com\/fr\/wp-json\/wp\/v2\/media?parent=657561"}],"wp:term":[{"taxonomy":"category","embeddable":true,"href":"https:\/\/www.europesays.com\/fr\/wp-json\/wp\/v2\/categories?post=657561"},{"taxonomy":"post_tag","embeddable":true,"href":"https:\/\/www.europesays.com\/fr\/wp-json\/wp\/v2\/tags?post=657561"}],"curies":[{"name":"wp","href":"https:\/\/api.w.org\/{rel}","templated":true}]}}