{"id":657563,"date":"2026-01-12T04:20:30","date_gmt":"2026-01-12T04:20:30","guid":{"rendered":"https:\/\/www.europesays.com\/fr\/657563\/"},"modified":"2026-01-12T04:20:30","modified_gmt":"2026-01-12T04:20:30","slug":"terem-moffi-et-jeremie-boga-veulent-resilier-leur-contrat-a-nice","status":"publish","type":"post","link":"https:\/\/www.europesays.com\/fr\/657563\/","title":{"rendered":"Terem Moffi et J\u00e9r\u00e9mie Boga veulent r\u00e9silier leur contrat \u00e0 Nice"},"content":{"rendered":"<p>Il y a six semaines, la saison de l\u2019OGC Nice a pris un tournant dramatique. Apr\u00e8s une nouvelle d\u00e9faite face \u00e0 Lorient, les joueurs azur\u00e9ens ont \u00e9t\u00e9 accueillis par une horde de supporters m\u00e9contents au centre d\u2019entra\u00eenement. D\u00e8s lors, l\u2019inimaginable s\u2019est produit : <a href=\"https:\/\/www.footmercato.net\/a4421112928469161470-coups-crachats-insultes-les-coulisses-de-la-confrontation-violente-entre-les-joueurs-de-nice-et-leurs-supporters\" target=\"_blank\" rel=\"noopener\">coups, insultes et crachats<\/a> envers les Aiglons et leur directeur sportif, Florian Maurice. Un improbable r\u00e8glement de comptes qui a laiss\u00e9 des s\u00e9quelles s\u00e9rieuses au sein du club. <\/p>\n<p>            La suite apr\u00e8s cette publicit\u00e9<\/p>\n<p>M\u00eame si Fabrice Bocquet n\u2019est plus le pr\u00e9sident de <a href=\"https:\/\/www.footmercato.net\/club\/ogc-nice\/\" target=\"_blank\" rel=\"noopener\">Nice<\/a> et Franck Haise a \u00e9t\u00e9 remerci\u00e9 puis remplac\u00e9 par Claude Puel, <a href=\"https:\/\/www.footmercato.net\/joueur\/terem-igobor-moffi\/\" target=\"_blank\" rel=\"noopener\">Terem Moffi<\/a> et <a href=\"https:\/\/www.footmercato.net\/joueur\/jeremie-boga\/\" target=\"_blank\" rel=\"noopener\">J\u00e9r\u00e9mie Boga<\/a> sont encore l\u00e0. Pris pour cible par les supporters, les deux joueurs avaient \u00e9t\u00e9 mis en arr\u00eat de travail qui dure depuis six semaines d\u00e9sormais. Furieux contre la s\u00e9curit\u00e9 pr\u00e9sente le soir des affrontements, les deux joueurs avaient port\u00e9 plainte contre X \u00e0 l\u2019instar <a href=\"https:\/\/www.footmercato.net\/a3881122559343643849-logc-nice-annonce-deposer-plainte-contre-x\" target=\"_blank\" rel=\"noopener\">du club ni\u00e7ois qui avait port\u00e9 plainte<\/a> de la m\u00eame mani\u00e8re. <\/p>\n<p>        Moffi et Boga veulent rompre leur contrat<\/p>\n<p>Incapables de reprendre l\u2019entra\u00eenement depuis six semaines, les deux attaquants ont \u00e9t\u00e9 examin\u00e9s par des m\u00e9decins qui ont confirm\u00e9 leurs blessures et leur incapacit\u00e9 \u00e0 rejouer. Ce dimanche soir, <a href=\"https:\/\/www.lequipe.fr\/Football\/Article\/Apres-leur-agression-par-des-supporters-jeremie-boga-et-terem-moffi-ont-saisi-la-ligue-pour-demander-la-resiliation-de-leur-contrat\/1632827\" target=\"_blank\" rel=\"noopener\">L\u2019Equipe<\/a> apporte de nouveaux \u00e9l\u00e9ments dans cette affaire. Alors que le statu-quo est toujours d\u2019actualit\u00e9 pour les deux joueurs, ces derniers ont demand\u00e9 la r\u00e9siliation de leurs contrats aupr\u00e8s de la LFP. <\/p>\n<p>            La suite apr\u00e8s cette publicit\u00e9<\/p>\n<p>Une d\u00e9cision forte et qui montre que les deux joueurs ne souhaitent clairement pas prolonger l\u2019aventure \u00e0 Nice. Se basant sur les manques de s\u00e9curit\u00e9 de cette folle soir\u00e9e, les \u00e9quipes juridiques des deux hommes m\u00e8nent cette bataille en coulisses. Li\u00e9s jusqu\u2019en 2027, Moffi et Boga devraient \u00eatre fix\u00e9s sur cette proc\u00e9dure dans les prochaines semaines et cela devrait forc\u00e9ment chambouler le mercato du Gym cet hiver\u2026 <\/p>\n<p>\n    Pub. le 11\/01\/2026 22:44<br \/>\n            &#8211; MAJ le 12\/01\/2026 04:02\n    <\/p>\n","protected":false},"excerpt":{"rendered":"Il y a six semaines, la saison de l\u2019OGC Nice a pris un tournant dramatique. Apr\u00e8s une nouvelle&hellip;\n","protected":false},"author":2,"featured_media":572892,"comment_status":"","ping_status":"","sticky":false,"template":"","format":"standard","meta":{"footnotes":""},"categories":[2819],"tags":[1111,11,1777,674,1011,27,12,2401,882,25],"class_list":{"0":"post-657563","1":"post","2":"type-post","3":"status-publish","4":"format-standard","5":"has-post-thumbnail","7":"category-nice","8":"tag-actu","9":"tag-actualites","10":"tag-eu","11":"tag-europe","12":"tag-fr","13":"tag-france","14":"tag-news","15":"tag-nice","16":"tag-provence-alpes-cote-dazur","17":"tag-republique-francaise"},"share_on_mastodon":{"url":"https:\/\/pubeurope.com\/@fr\/115880212696685122","error":""},"_links":{"self":[{"href":"https:\/\/www.europesays.com\/fr\/wp-json\/wp\/v2\/posts\/657563","targetHints":{"allow":["GET"]}}],"collection":[{"href":"https:\/\/www.europesays.com\/fr\/wp-json\/wp\/v2\/posts"}],"about":[{"href":"https:\/\/www.europesays.com\/fr\/wp-json\/wp\/v2\/types\/post"}],"author":[{"embeddable":true,"href":"https:\/\/www.europesays.com\/fr\/wp-json\/wp\/v2\/users\/2"}],"replies":[{"embeddable":true,"href":"https:\/\/www.europesays.com\/fr\/wp-json\/wp\/v2\/comments?post=657563"}],"version-history":[{"count":0,"href":"https:\/\/www.europesays.com\/fr\/wp-json\/wp\/v2\/posts\/657563\/revisions"}],"wp:featuredmedia":[{"embeddable":true,"href":"https:\/\/www.europesays.com\/fr\/wp-json\/wp\/v2\/media\/572892"}],"wp:attachment":[{"href":"https:\/\/www.europesays.com\/fr\/wp-json\/wp\/v2\/media?parent=657563"}],"wp:term":[{"taxonomy":"category","embeddable":true,"href":"https:\/\/www.europesays.com\/fr\/wp-json\/wp\/v2\/categories?post=657563"},{"taxonomy":"post_tag","embeddable":true,"href":"https:\/\/www.europesays.com\/fr\/wp-json\/wp\/v2\/tags?post=657563"}],"curies":[{"name":"wp","href":"https:\/\/api.w.org\/{rel}","templated":true}]}}