{"id":657564,"date":"2026-01-12T04:22:28","date_gmt":"2026-01-12T04:22:28","guid":{"rendered":"https:\/\/www.europesays.com\/fr\/657564\/"},"modified":"2026-01-12T04:22:28","modified_gmt":"2026-01-12T04:22:28","slug":"nantes-et-rennes-bouclent-une-recrue-le-paris-fc-tente-mathys-tel","status":"publish","type":"post","link":"https:\/\/www.europesays.com\/fr\/657564\/","title":{"rendered":"Nantes et Rennes bouclent une recrue, le Paris FC tente Mathys Tel !"},"content":{"rendered":"<p>Le FC Nantes a bel et bien boucl\u00e9 l\u2019arriv\u00e9e d\u2019Ibrahima Sissoko, milieu malien de 28 ans en provenance du VfL Bochum, annonce Ouest France. Pass\u00e9 par Strasbourg, o\u00f9 il a disput\u00e9 179 matches de <a href=\"https:\/\/www.onzemondial.com\/ligue-1\" target=\"_blank\" rel=\"noopener\">Ligue 1<\/a>, Sissoko est un joueur exp\u00e9riment\u00e9 et polyvalent qui vient renforcer un milieu de terrain d\u00e9j\u00e0 dense, comprenant Cabella, Mwanga, Lepenant ou Coquelin. Le transfert, estim\u00e9 \u00e0 environ 2 millions d\u2019euros, s\u2019accompagne d\u2019un contrat de deux ans et demi. Le natif du Stade Brestois conna\u00eet bien le championnat fran\u00e7ais, un atout pour les Canaris, actuellement barragistes, qui cherchent \u00e0 s\u00e9curiser leur maintien. Avec Sissoko, Nantes ajoute un profil robuste et aguerri pour compl\u00e9ter ses r\u00e9cents recrutements hivernaux, comme Deiver Machado et R\u00e9my Cabella.<\/p>\n<p>Szymanski, la surprise du Mercato de Rennes<\/p>\n<p>Du c\u00f4t\u00e9 de Rennes, le club breton, d\u00e9sormais sixi\u00e8me de Ligue 1, a trouv\u00e9 son premier renfort hivernal selon Matteo Moretto. Il s\u2019agit du milieu offensif polonais Sebastian Szymanski, 26 ans, en provenance de Fenerbah\u00e7e. Form\u00e9 au Legia Varsovie, pass\u00e9 par le Dynamo Moscou et Feyenoord, Szymanski a une belle exp\u00e9rience europ\u00e9enne et internationale (50 s\u00e9lections). Capable de jouer sur les ailes ou en num\u00e9ro dix, il apportera cr\u00e9ativit\u00e9 et polyvalence au 3-4-3 d\u2019Habib Beye. Rennes s\u2019est accord\u00e9 sur un transfert avoisinant 11 millions d\u2019euros hors bonus.<\/p>\n<p>Enfin, le Paris FC lorgne un profil tr\u00e8s diff\u00e9rent : l\u2019attaquant fran\u00e7ais Mathys Tel. Jeune international Espoirs de 20 ans, actuellement \u00e0 Tottenham, le joueur achet\u00e9 35 millions d\u2019euros au Bayern Munich cet \u00e9t\u00e9 chercherait du temps de jeu. Le club francilien, en qu\u00eate de renforts offensifs, pourrait profiter de cette situation pour attirer un talent prometteur et relancer sa carri\u00e8re selon Fabrizio Romano.<\/p>\n<p>   Partagez cette info avec vos amis et vos proches en cliquant ici<br \/> Pour r\u00e9sumer<\/p>\n<p>Nantes et Rennes ont boucl\u00e9 leurs premi\u00e8res recrues hivernales : Ibrahima Sissoko renforce le milieu nantais, tandis que Sebastian Szymanski rejoint Rennes pour apporter cr\u00e9ativit\u00e9 et polyvalence. Pendant ce temps, le Paris FC s\u2019int\u00e9resse \u00e0 Mathys Tel, jeune attaquant fran\u00e7ais en qu\u00eate de temps de jeu \u00e0 Tottenham.<\/p>\n<p>R\u00e9dacteur<\/p>\n<p><img decoding=\"async\" width=\"76\" height=\"76\" loading=\"lazy\" src=\"https:\/\/www.europesays.com\/fr\/wp-content\/uploads\/2025\/04\/logo-julien-pedebos.jpg\" alt=\"Julien P\u00e9debos\"\/><\/p>\n","protected":false},"excerpt":{"rendered":"Le FC Nantes a bel et bien boucl\u00e9 l\u2019arriv\u00e9e d\u2019Ibrahima Sissoko, milieu malien de 28 ans en provenance&hellip;\n","protected":false},"author":2,"featured_media":657565,"comment_status":"","ping_status":"","sticky":false,"template":"","format":"standard","meta":{"footnotes":""},"categories":[2818],"tags":[1111,11,1777,674,1011,27,66,766,12,2636,25,10662],"class_list":{"0":"post-657564","1":"post","2":"type-post","3":"status-publish","4":"format-standard","5":"has-post-thumbnail","7":"category-nantes","8":"tag-actu","9":"tag-actualites","10":"tag-eu","11":"tag-europe","12":"tag-fr","13":"tag-france","14":"tag-ligue-1","15":"tag-nantes","16":"tag-news","17":"tag-pays-de-la-loire","18":"tag-republique-francaise","19":"tag-transferts"},"share_on_mastodon":{"url":"https:\/\/pubeurope.com\/@fr\/115880220748129247","error":""},"_links":{"self":[{"href":"https:\/\/www.europesays.com\/fr\/wp-json\/wp\/v2\/posts\/657564","targetHints":{"allow":["GET"]}}],"collection":[{"href":"https:\/\/www.europesays.com\/fr\/wp-json\/wp\/v2\/posts"}],"about":[{"href":"https:\/\/www.europesays.com\/fr\/wp-json\/wp\/v2\/types\/post"}],"author":[{"embeddable":true,"href":"https:\/\/www.europesays.com\/fr\/wp-json\/wp\/v2\/users\/2"}],"replies":[{"embeddable":true,"href":"https:\/\/www.europesays.com\/fr\/wp-json\/wp\/v2\/comments?post=657564"}],"version-history":[{"count":0,"href":"https:\/\/www.europesays.com\/fr\/wp-json\/wp\/v2\/posts\/657564\/revisions"}],"wp:featuredmedia":[{"embeddable":true,"href":"https:\/\/www.europesays.com\/fr\/wp-json\/wp\/v2\/media\/657565"}],"wp:attachment":[{"href":"https:\/\/www.europesays.com\/fr\/wp-json\/wp\/v2\/media?parent=657564"}],"wp:term":[{"taxonomy":"category","embeddable":true,"href":"https:\/\/www.europesays.com\/fr\/wp-json\/wp\/v2\/categories?post=657564"},{"taxonomy":"post_tag","embeddable":true,"href":"https:\/\/www.europesays.com\/fr\/wp-json\/wp\/v2\/tags?post=657564"}],"curies":[{"name":"wp","href":"https:\/\/api.w.org\/{rel}","templated":true}]}}