{"id":657568,"date":"2026-01-12T04:24:19","date_gmt":"2026-01-12T04:24:19","guid":{"rendered":"https:\/\/www.europesays.com\/fr\/657568\/"},"modified":"2026-01-12T04:24:19","modified_gmt":"2026-01-12T04:24:19","slug":"un-adolescent-de-17-ans-enleve-en-pleine-rue-puis-sequestre-et-torture-dans-une-cave-par-trois-individus-cagoules-pres-de-bordeaux","status":"publish","type":"post","link":"https:\/\/www.europesays.com\/fr\/657568\/","title":{"rendered":"Un adolescent de 17 ans enlev\u00e9 en pleine rue, puis s\u00e9questr\u00e9 et tortur\u00e9 dans une cave par trois individus cagoul\u00e9s pr\u00e8s de Bordeaux"},"content":{"rendered":"<p>Un enl\u00e8vement \u00e0 la vue de tous. \u00c0 Lormont, une commune situ\u00e9e dans<a href=\"https:\/\/www.femmeactuelle.fr\/actu\/news-actu\/je-n-avais-que-9-ans-le-temoignage-glacant-d-une-des-victimes-dun-enseignant-accuse-de-viol-dans-un-etablissement-prive-de-bordeaux-2203122\" target=\"_blank\" rel=\"noopener\"> l\u2019agglom\u00e9ration de Bordeaux,<\/a> un adolescent de 17 ans, r\u00e9sidant \u00e0 Ambar\u00e8s, a \u00e9t\u00e9 enlev\u00e9 en pleine rue ce mercredi 7 janvier 2026 dans la soir\u00e9e par plusieurs individus cagoul\u00e9s. <strong>Celui-ci a ensuite <\/strong><a href=\"https:\/\/www.femmeactuelle.fr\/actu\/news-actu\/un-couple-doctogenaires-sequestre-menace-et-violente-le-soir-du-reveillon-par-trois-individus-au-vesinet-2202871\" target=\"_blank\" rel=\"noopener\"><strong>\u00e9t\u00e9 s\u00e9questr\u00e9<\/strong><\/a><strong> et violemment frapp\u00e9, a indiqu\u00e9 le parquet de Bordeaux. <\/strong>Des faits \u00e9galement rapport\u00e9s par nos confr\u00e8res du m\u00e9dia Sud Ouest, qui ont expliqu\u00e9 que le jeune homme avait \u00e9t\u00e9 emmen\u00e9 de force dans une cave, situ\u00e9e dans la m\u00eame ville, par ses ravisseurs.<\/p>\n<p>\u00ab\u00a0Ils lui auraient inflig\u00e9 les tr\u00e8s graves blessures constat\u00e9es\u00a0\u00bb, r\u00e9v\u00e8le le parquet. Comme l&rsquo;a d\u00e9voil\u00e9 une source polici\u00e8re, l&rsquo;adolescent a ensuite \u00e9t\u00e9 d\u00e9pos\u00e9 au CHU de Bordeaux vers 23h10, mercredi soir, sans que l\u2019on sache s\u2019il y a \u00e9t\u00e9 emmen\u00e9 par ses ravisseurs. <strong>Le parquet de Bordeaux a pr\u00e9cis\u00e9 que la victime \u00e9tait hospitalis\u00e9e, et qu&rsquo;elle souffrait  de <\/strong><strong>\u00ab\u00a0plusieurs plaies et<\/strong><a href=\"https:\/\/www.femmeactuelle.fr\/sante\/sante-pratique\/premiers-secours-reagir-a-brulure-25434\" target=\"_blank\" rel=\"noopener\"><strong> br\u00fblures graves<\/strong><\/a><strong> aux yeux et \u00e0 la main\u00a0\u00bb.<\/strong><\/p>\n<p>Une enqu\u00eate ouverte pour d\u00e9terminer les circonstances des faits<\/p>\n<p>Une enqu\u00eate a \u00e9t\u00e9 ouverte ce vendredi 9 janvier 2026 pour mettre la lumi\u00e8re sur les circonstances des faits.<strong> Les chefs d&rsquo;inculpation sont les suivants : \u00ab\u00a0arrestation, <\/strong><a href=\"https:\/\/www.femmeactuelle.fr\/actu\/news-actu\/un-pere-victime-dun-enlevement-violent-dans-le-val-d-oise-son-fils-de-19-ans-vise-par-les-ravisseurs-pour-une-rancon-2201766\" target=\"_blank\" rel=\"noopener\"><strong>enl\u00e8vement<\/strong><\/a><strong>, s\u00e9questration ou d\u00e9tention arbitraire avec torture ou acte de barbarie commis en bande organis\u00e9e\u00a0\u00bb. <\/strong>La victime, qui est d\u00e9j\u00e0 connue des services de police et de justice, a quant \u00e0 elle \u00e9t\u00e9 interrog\u00e9e par les enqu\u00eateurs. <strong>Elle a notamment affirm\u00e9 que ses agresseurs \u00e9taient trois et qu\u2019ils avaient le visage masqu\u00e9.<\/strong> Les investigations ont \u00e9t\u00e9 confi\u00e9es \u00e0 la division de la criminalit\u00e9 organis\u00e9e et sp\u00e9cialis\u00e9e (DCOS) de Bordeaux. Mais \u00e0 ce stade, \u00ab\u00a0le mobile de cet enl\u00e8vement suivi d\u2019actes de torture reste \u00e0 \u00e9tablir\u00a0\u00bb, a expliqu\u00e9 le parquet \u00e0 l\u2019AFP.<\/p>\n<p>Sources :<\/p>\n<ul>\n<li><a href=\"https:\/\/www.leparisien.fr\/faits-divers\/un-adolescent-de-17-ans-enleve-sequestre-et-torture-par-trois-hommes-cagoules-pres-de-bordeaux-11-01-2026-BBGQLB3YJRFXNHJTSJDLMF574E.php\" rel=\"nofollow noopener\" target=\"_blank\">Le Parisien<\/a> &#8211; 11\/01\/2026 : Un adolescent de 17\u00a0ans enlev\u00e9, s\u00e9questr\u00e9 et tortur\u00e9 par trois hommes cagoul\u00e9s pr\u00e8s de Bordeaux<\/li>\n<li><a href=\"https:\/\/www.sudouest.fr\/gironde\/lormont\/un-adolescent-sequestre-et-torture-dans-une-cave-pres-de-bordeaux-27355474.php\" rel=\"nofollow noopener\" target=\"_blank\">Sud Ouest<\/a> &#8211; 09\/11\/2026 : Un adolescent s\u00e9questr\u00e9 et tortur\u00e9 dans une cave pr\u00e8s de Bordeaux<\/li>\n<\/ul>\n","protected":false},"excerpt":{"rendered":"Un enl\u00e8vement \u00e0 la vue de tous. \u00c0 Lormont, une commune situ\u00e9e dans l\u2019agglom\u00e9ration de Bordeaux, un adolescent&hellip;\n","protected":false},"author":2,"featured_media":657569,"comment_status":"","ping_status":"","sticky":false,"template":"","format":"standard","meta":{"footnotes":""},"categories":[2817],"tags":[1111,11,1120,1997,26002,11247,1777,674,118,1011,27,12,2219,25,809],"class_list":{"0":"post-657568","1":"post","2":"type-post","3":"status-publish","4":"format-standard","5":"has-post-thumbnail","7":"category-bordeaux","8":"tag-actu","9":"tag-actualites","10":"tag-agression","11":"tag-bordeaux","12":"tag-enlu00e8vement","13":"tag-enquu00eate","14":"tag-eu","15":"tag-europe","16":"tag-faits-divers","17":"tag-fr","18":"tag-france","19":"tag-news","20":"tag-nouvelle-aquitaine","21":"tag-republique-francaise","22":"tag-violence"},"share_on_mastodon":{"url":"https:\/\/pubeurope.com\/@fr\/115880228510122978","error":""},"_links":{"self":[{"href":"https:\/\/www.europesays.com\/fr\/wp-json\/wp\/v2\/posts\/657568","targetHints":{"allow":["GET"]}}],"collection":[{"href":"https:\/\/www.europesays.com\/fr\/wp-json\/wp\/v2\/posts"}],"about":[{"href":"https:\/\/www.europesays.com\/fr\/wp-json\/wp\/v2\/types\/post"}],"author":[{"embeddable":true,"href":"https:\/\/www.europesays.com\/fr\/wp-json\/wp\/v2\/users\/2"}],"replies":[{"embeddable":true,"href":"https:\/\/www.europesays.com\/fr\/wp-json\/wp\/v2\/comments?post=657568"}],"version-history":[{"count":0,"href":"https:\/\/www.europesays.com\/fr\/wp-json\/wp\/v2\/posts\/657568\/revisions"}],"wp:featuredmedia":[{"embeddable":true,"href":"https:\/\/www.europesays.com\/fr\/wp-json\/wp\/v2\/media\/657569"}],"wp:attachment":[{"href":"https:\/\/www.europesays.com\/fr\/wp-json\/wp\/v2\/media?parent=657568"}],"wp:term":[{"taxonomy":"category","embeddable":true,"href":"https:\/\/www.europesays.com\/fr\/wp-json\/wp\/v2\/categories?post=657568"},{"taxonomy":"post_tag","embeddable":true,"href":"https:\/\/www.europesays.com\/fr\/wp-json\/wp\/v2\/tags?post=657568"}],"curies":[{"name":"wp","href":"https:\/\/api.w.org\/{rel}","templated":true}]}}