{"id":657570,"date":"2026-01-12T04:25:14","date_gmt":"2026-01-12T04:25:14","guid":{"rendered":"https:\/\/www.europesays.com\/fr\/657570\/"},"modified":"2026-01-12T04:25:14","modified_gmt":"2026-01-12T04:25:14","slug":"greve-des-medecins-liberaux-le-chu-de-toulouse-pleinement-mobilise","status":"publish","type":"post","link":"https:\/\/www.europesays.com\/fr\/657570\/","title":{"rendered":"Gr\u00e8ve des m\u00e9decins lib\u00e9raux : le CHU de Toulouse pleinement mobilis\u00e9"},"content":{"rendered":"<p>            <a href=\"https:\/\/www.europesays.com\/fr\/wp-content\/uploads\/2026\/01\/Infirmier.jpg\"><img fetchpriority=\"high\" decoding=\"async\" class=\"wp-image-41574\" src=\"https:\/\/www.europesays.com\/fr\/wp-content\/uploads\/2026\/01\/Infirmier.jpg\" alt=\"Gr\u00e8ve des m\u00e9decins lib\u00e9raux : le CHU de Toulouse pleinement mobilis\u00e9cdr\" width=\"600\" height=\"399\"  \/><\/a>Gr\u00e8ve des m\u00e9decins lib\u00e9raux : le CHU de Toulouse pleinement mobilis\u00e9<br \/>cdr<\/p>\n<p><strong>Gr\u00e8ve des m\u00e9decins lib\u00e9raux le CHU de Toulouse est pleinement mobilis\u00e9 pour<\/strong><br \/><strong>assurer la continuit\u00e9 des soins et d\u00e9clenche son plan blanc de niveau 1.<\/strong><\/p>\n<p>Dans le cadre de la mobilisation nationale des m\u00e9decins lib\u00e9raux et des \u00e9tablissements de sant\u00e9 priv\u00e9s, un report important d\u2019activit\u00e9 est attendu au CHU de Toulouse, en particulier sur la p\u00e9riode du 10 au 14 janvier 2026.<\/p>\n<p>Face \u00e0 cette situation exceptionnelle, les <a href=\"https:\/\/www.toulouseinfos.fr\/actualites\/societe\/67304-job-dating-chu-cartoucherie.html\" target=\"_blank\" rel=\"noopener\">\u00e9quipes du CHU<\/a> de Toulouse sont pleinement mobilis\u00e9es afin de garantir la continuit\u00e9, la qualit\u00e9 et la s\u00e9curit\u00e9 des soins, en priorit\u00e9 pour les situations d\u2019urgence et les patients les plus fragiles<\/p>\n<p>Une organisation renforc\u00e9e et \u00e9volutive<\/p>\n<p>Afin d\u2019anticiper et de g\u00e9rer cette situation exceptionnelle, et dans un contexte d\u00e9j\u00e0 marqu\u00e9 par un pic \u00e9pid\u00e9mique hivernal, le CHU de Toulouse a d\u00e9clench\u00e9 son plan blanc de niveau 1 Ce dispositif permet notamment<\/p>\n<p>l\u2019adaptation rapide et \u00e9volutive des organisations internes et des services,<\/p>\n<p>la d\u00e9programmation possible d\u2019interventions et de soins non urgents,<\/p>\n<p>le rappel et le red\u00e9ploiement de professionnels<\/p>\n<p>Pour assurer la prise en charge des patients report\u00e9s sur l\u2019h\u00f4pital, plusieurs mesures sont mises en \u0153uvre<\/p>\n<p>renforcement des effectifs m\u00e9dicaux et param\u00e9dicaux dans les secteurs les plus expos\u00e9s urgences, SAMU<\/p>\n<p>Centre 15 imagerie, traumatologie, secteur naissance de la maternit\u00e9, urgences gyn\u00e9cologiques, sp\u00e9cialit\u00e9s<br \/>digestives, urologiques et m\u00e9dicales<\/p>\n<p>d\u00e9programmation possible d\u2019interventions et d\u2019examens non urgents si la situation l\u2019exige<\/p>\n<p>possibilit\u00e9 d\u2019\u00e9tendre les plages horaires des blocs op\u00e9ratoires en fonction des besoins<\/p>\n<p>pr\u00e9sence renforc\u00e9e de m\u00e9decins sp\u00e9cialistes au sein des services d\u2019urgences<\/p>\n<p>augmentation du nombre de lits sur certains secteurs<\/p>\n<p><strong>Les patients concern\u00e9s par une \u00e9ventuelle d\u00e9programmation seront contact\u00e9s directement par les \u00e9quipes.<\/strong><\/p>\n<p>Le CHU de Toulouse porte la plus grande attention \u00e0 la situation et ajuste son organisation au jour le jour, en lien \u00e9troit avec l\u2019ensemble des acteurs du territoire et l\u2019Agence R\u00e9gionale de Sant\u00e9.<\/p>\n<p>Dans ce cadre et particuli\u00e8rement pour assurer la continuit\u00e9 des soins dans les maternit\u00e9s, les parturientes suivies en lib\u00e9ral sont invit\u00e9es \u00e0 se rapprocher de l\u2019\u00e9quipe m\u00e9dicale lib\u00e9rale qui les suit<\/p>\n<p>L\u2019activit\u00e9 des urgences adultes reste centr\u00e9e sur les zones d\u2019admission et de prise en charge des patients n\u00e9cessitant des soins hospitaliers ou une hospitalisation<\/p>\n<p>Les patients ne n\u00e9cessitant pas de prise en charge aux urgences continuent d\u2019\u00eatre accueillis par un infirmier d\u2019accueil et d\u2019orientation et sont r\u00e9orient\u00e9s vers un m\u00e9decin de ville disponible ou une structure adapt\u00e9e, en lien avec le Service d\u2019Acc\u00e8s aux Soins.<\/p>\n<p>\u00a0<\/p>\n<p style=\"text-align: right;\">La r\u00e9daction<\/p>\n","protected":false},"excerpt":{"rendered":"Gr\u00e8ve des m\u00e9decins lib\u00e9raux : le CHU de Toulouse pleinement mobilis\u00e9cdr Gr\u00e8ve des m\u00e9decins lib\u00e9raux le CHU de&hellip;\n","protected":false},"author":2,"featured_media":657571,"comment_status":"","ping_status":"","sticky":false,"template":"","format":"standard","meta":{"footnotes":""},"categories":[2816],"tags":[1111,11,1777,674,1011,27,12,2680,25,2312],"class_list":{"0":"post-657570","1":"post","2":"type-post","3":"status-publish","4":"format-standard","5":"has-post-thumbnail","7":"category-toulouse","8":"tag-actu","9":"tag-actualites","10":"tag-eu","11":"tag-europe","12":"tag-fr","13":"tag-france","14":"tag-news","15":"tag-occitanie","16":"tag-republique-francaise","17":"tag-toulouse"},"share_on_mastodon":{"url":"https:\/\/pubeurope.com\/@fr\/115880232461831117","error":""},"_links":{"self":[{"href":"https:\/\/www.europesays.com\/fr\/wp-json\/wp\/v2\/posts\/657570","targetHints":{"allow":["GET"]}}],"collection":[{"href":"https:\/\/www.europesays.com\/fr\/wp-json\/wp\/v2\/posts"}],"about":[{"href":"https:\/\/www.europesays.com\/fr\/wp-json\/wp\/v2\/types\/post"}],"author":[{"embeddable":true,"href":"https:\/\/www.europesays.com\/fr\/wp-json\/wp\/v2\/users\/2"}],"replies":[{"embeddable":true,"href":"https:\/\/www.europesays.com\/fr\/wp-json\/wp\/v2\/comments?post=657570"}],"version-history":[{"count":0,"href":"https:\/\/www.europesays.com\/fr\/wp-json\/wp\/v2\/posts\/657570\/revisions"}],"wp:featuredmedia":[{"embeddable":true,"href":"https:\/\/www.europesays.com\/fr\/wp-json\/wp\/v2\/media\/657571"}],"wp:attachment":[{"href":"https:\/\/www.europesays.com\/fr\/wp-json\/wp\/v2\/media?parent=657570"}],"wp:term":[{"taxonomy":"category","embeddable":true,"href":"https:\/\/www.europesays.com\/fr\/wp-json\/wp\/v2\/categories?post=657570"},{"taxonomy":"post_tag","embeddable":true,"href":"https:\/\/www.europesays.com\/fr\/wp-json\/wp\/v2\/tags?post=657570"}],"curies":[{"name":"wp","href":"https:\/\/api.w.org\/{rel}","templated":true}]}}