{"id":657611,"date":"2026-01-12T04:49:11","date_gmt":"2026-01-12T04:49:11","guid":{"rendered":"https:\/\/www.europesays.com\/fr\/657611\/"},"modified":"2026-01-12T04:49:11","modified_gmt":"2026-01-12T04:49:11","slug":"retour-en-caledonie-pour-juliette-collet-premiere-dauphine-de-miss-france-2026","status":"publish","type":"post","link":"https:\/\/www.europesays.com\/fr\/657611\/","title":{"rendered":"Retour en Cal\u00e9donie pour Juliette Collet, premi\u00e8re dauphine de Miss France 2026"},"content":{"rendered":"<p class=\"svelte-qfpp5o first-paragraph\">Les aventures de Juliette Poawe Collet la ram\u00e8nent enfin sur le Caillou. Lundi 12 janvier, <a class=\"article-link svelte-123pfsg\" href=\"https:\/\/la1ere.franceinfo.fr\/nouvellecaledonie\/direct-suivez-l-election-de-miss-nouvelle-caledonie-2025-sur-nc-la-1ere-1620272.html\" target=\"_blank\" rel=\"noopener\">Miss Nouvelle-Cal\u00e9donie 2025<\/a> a atterri \u00e0 l\u2019a\u00e9roport de Tontouta. Deux mois et demi apr\u00e8s s\u2019\u00eatre envol\u00e9e pour l\u2019Hexagone. Et cinq semaines apr\u00e8s l&rsquo;<a class=\"article-link svelte-123pfsg\" href=\"https:\/\/la1ere.franceinfo.fr\/nouvellecaledonie\/miss-france-2026-le-titre-revient-a-miss-tahiti-la-caledonienne-juliette-collet-est-premiere-dauphine-1650479.html\" target=\"_blank\" rel=\"noopener\">\u00e9lection spectaculaire de Miss France 2026<\/a> \u00e0 Amiens, qui l\u2019a vue \u00eatre couronn\u00e9e premi\u00e8re dauphine de la Polyn\u00e9sienne Hinaupoko Dev\u00e8ze.<\/p>\n<p>\u00c9charpe et fleurs<\/p>\n<p class=\"svelte-qfpp5o\">Si Juliette Collet ne l&rsquo;a pas emport\u00e9 au final, la jeune m\u00e9tisse de 22 ans a s\u00e9duit par sa franchise, son naturel et ses \u00e9clats de rire, faisant la fiert\u00e9 des Cal\u00e9doniens. Cette \u00e9charpe de premi\u00e8re dauphine, elle la portait ce matin en sortant de l&rsquo;a\u00e9roport, sous les colliers de fleurs mais devant un public clairsem\u00e9 : les membres du comit\u00e9 Miss Nouvelle-Cal\u00e9donie, des prestataires\u00a0et\u00a0quelques\u00a0admirateurs. Comme Ylliah Takamatsu, six ans, elle-m\u00eame Miss JNC junior 2025.<\/p>\n<\/p>\n<p>\u00ab\u00a0Je ne pense pas avoir chang\u00e9\u00a0\u00bb<\/p>\n<p class=\"svelte-qfpp5o\">Premiers mots de Juliette au micro\u00a0: \u00ab\u00a0Je suis soulag\u00e9e. Soulag\u00e9e de retrouver mon pays, de retrouver mes proches. \u00c7a me fait vraiment chaud au c\u0153ur. Non pas que j\u2019\u00e9tais mal \u00e0 Paris, mais \u00e7a fait toujours du bien de revenir au pays.\u00a0\u00bb Une ambassadrice qui se sent toujours elle-m\u00eame\u00a0! \u00ab\u00a0Je ne pense pas avoir chang\u00e9. Je suis all\u00e9e \u00e0 Miss France avec le m\u00eame \u00e9tat d\u2019esprit que j\u2019ai aujourd\u2019hui, de profiter et d\u2019\u00eatre fi\u00e8re de repr\u00e9senter la Nouvelle-Cal\u00e9donie, la terre qui m\u2019a donn\u00e9 la vie tout simplement.\u00a0\u00bb<\/p>\n<p class=\"svelte-qfpp5o\">Quant \u00e0 la suite\u00a0: un programme d\u00e9j\u00e0 charg\u00e9 se profile, entre rencontres avec diff\u00e9rentes institutions et rendez-vous m\u00e9diatiques (elle sera l&rsquo;invit\u00e9e du journal t\u00e9l\u00e9vis\u00e9 de NC la 1\u00e8re mercredi soir). \u00ab\u00a0Ensuite, on verra pour des projets un peu plus construits.\u00a0\u00bb<\/p>\n<p class=\"svelte-qfpp5o\"><b>Son interview par Sarra Mejeri et Isma\u00ebl Waka-Ceou<\/b><\/p>\n","protected":false},"excerpt":{"rendered":"Les aventures de Juliette Poawe Collet la ram\u00e8nent enfin sur le Caillou. Lundi 12 janvier, Miss Nouvelle-Cal\u00e9donie 2025&hellip;\n","protected":false},"author":2,"featured_media":657612,"comment_status":"","ping_status":"","sticky":false,"template":"","format":"standard","meta":{"footnotes":""},"categories":[4],"tags":[11,1011,27,12,25],"class_list":{"0":"post-657611","1":"post","2":"type-post","3":"status-publish","4":"format-standard","5":"has-post-thumbnail","7":"category-france","8":"tag-actualites","9":"tag-fr","10":"tag-france","11":"tag-news","12":"tag-republique-francaise"},"share_on_mastodon":{"url":"https:\/\/pubeurope.com\/@fr\/115880326760572120","error":""},"_links":{"self":[{"href":"https:\/\/www.europesays.com\/fr\/wp-json\/wp\/v2\/posts\/657611","targetHints":{"allow":["GET"]}}],"collection":[{"href":"https:\/\/www.europesays.com\/fr\/wp-json\/wp\/v2\/posts"}],"about":[{"href":"https:\/\/www.europesays.com\/fr\/wp-json\/wp\/v2\/types\/post"}],"author":[{"embeddable":true,"href":"https:\/\/www.europesays.com\/fr\/wp-json\/wp\/v2\/users\/2"}],"replies":[{"embeddable":true,"href":"https:\/\/www.europesays.com\/fr\/wp-json\/wp\/v2\/comments?post=657611"}],"version-history":[{"count":0,"href":"https:\/\/www.europesays.com\/fr\/wp-json\/wp\/v2\/posts\/657611\/revisions"}],"wp:featuredmedia":[{"embeddable":true,"href":"https:\/\/www.europesays.com\/fr\/wp-json\/wp\/v2\/media\/657612"}],"wp:attachment":[{"href":"https:\/\/www.europesays.com\/fr\/wp-json\/wp\/v2\/media?parent=657611"}],"wp:term":[{"taxonomy":"category","embeddable":true,"href":"https:\/\/www.europesays.com\/fr\/wp-json\/wp\/v2\/categories?post=657611"},{"taxonomy":"post_tag","embeddable":true,"href":"https:\/\/www.europesays.com\/fr\/wp-json\/wp\/v2\/tags?post=657611"}],"curies":[{"name":"wp","href":"https:\/\/api.w.org\/{rel}","templated":true}]}}