{"id":657639,"date":"2026-01-12T05:09:17","date_gmt":"2026-01-12T05:09:17","guid":{"rendered":"https:\/\/www.europesays.com\/fr\/657639\/"},"modified":"2026-01-12T05:09:17","modified_gmt":"2026-01-12T05:09:17","slug":"une-nuit-interminable-pour-les-passagers-corses-dun-vol-air-corsica-bloques-a-marseille-a-cause-dun-avion-endommage","status":"publish","type":"post","link":"https:\/\/www.europesays.com\/fr\/657639\/","title":{"rendered":"Une nuit \u00ab\u00a0interminable\u00a0\u00bb pour les passagers corses d&rsquo;un vol Air Corsica bloqu\u00e9s \u00e0 Marseille \u00e0 cause d&rsquo;un avion endommag\u00e9"},"content":{"rendered":"<p>Lors de son d\u00e9part en avion, le matin du 6 janvier \u00e0 destination de Marseille, Morgane Rocchi ne s&rsquo;attendait \u00e0 y rester plus d&rsquo;une journ\u00e9e. Apr\u00e8s un rendez-vous \u00e0 l&rsquo;h\u00f4pital pour sa fille \u00e2g\u00e9e de 5 ans, victime de probl\u00e8me de croissance, la m\u00e8re de famille avait pr\u00e9vu de rentrer \u00e0 Bastia par le dernier vol, pour retrouver ses deux autres enfants \u00e2g\u00e9s de 12 et 8 ans.<\/p>\n<p>\u00c0 l&rsquo;a\u00e9roport de Marseille-Provence, elle apprend d&rsquo;abord que l&rsquo;avion au d\u00e9part de Bastia, qui aurait d\u00fb assurer son vol retour, n&rsquo;a pas pu d\u00e9coller. \u00ab\u00a0Des conditions d\u00e9givrantes \u00e0 Bastia n&rsquo;ont pas permis \u00e0 l&rsquo;A320 initialement programm\u00e9 pour la rotation Bastia \u2013 Marseille \u2013 Bastia de d\u00e9coller\u00a0\u00bb, indiquent les services d&rsquo;Air Corsica, joints par t\u00e9l\u00e9phone.<\/p>\n<p>Une escale de derni\u00e8re minute<\/p>\n<p>Mais une solution a \u00e9t\u00e9 trouv\u00e9e : le dernier vol en partance de Paris-Orly va faire escale \u00e0 Marseille pour r\u00e9cup\u00e9rer les passagers &#8211; dont Morgane, son mari et sa fille &#8211; et devrait atterrir avec un peu de retard \u00e0 Bastia. \u00ab\u00a0Le commandant de bord nous a expliqu\u00e9 qu&rsquo;au lieu d&rsquo;atterrir \u00e0 Poretta \u00e0 22 h 40, nous y serions vers 23 heures\u00a0\u00bb, raconte Charles* un occupant du vol d&rsquo;Orly.\u00a0<\/p>\n<p>L&#8217;embarquement des nouveaux passagers d\u00e9bute vers 22 heures. Un peu&#8230;<\/p>\n","protected":false},"excerpt":{"rendered":"Lors de son d\u00e9part en avion, le matin du 6 janvier \u00e0 destination de Marseille, Morgane Rocchi ne&hellip;\n","protected":false},"author":2,"featured_media":657640,"comment_status":"","ping_status":"","sticky":false,"template":"","format":"standard","meta":{"footnotes":""},"categories":[6],"tags":[5734,35,2837,33,34,274,1011,27,75936,151,293,13642,471,96],"class_list":{"0":"post-657639","1":"post","2":"type-post","3":"status-publish","4":"format-standard","5":"has-post-thumbnail","7":"category-economie","8":"tag-5734","9":"tag-business","10":"tag-dun","11":"tag-economie","12":"tag-economy","13":"tag-faits-divers-justice","14":"tag-fr","15":"tag-france","16":"tag-interminable","17":"tag-les","18":"tag-nuit","19":"tag-passagers","20":"tag-pour","21":"tag-une"},"share_on_mastodon":{"url":"https:\/\/pubeurope.com\/@fr\/115880405486314380","error":""},"_links":{"self":[{"href":"https:\/\/www.europesays.com\/fr\/wp-json\/wp\/v2\/posts\/657639","targetHints":{"allow":["GET"]}}],"collection":[{"href":"https:\/\/www.europesays.com\/fr\/wp-json\/wp\/v2\/posts"}],"about":[{"href":"https:\/\/www.europesays.com\/fr\/wp-json\/wp\/v2\/types\/post"}],"author":[{"embeddable":true,"href":"https:\/\/www.europesays.com\/fr\/wp-json\/wp\/v2\/users\/2"}],"replies":[{"embeddable":true,"href":"https:\/\/www.europesays.com\/fr\/wp-json\/wp\/v2\/comments?post=657639"}],"version-history":[{"count":0,"href":"https:\/\/www.europesays.com\/fr\/wp-json\/wp\/v2\/posts\/657639\/revisions"}],"wp:featuredmedia":[{"embeddable":true,"href":"https:\/\/www.europesays.com\/fr\/wp-json\/wp\/v2\/media\/657640"}],"wp:attachment":[{"href":"https:\/\/www.europesays.com\/fr\/wp-json\/wp\/v2\/media?parent=657639"}],"wp:term":[{"taxonomy":"category","embeddable":true,"href":"https:\/\/www.europesays.com\/fr\/wp-json\/wp\/v2\/categories?post=657639"},{"taxonomy":"post_tag","embeddable":true,"href":"https:\/\/www.europesays.com\/fr\/wp-json\/wp\/v2\/tags?post=657639"}],"curies":[{"name":"wp","href":"https:\/\/api.w.org\/{rel}","templated":true}]}}