{"id":657655,"date":"2026-01-12T05:22:20","date_gmt":"2026-01-12T05:22:20","guid":{"rendered":"https:\/\/www.europesays.com\/fr\/657655\/"},"modified":"2026-01-12T05:22:20","modified_gmt":"2026-01-12T05:22:20","slug":"une-hausse-moderee-des-prix-dachat-en-janvier-2026","status":"publish","type":"post","link":"https:\/\/www.europesays.com\/fr\/657655\/","title":{"rendered":"une hausse mode\u0301re\u0301e des prix d&rsquo;achat en janvier 2026"},"content":{"rendered":"<p>Publi\u00e9 le 11 janv. 2026 \u00e0 14:00<\/p>\n<p><strong>Le march\u00e9 immobilier rouennais affiche une stabilit\u00e9 relative en ce d\u00e9but d&rsquo;ann\u00e9e 2026. Si les prix de location demeurent inchang\u00e9s depuis d\u00e9cembre, les tarifs d&rsquo;acquisition enregistrent une progression mesur\u00e9e, particuli\u00e8rement marqu\u00e9e dans le secteur des appartements.<\/strong><\/p>\n<p>Le <strong>march\u00e9 de l&rsquo;achat immobilier<\/strong> \u00e0 Rouen montre des signaux encourageants en ce d\u00e9but d&rsquo;ann\u00e9e 2026. Les <strong>appartements<\/strong> enregistrent une hausse de 0,58% entre d\u00e9cembre 2025 et janvier 2026, passant de 2\u00a0605\u00a0euros par m\u00e8tre carr\u00e9 \u00e0 2\u00a0620\u00a0euros par m\u00e8tre carr\u00e9. Cette progression, bien que mod\u00e9r\u00e9e, t\u00e9moigne d&rsquo;un regain d&rsquo;int\u00e9r\u00eat des <strong>acqu\u00e9reurs<\/strong> pour ce type de bien dans la capitale normande.<\/p>\n<p>Les <strong>maisons individuelles<\/strong> suivent \u00e9galement cette tendance haussi\u00e8re avec une augmentation de 0,21%, \u00e9voluant de 2\u00a0819\u00a0euros par m\u00e8tre carr\u00e9 \u00e0 2\u00a0825\u00a0euros par m\u00e8tre carr\u00e9. Cette \u00e9volution diff\u00e9renci\u00e9e entre les deux <strong>segments immobiliers<\/strong> s&rsquo;explique notamment par une demande plus soutenue pour les <strong>appartements<\/strong>, souvent privil\u00e9gi\u00e9s par les primo-acc\u00e9dants et les <strong>investisseurs locatifs<\/strong>.<\/p>\n<p>La dynamique positive du <strong>march\u00e9 immobilier rouennais<\/strong> refl\u00e8te l&rsquo;attractivit\u00e9 maintenue de cette m\u00e9tropole normande, b\u00e9n\u00e9ficiant de sa proximit\u00e9 avec Paris et de son cadre de vie pr\u00e9serv\u00e9.<\/p>\n","protected":false},"excerpt":{"rendered":"Publi\u00e9 le 11 janv. 2026 \u00e0 14:00 Le march\u00e9 immobilier rouennais affiche une stabilit\u00e9 relative en ce d\u00e9but&hellip;\n","protected":false},"author":2,"featured_media":657656,"comment_status":"","ping_status":"","sticky":false,"template":"","format":"standard","meta":{"footnotes":""},"categories":[9587],"tags":[1111,11,1777,674,1011,27,12,5161,25,9590],"class_list":{"0":"post-657655","1":"post","2":"type-post","3":"status-publish","4":"format-standard","5":"has-post-thumbnail","7":"category-rouen","8":"tag-actu","9":"tag-actualites","10":"tag-eu","11":"tag-europe","12":"tag-fr","13":"tag-france","14":"tag-news","15":"tag-normandie","16":"tag-republique-francaise","17":"tag-rouen"},"share_on_mastodon":{"url":"https:\/\/pubeurope.com\/@fr\/115880456507425813","error":""},"_links":{"self":[{"href":"https:\/\/www.europesays.com\/fr\/wp-json\/wp\/v2\/posts\/657655","targetHints":{"allow":["GET"]}}],"collection":[{"href":"https:\/\/www.europesays.com\/fr\/wp-json\/wp\/v2\/posts"}],"about":[{"href":"https:\/\/www.europesays.com\/fr\/wp-json\/wp\/v2\/types\/post"}],"author":[{"embeddable":true,"href":"https:\/\/www.europesays.com\/fr\/wp-json\/wp\/v2\/users\/2"}],"replies":[{"embeddable":true,"href":"https:\/\/www.europesays.com\/fr\/wp-json\/wp\/v2\/comments?post=657655"}],"version-history":[{"count":0,"href":"https:\/\/www.europesays.com\/fr\/wp-json\/wp\/v2\/posts\/657655\/revisions"}],"wp:featuredmedia":[{"embeddable":true,"href":"https:\/\/www.europesays.com\/fr\/wp-json\/wp\/v2\/media\/657656"}],"wp:attachment":[{"href":"https:\/\/www.europesays.com\/fr\/wp-json\/wp\/v2\/media?parent=657655"}],"wp:term":[{"taxonomy":"category","embeddable":true,"href":"https:\/\/www.europesays.com\/fr\/wp-json\/wp\/v2\/categories?post=657655"},{"taxonomy":"post_tag","embeddable":true,"href":"https:\/\/www.europesays.com\/fr\/wp-json\/wp\/v2\/tags?post=657655"}],"curies":[{"name":"wp","href":"https:\/\/api.w.org\/{rel}","templated":true}]}}