{"id":657661,"date":"2026-01-12T05:29:17","date_gmt":"2026-01-12T05:29:17","guid":{"rendered":"https:\/\/www.europesays.com\/fr\/657661\/"},"modified":"2026-01-12T05:29:17","modified_gmt":"2026-01-12T05:29:17","slug":"la-marche-etait-trop-haute","status":"publish","type":"post","link":"https:\/\/www.europesays.com\/fr\/657661\/","title":{"rendered":"la marche \u00e9tait trop haute"},"content":{"rendered":"<p class=\"article__intro\">L&rsquo;aventure s&rsquo;arr\u00eate en seizi\u00e8mes de finale pour l&rsquo;US Avranches Mont-Saint-Michel. Samedi soir au stade Ren\u00e9-Fenouill\u00e8re, les Normands ont \u00e9t\u00e9 balay\u00e9s par le RC Strasbourg (0-6), une issue logique face \u00e0 une formation de Ligue 1 qui n&rsquo;a laiss\u00e9 aucune chance \u00e0 l&rsquo;\u00e9quipe de National 2.<\/p>\n<p>\n      L\u2019actu des r\u00e9gions\n    <\/p>\n<p>\n      Chaque jour, un tour d\u2019horizon des principales infos de toutes les r\u00e9gions.\n    <\/p>\n<p>    France T\u00e9l\u00e9visions utilise votre adresse e-mail afin de vous envoyer la newsletter \u00ab\u00a0L\u2019actu des r\u00e9gions\u00a0\u00bb. Vous pouvez vous d\u00e9sinscrire \u00e0 tout moment via le lien en bas de cette newsletter. <a target=\"_blank\" href=\"https:\/\/www.francetelevisions.fr\/groupe\/confidentialite\/politique-de-confidentialite\/politique-de-confidentialite-de-france-televisions-6503\" rel=\"noopener\">Notre politique de confidentialit\u00e9<\/a><\/p>\n<p>D\u00e8s les premi\u00e8res minutes, le sc\u00e9nario s&rsquo;est \u00e9crit sans suspense. Habitu\u00e9s \u00e0 s&rsquo;en remettre aux tirs au but pour franchir les trois tours pr\u00e9c\u00e9dents, les joueurs d&rsquo;Avranches ont cette fois \u00e9t\u00e9 \u00e9touff\u00e9s par des Strasbourgeois qui ont monopolis\u00e9 le ballon. <\/p>\n<p>\u00c0 la 14e minute, Joaquin Panichelli ouvre le score. Neuf minutes plus tard, l&rsquo;Argentin r\u00e9cidive en servant Julio Enciso. Avant m\u00eame la pause, Strasbourg porte le score \u00e0 3-0.  En seconde p\u00e9riode, les Strasbourgeois alourdissent l&rsquo;addition, score final 6-0.<\/p>\n<p>Les Avranchinais auront bien eu quelques occasions, notamment le face-\u00e0-face manqu\u00e9 par Nassim Sabihi, buteur contre Brest au tour pr\u00e9c\u00e9dent, ou les deux montants trouv\u00e9s par Zourab Sopromadze. Mais le verdict reste sans appel.<\/p>\n<p>Dans les vestiaires normands, l&rsquo;heure est au bilan lucide. \u00ab\u00a0Tout simplement le foot a \u00e9t\u00e9 respect\u00e9\u00a0\u00bb reconna\u00eet Emeric Dudouit, d\u00e9fenseur avranchinais, \u00ab\u00a0C&rsquo;est une tr\u00e8s tr\u00e8s belle \u00e9quipe, l&rsquo;\u00e9quipe europ\u00e9enne. Il n\u2019y avait pas qu&rsquo;un niveau d&rsquo;\u00e9cart aujourd&rsquo;hui et \u00e7a s&rsquo;est vu\u00a0\u00bb. Malgr\u00e9 le score fleuve, les joueurs locaux ont refus\u00e9 de renoncer \u00e0 leur philosophie de jeu. \u00ab\u00a0On a continu\u00e9 \u00e0 jouer. Juste le petit regret, c&rsquo;est de ne pas leur avoir mis de buts et de ne pas avoir exist\u00e9 plus longtemps\u00a0\u00bb, ajoutait-il.<\/p>\n<p>L&rsquo;entra\u00eeneur d&rsquo;Avranches, C\u00e9dric Hengbart partage cette analyse sans amertume : \u00ab\u00a0On a eu quelques situations mais trop peu et offensivement ils ont \u00e9t\u00e9 extraordinaires. Voil\u00e0, la marche \u00e9tait beaucoup trop haute pour nous.\u00a0\u00bb Le technicien normand a m\u00eame trouv\u00e9 mati\u00e8re \u00e0 inspiration dans la prestation alsacienne : \u00ab\u00a0J&rsquo;ai pris beaucoup de plaisir aussi \u00e0 les voir parce que tous les principes qu&rsquo;ils ont, c&rsquo;est ce que je recherche. \u00c7a a montr\u00e9 \u00e0 mes joueurs que la simplicit\u00e9, c&rsquo;est ce qu&rsquo;il y a de mieux.\u00a0\u00bb<\/p>\n<p>Au-del\u00e0 de la d\u00e9ception du soir, la fiert\u00e9 dominait. Le pr\u00e9sident du club de l\u2019US Avranches Mont-Saint-Michel, Morgan Coursin, rappelait l&rsquo;exploit accompli : \u00ab\u00a0C&rsquo;est la troisi\u00e8me fois seulement que le club atteignait ce niveau. Donc c&rsquo;est formidable. Ce soir, la d\u00e9faite est lourde face \u00e0 une tr\u00e8s belle \u00e9quipe mais je n&rsquo;ai pas envie de ne retenir que la d\u00e9faite de ce soir.\u00a0\u00bb<\/p>\n<p>Cette \u00e9pop\u00e9e en Coupe de France repr\u00e9sente une manne financi\u00e8re non n\u00e9gligeable pour le club normand. Entre la dotation de la F\u00e9d\u00e9ration fran\u00e7aise de football (un peu plus de 80 000 euros) et les recettes de billetterie et annexes, le pr\u00e9sident estimait les gains \u00e0 environ 150 000 euros, soit 10% du budget annuel du club. <\/p>\n<p>Un montant encore bonifi\u00e9 par un geste de Marc Keller, le pr\u00e9sident strasbourgeois, qui a c\u00e9d\u00e9 sa part de recette aux Normands. \u00ab\u00a0Un nouveau respect du foot amateur et du club d&rsquo;Avranches que nous sommes. Donc un grand merci \u00e0 Marc Keller et au Racing Club de Strasbourg\u00a0\u00bb, saluait le dirigeant.<\/p>\n<p>Pour Avranches, il est d\u00e9sormais temps de retrouver le quotidien du championnat. \u00ab\u00a0Maintenant le plus important c&rsquo;est le quotidien c&rsquo;est le championnat donc \u00e7a va \u00eatre notre job\u00a0\u00bb, conclut l&rsquo;entra\u00eeneur, C\u00e9dric Hengbart, conscient qu&rsquo;il faudra vite redescendre du nuage de cette belle aventure en Coupe de France.<\/p>\n<p>avec Julien Tellier<\/p>\n","protected":false},"excerpt":{"rendered":"L&rsquo;aventure s&rsquo;arr\u00eate en seizi\u00e8mes de finale pour l&rsquo;US Avranches Mont-Saint-Michel. Samedi soir au stade Ren\u00e9-Fenouill\u00e8re, les Normands ont&hellip;\n","protected":false},"author":2,"featured_media":657662,"comment_status":"","ping_status":"","sticky":false,"template":"","format":"standard","meta":{"footnotes":""},"categories":[2820],"tags":[1111,11,1777,674,1011,27,775,12,25,640],"class_list":{"0":"post-657661","1":"post","2":"type-post","3":"status-publish","4":"format-standard","5":"has-post-thumbnail","7":"category-strasbourg","8":"tag-actu","9":"tag-actualites","10":"tag-eu","11":"tag-europe","12":"tag-fr","13":"tag-france","14":"tag-grand-est","15":"tag-news","16":"tag-republique-francaise","17":"tag-strasbourg"},"share_on_mastodon":{"url":"https:\/\/pubeurope.com\/@fr\/115880484096935077","error":""},"_links":{"self":[{"href":"https:\/\/www.europesays.com\/fr\/wp-json\/wp\/v2\/posts\/657661","targetHints":{"allow":["GET"]}}],"collection":[{"href":"https:\/\/www.europesays.com\/fr\/wp-json\/wp\/v2\/posts"}],"about":[{"href":"https:\/\/www.europesays.com\/fr\/wp-json\/wp\/v2\/types\/post"}],"author":[{"embeddable":true,"href":"https:\/\/www.europesays.com\/fr\/wp-json\/wp\/v2\/users\/2"}],"replies":[{"embeddable":true,"href":"https:\/\/www.europesays.com\/fr\/wp-json\/wp\/v2\/comments?post=657661"}],"version-history":[{"count":0,"href":"https:\/\/www.europesays.com\/fr\/wp-json\/wp\/v2\/posts\/657661\/revisions"}],"wp:featuredmedia":[{"embeddable":true,"href":"https:\/\/www.europesays.com\/fr\/wp-json\/wp\/v2\/media\/657662"}],"wp:attachment":[{"href":"https:\/\/www.europesays.com\/fr\/wp-json\/wp\/v2\/media?parent=657661"}],"wp:term":[{"taxonomy":"category","embeddable":true,"href":"https:\/\/www.europesays.com\/fr\/wp-json\/wp\/v2\/categories?post=657661"},{"taxonomy":"post_tag","embeddable":true,"href":"https:\/\/www.europesays.com\/fr\/wp-json\/wp\/v2\/tags?post=657661"}],"curies":[{"name":"wp","href":"https:\/\/api.w.org\/{rel}","templated":true}]}}