{"id":657671,"date":"2026-01-12T05:37:09","date_gmt":"2026-01-12T05:37:09","guid":{"rendered":"https:\/\/www.europesays.com\/fr\/657671\/"},"modified":"2026-01-12T05:37:09","modified_gmt":"2026-01-12T05:37:09","slug":"star-de-lemission-affaire-conclue-sur-france-2-il-vient-denicher-vos-tresors-a-marmande","status":"publish","type":"post","link":"https:\/\/www.europesays.com\/fr\/657671\/","title":{"rendered":"Star de l&rsquo;\u00e9mission Affaire Conclue sur France 2, il vient d\u00e9nicher vos tr\u00e9sors \u00e0 Marmande"},"content":{"rendered":"<p>                    Par<br \/>\n        <strong><br \/>\n            <a href=\"https:\/\/actu.fr\/auteur\/mathieu-vich\" title=\"Consulter tous les articles de Mathieu Vich\" target=\"_blank\" rel=\"noopener\">Mathieu Vich<\/a><br \/>\n                    <\/strong><\/p>\n<p>        Publi\u00e9 le<\/p>\n<p>            11 janv. 2026 \u00e0 19h00        <\/p>\n<p><a href=\"https:\/\/actu.fr\/nouvelle-aquitaine\/marmande_47157\/cette-star-de-lemission-affaire-conclue-sur-france-2-vient-estimer-vos-objets-de-valeur-a-marmande_62250169.html\" target=\"_blank\" rel=\"noopener\">L\u2019Expertibus <\/a>fait son retour \u00e0 la plaine de la Filhole \u00e0 Marmande ce lundi 12 janvier 2026 ! Le commissaire-priseur <b>Marc Labarbe<\/b>, star de l\u2019\u00e9mission\u00a0<b>Affaire Conclue<\/b> sur France 2, et son fils Julien Labarbe reviennent en <a href=\"https:\/\/actu.fr\/le-republicain-lot-et-garonne\/\" target=\"_blank\" rel=\"noopener\">Lot-et-Garonne<\/a>, un an apr\u00e8s leur passage remarqu\u00e9 \u00e0 Agen et dans la cit\u00e9 de la tomate. \u00ab\u00a0Nous avions battu des <b>records de fr\u00e9quentation<\/b>\u00ab\u00a0, se souviennent-ils. En ce d\u00e9but de semaine, le duo p\u00e8re-fils est de retour pour estimer et pourquoi pas acheter vos objets de valeur.<\/p>\n<p>D\u00e9j\u00e0 la 4e ann\u00e9e de l\u2019Expertibus<\/p>\n<p class=\" wall-content\">Marc Labarbe a lanc\u00e9 ce <b>concept <\/b>il y a d\u00e9j\u00e0 4 ans. \u00ab\u00a0J\u2019ai \u00e9t\u00e9 le premier \u00e0 lancer en France. Et je suis toujours le seul\u00a0\u00bb, nous confiait-il l\u2019an dernier.<\/p>\n<p class=\" wall-content\">Son but ? <b>Venir d\u00e9nicher vos tr\u00e9sors<\/b>, \u00e0 domicile !<\/p>\n<blockquote class=\"ac-article-quote wall-content\">\n<p>Nous faisons cela avec mon fils Julien car nous aimons les gens. Nous venons aider les gens. Il y a\u00a0de plus en plus de cambriolages et ces personnes ont peur. Elles ont aussi envie de savoir ce que vaut leur objet. Il y a souvent de bonnes surprises. Donc on l\u2019estime, et ensuite, le d\u00e9tenteur de l\u2019objet peut le vendre sur place.<\/p>\n<p>Marc Labarbe<\/p><\/blockquote>\n<p class=\" wall-content\">Il y a quelques mois, cette op\u00e9ration a permis de d\u00e9celer des peintures chinoises d\u2019une valeur de\u00a0240 000 \u20ac. L\u2019an dernier, 105 visiteurs sont venus faire expertiser leurs objets au Passage-d\u2019Agen, puis <b>pr\u00e8s d\u2019une centaine \u00e0 Marmande<\/b>.<\/p>\n<p class=\" wall-content\">Battront-ils de nouveaux <a href=\"https:\/\/actu.fr\/nouvelle-aquitaine\/antagnac_47010\/avec-son-tournesol-geant-en-lot-et-garonne-un-jeune-garcon-est-proche-de-battre-le-record-de-france_63103608.html\" target=\"_blank\" rel=\"noopener\">records <\/a>ce lundi ?<\/p>\n<p class=\" wall-content\">Personnalisez votre actualit\u00e9 en ajoutant vos villes et m\u00e9dias en favori avec <a href=\"https:\/\/moncompte.actu.fr\" title=\"D\u00e9couvez Mon Actu\" rel=\"nofollow noopener\" data-trk=\"{&quot;cta&quot;:{&quot;action&quot;:&quot;https:\\\/\\\/moncompte.actu.fr&quot;,&quot;category&quot;:&quot;mon compte&quot;,&quot;from&quot;:&quot;article footer&quot;,&quot;name&quot;:&quot;Mon actu&quot;,&quot;type&quot;:&quot;cta&quot;}}\" target=\"_blank\">Mon Actu<\/a>.<\/p>\n","protected":false},"excerpt":{"rendered":"Par Mathieu Vich Publi\u00e9 le 11 janv. 2026 \u00e0 19h00 L\u2019Expertibus fait son retour \u00e0 la plaine de&hellip;\n","protected":false},"author":2,"featured_media":657672,"comment_status":"","ping_status":"","sticky":false,"template":"","format":"standard","meta":{"footnotes":""},"categories":[2816],"tags":[1111,11,1777,674,1011,27,12,2680,25,104,2312],"class_list":{"0":"post-657671","1":"post","2":"type-post","3":"status-publish","4":"format-standard","5":"has-post-thumbnail","7":"category-toulouse","8":"tag-actu","9":"tag-actualites","10":"tag-eu","11":"tag-europe","12":"tag-fr","13":"tag-france","14":"tag-news","15":"tag-occitanie","16":"tag-republique-francaise","17":"tag-societe","18":"tag-toulouse"},"share_on_mastodon":{"url":"https:\/\/pubeurope.com\/@fr\/115880515687627918","error":""},"_links":{"self":[{"href":"https:\/\/www.europesays.com\/fr\/wp-json\/wp\/v2\/posts\/657671","targetHints":{"allow":["GET"]}}],"collection":[{"href":"https:\/\/www.europesays.com\/fr\/wp-json\/wp\/v2\/posts"}],"about":[{"href":"https:\/\/www.europesays.com\/fr\/wp-json\/wp\/v2\/types\/post"}],"author":[{"embeddable":true,"href":"https:\/\/www.europesays.com\/fr\/wp-json\/wp\/v2\/users\/2"}],"replies":[{"embeddable":true,"href":"https:\/\/www.europesays.com\/fr\/wp-json\/wp\/v2\/comments?post=657671"}],"version-history":[{"count":0,"href":"https:\/\/www.europesays.com\/fr\/wp-json\/wp\/v2\/posts\/657671\/revisions"}],"wp:featuredmedia":[{"embeddable":true,"href":"https:\/\/www.europesays.com\/fr\/wp-json\/wp\/v2\/media\/657672"}],"wp:attachment":[{"href":"https:\/\/www.europesays.com\/fr\/wp-json\/wp\/v2\/media?parent=657671"}],"wp:term":[{"taxonomy":"category","embeddable":true,"href":"https:\/\/www.europesays.com\/fr\/wp-json\/wp\/v2\/categories?post=657671"},{"taxonomy":"post_tag","embeddable":true,"href":"https:\/\/www.europesays.com\/fr\/wp-json\/wp\/v2\/tags?post=657671"}],"curies":[{"name":"wp","href":"https:\/\/api.w.org\/{rel}","templated":true}]}}