{"id":657683,"date":"2026-01-12T05:44:38","date_gmt":"2026-01-12T05:44:38","guid":{"rendered":"https:\/\/www.europesays.com\/fr\/657683\/"},"modified":"2026-01-12T05:44:38","modified_gmt":"2026-01-12T05:44:38","slug":"coupe-de-france-lyon-elimine-lille-avec-un-show-dendrick","status":"publish","type":"post","link":"https:\/\/www.europesays.com\/fr\/657683\/","title":{"rendered":"Coupe de France: Lyon \u00e9limine Lille avec un show d&rsquo;Endrick"},"content":{"rendered":"<p class=\"mb-4 text-lg md:leading-8 break-words\">Port\u00e9 par son jeune br\u00e9silien Endrick, inarr\u00eatable pour sa premi\u00e8re, Lyon a \u00e9limin\u00e9 Lille (2-1) de la Coupe de France pour rallier les huiti\u00e8mes, dimanche soir au Stade Pierre-Mauroy.<\/p>\n<p class=\"mb-4 text-lg md:leading-8 break-words\">Comme en 2023 et en 2024 en huiti\u00e8mes de finale, l&rsquo;OL a sorti le Losc de la comp\u00e9tition, dans le froid de l&rsquo;enceinte de la banlieue lilloise, au toit ferm\u00e9 pour l&rsquo;occasion et m\u00eame pas remplie de moiti\u00e9 (quelque 20.000 spectateurs) malgr\u00e9 le prestige de cette affiche.<\/p>\n<p class=\"mb-4 text-lg md:leading-8 break-words\">Le club rhodanien doit en grande partie ce succ\u00e8s \u00e0 sa derni\u00e8re recrue, Endrick, principale attraction du mercato hivernal en France, qui a pris la lumi\u00e8re pour sa premi\u00e8re.<\/p>\n<p class=\"mb-4 text-lg md:leading-8 break-words\">Pr\u00eat\u00e9 par le Real Madrid, l&rsquo;attaquant de 19 ans, positionn\u00e9 \u00e0 droite du onze concoct\u00e9 par Paulo Fonseca, ancien de la maison lilloise, a tent\u00e9 pas moins de six frappes, apportant constamment le danger dans la d\u00e9fense nordiste.<\/p>\n<p class=\"mb-4 text-lg md:leading-8 break-words\">D\u00e8s la cinqui\u00e8me minute, l&rsquo;international br\u00e9silien a failli tromper Arnaud Bodart d&rsquo;une frappe lourde et flottante, que le portier lillois a difficilement d\u00e9tourn\u00e9e sur son poteau droit.<\/p>\n<p class=\"mb-4 text-lg md:leading-8 break-words\">Apr\u00e8s plusieurs autres tentatives infructueuses, l&rsquo;une d&rsquo;entre elles obligeant Bodart \u00e0 un nouvel arr\u00eat (14e), le gaucher de 1,73 m\u00e8tre a trouv\u00e9 la faille en reprenant un centre d\u00e9licieusement d\u00e9vi\u00e9 par Corentin Tolisso (43e).<\/p>\n<p class=\"mb-4 text-lg md:leading-8 break-words\">&#8211; La bourde de Bodart &#8211;<\/p>\n<p class=\"mb-4 text-lg md:leading-8 break-words\">En confiance, le virevoltant br\u00e9silien s&rsquo;est permis quelques chevauch\u00e9es de classe, comme celle qui lui a permis d&rsquo;\u00e9liminer deux Lillois gr\u00e2ce \u00e0 sa vitesse, puis d&rsquo;obtenir une faute en dribblant Thomas Meunier alors qu&rsquo;il faisait face \u00e0 cinq adversaires (50e).<\/p>\n<p class=\"mb-4 text-lg md:leading-8 break-words\">A l&rsquo;inverse, Lille est plut\u00f4t en r\u00e9gression par rapport \u00e0 sa fin d&rsquo;ann\u00e9e 2025. Apr\u00e8s le craquage de ses dirigeants en coulisse, et de ses ultras en tribune, la semaine derni\u00e8re lors de la d\u00e9faite contre Rennes (2-0) en Ligue 1, les Dogues ont une nouvelle fois failli en d\u00e9fense et manqu\u00e9, globalement, leur prestation.<\/p>\n<p class=\"mb-4 text-lg md:leading-8 break-words\">Ils se sont sabord\u00e9s d\u00e8s la 46e seconde en conc\u00e9dant un but apr\u00e8s une b\u00e9vue de Bodart, pas aid\u00e9 par son d\u00e9fenseur central Nathan Ngoy. Le gardien N.2 du club nordiste avait d\u00e9j\u00e0 \u00e9t\u00e9 fautif \u00e0 Nice en championnat, pr\u00e9cipitant la d\u00e9faite des siens.<\/p>\n<p class=\"mb-4 text-lg md:leading-8 break-words\">Quand ce n&rsquo;est pas le portier de 27 ans, c&rsquo;est un autre Lillois, trop souvent, qui co\u00fbte des buts, et, in\u00e9vitablement, des points au Losc, ou, cette fois, une \u00e9limination pr\u00e9matur\u00e9e de la Coupe de France.<\/p>\n<p class=\"mb-4 text-lg md:leading-8 break-words\">&#8211; Le Losc inqui\u00e8te &#8211;<\/p>\n<p class=\"mb-4 text-lg md:leading-8 break-words\">Les joueurs de Bruno Genesio se sont pourtant r\u00e9volt\u00e9s avant le but d&rsquo;Endrick, \u00e9galisant gr\u00e2ce \u00e0 Ngoy, habilement servi par Hakon Haraldsson dans la surface lyonnaise (28e).<\/p>\n<p class=\"mb-4 text-lg md:leading-8 break-words\">Mais ce but n&rsquo;a fait que masquer l&rsquo;inefficacit\u00e9 de la pression exerc\u00e9e par les Lillois, leur milieu de terrain qui a parfois ressembl\u00e9 \u00e0 un d\u00e9sert, leur manque d&rsquo;engagement global dans les duels et les prestations trop ternes de F\u00e9lix Correia, Haraldsson, Matias Fernandez-Pardo et Olivier Giroud, entre autres.<\/p>\n<p class=\"mb-4 text-lg md:leading-8 break-words\">Le meilleur buteur de l&rsquo;histoire de l&rsquo;\u00e9quipe de France (57 buts en 137 s\u00e9lections) a \u00e9t\u00e9 trop court \u00e0 deux reprises lorsqu&rsquo;il a fallu reprendre des bons centres de Thomas Meunier, en premi\u00e8re p\u00e9riode, puis Romain Perraud (63e).<\/p>\n<p class=\"mb-4 text-lg md:leading-8 break-words\">Les Nordistes, d\u00e9j\u00e0 face \u00e0 une p\u00e9nurie de d\u00e9fenseurs centraux (Alexsandro est suspendu, Chancel Mbemba et A\u00efssa Mandi disputaient jusqu&rsquo;\u00e0 tr\u00e8s r\u00e9cemment la Coupe d&rsquo;Afrique des nations) ont en plus d\u00fb jouer une demi-heure sans leur capitaine Benjamin Andr\u00e9, sorti bless\u00e9 \u00e0 l&rsquo;heure de jeu.<\/p>\n<p class=\"mb-4 text-lg md:leading-8 break-words\">Ils ont toutefois failli \u00e9galiser d&rsquo;une frappe lointaine et puissante de Tiago Santos qui a secou\u00e9 le poteau droit lyonnais en fin de rencontre (88e). En vain. Lille commence bien mal 2026, au contraire de Lyon, vainqueur de ses quatre derniers matchs.<\/p>\n<p class=\"mb-4 text-lg md:leading-8 break-words\">rbo\/dar<\/p>\n","protected":false},"excerpt":{"rendered":"Port\u00e9 par son jeune br\u00e9silien Endrick, inarr\u00eatable pour sa premi\u00e8re, Lyon a \u00e9limin\u00e9 Lille (2-1) de la Coupe&hellip;\n","protected":false},"author":2,"featured_media":657684,"comment_status":"","ping_status":"","sticky":false,"template":"","format":"standard","meta":{"footnotes":""},"categories":[1889],"tags":[1111,11,35864,2430,54698,4680,83,64783,1777,674,1011,27,4681,1307,2267,2428,44722,60910,12,5959,3278,584,25,49026,4676,54697],"class_list":{"0":"post-657683","1":"post","2":"type-post","3":"status-publish","4":"format-standard","5":"has-post-thumbnail","7":"category-lyon","8":"tag-actu","9":"tag-actualites","10":"tag-arnaud-bodart","11":"tag-auvergne-rhone-alpes","12":"tag-chancel-mbemba","13":"tag-corentin-tolisso","14":"tag-coupe-de-france","15":"tag-endrick","16":"tag-eu","17":"tag-europe","18":"tag-fr","19":"tag-france","20":"tag-haraldsson","21":"tag-lille","22":"tag-losc","23":"tag-lyon","24":"tag-milieu-de-terrain","25":"tag-nathan-ngoy","26":"tag-news","27":"tag-olivier-giroud","28":"tag-paulo-fonseca","29":"tag-rennes","30":"tag-republique-francaise","31":"tag-romain-perraud","32":"tag-thomas-meunier","33":"tag-tiago-santos"},"share_on_mastodon":{"url":"https:\/\/pubeurope.com\/@fr\/115880543057366249","error":""},"_links":{"self":[{"href":"https:\/\/www.europesays.com\/fr\/wp-json\/wp\/v2\/posts\/657683","targetHints":{"allow":["GET"]}}],"collection":[{"href":"https:\/\/www.europesays.com\/fr\/wp-json\/wp\/v2\/posts"}],"about":[{"href":"https:\/\/www.europesays.com\/fr\/wp-json\/wp\/v2\/types\/post"}],"author":[{"embeddable":true,"href":"https:\/\/www.europesays.com\/fr\/wp-json\/wp\/v2\/users\/2"}],"replies":[{"embeddable":true,"href":"https:\/\/www.europesays.com\/fr\/wp-json\/wp\/v2\/comments?post=657683"}],"version-history":[{"count":0,"href":"https:\/\/www.europesays.com\/fr\/wp-json\/wp\/v2\/posts\/657683\/revisions"}],"wp:featuredmedia":[{"embeddable":true,"href":"https:\/\/www.europesays.com\/fr\/wp-json\/wp\/v2\/media\/657684"}],"wp:attachment":[{"href":"https:\/\/www.europesays.com\/fr\/wp-json\/wp\/v2\/media?parent=657683"}],"wp:term":[{"taxonomy":"category","embeddable":true,"href":"https:\/\/www.europesays.com\/fr\/wp-json\/wp\/v2\/categories?post=657683"},{"taxonomy":"post_tag","embeddable":true,"href":"https:\/\/www.europesays.com\/fr\/wp-json\/wp\/v2\/tags?post=657683"}],"curies":[{"name":"wp","href":"https:\/\/api.w.org\/{rel}","templated":true}]}}