{"id":657687,"date":"2026-01-12T05:48:13","date_gmt":"2026-01-12T05:48:13","guid":{"rendered":"https:\/\/www.europesays.com\/fr\/657687\/"},"modified":"2026-01-12T05:48:13","modified_gmt":"2026-01-12T05:48:13","slug":"cette-nouvelle-salle-descalade-est-la-premiere-de-paris-a-proposer-les-trois-disciplines-olympiques","status":"publish","type":"post","link":"https:\/\/www.europesays.com\/fr\/657687\/","title":{"rendered":"Cette nouvelle salle d&rsquo;escalade est la premi\u00e8re de Paris \u00e0 proposer les trois disciplines olympiques"},"content":{"rendered":"<p>                    Par<br \/>\n        <strong><br \/>\n            <a href=\"https:\/\/actu.fr\/auteur\/glenn-gillet\" title=\"Consulter tous les articles de Glenn Gillet\" target=\"_blank\" rel=\"noopener\">Glenn Gillet<\/a><br \/>\n                    <\/strong><\/p>\n<p>        Publi\u00e9 le<\/p>\n<p>            12 janv. 2026 \u00e0 6h04        <\/p>\n<p>C\u2019est in\u00e9dit \u00e0 Paris. Pour la premi\u00e8re fois, une <a href=\"https:\/\/actu.fr\/ile-de-france\/paris_75056\/climbing-bitches-ensemble-elles-comptent-bien-se-faire-une-place-dans-le-milieu-de-lescalade_61669985.html\" target=\"_blank\" rel=\"noopener\">salle d\u2019escalade<\/a> accessible \u00e0 tous et regroupant les <strong>trois disciplines olympiques (bloc, difficult\u00e9 et vitesse)<\/strong> s\u2019implante dans la capitale. Direction le 19e arrondissement pour d\u00e9couvrir <a href=\"https:\/\/www.ffme.fr\/ouverture-de-karma-la-villette-le-8-janvier\/\" target=\"_blank\" rel=\"noopener\">Karma La Villette<\/a>, infrastructure install\u00e9e dans le <a href=\"https:\/\/actu.fr\/ile-de-france\/paris_75056\/grandiose-100-chalets-a-paris-la-metamorphose-du-marche-de-noel-de-la-villette-epate-les-visiteurs_63507680.html\" target=\"_blank\" rel=\"noopener\">parc \u00e9ponyme<\/a> dans un b\u00e2timent qui accueillait jusqu\u2019en 2011 le cin\u00e9ma dynamique futuriste Cinaxe. L\u2019ouverture au public de ce lieu de <strong>1\u2009000 m\u00b2<\/strong> n\u00e9 d\u2019une initiative de la F\u00e9d\u00e9ration fran\u00e7aise de montagne et d\u2019escalade (FFME) a eu lieu jeudi 8\u00a0janvier 2026.<\/p>\n<p>Murs de 14\u00a0m\u00e8tres de haut, 70 lignes d\u2019assurage\u2026<\/p>\n<p class=\" wall-content\">C\u2019est Lucas Brondy, ing\u00e9nieur et chef de projet \u00e9quipement de Karma La Villette, qui nous fait visiter. \u00c0 l\u2019int\u00e9rieur de l\u2019\u00e9difice enti\u00e8rement r\u00e9nov\u00e9 et qui donne sur une grande terrasse en bordure du canal Saint-Denis, on retrouve une grande salle principale avec des murs d\u2019escalade culminant \u00e0 14\u00a0m\u00e8tres de haut et \u00e9quip\u00e9s de 70 lignes d\u2019assurage.<\/p>\n<p class=\" wall-content\">La plupart sont d\u00e9di\u00e9s \u00e0 la pratique de la \u00ab\u2009difficult\u00e9\u2009\u00bb, aussi appel\u00e9e \u00ab\u2009voie\u2009\u00bb par les pratiquants\u2009: accroch\u00e9 \u00e0 une corde et assur\u00e9 par une autre personne ou par un enrouleur automatique, le grimpeur progresse peu \u00e0 peu, souvent en s\u2019y reprenant plusieurs fois. Au dernier \u00e9tage\u2009: <strong>45\u00a0m\u00e8tres lin\u00e9aires de \u00ab\u2009bloc\u2009\u00bb<\/strong>, o\u00f9 on encha\u00eene les voies de plus en plus complexes \u00e0 faible hauteur.<\/p>\n<p class=\" wall-content\">On retrouve aussi des murs de \u00ab\u2009vitesse\u2009\u00bb\u2009: souvent deux voies identiques o\u00f9 le but est d\u2019arriver le plus vite en haut. \u00ab\u2009On a tous en t\u00eate les images des JO et justement les gens vont pouvoir tester et voir que les athl\u00e8tes ne sont pas tract\u00e9s par la corde pour arriver jusqu\u2019en haut\u2009\u00bb, s\u2019amuse Lucas Brondy.<\/p>\n<p>\u00ab\u2009C\u2019est vraiment bien d\u2019avoir une salle comme \u00e7a dans Paris\u2009\u00bb<\/p>\n<p class=\" wall-content\">Avec leur fils Elyott, Sara et Ludovic sont venus de Montfort-l\u2019Amaury (Yvelines) pour d\u00e9couvrir Karma ce dimanche. Amatrice de grimpe \u00ab\u2009depuis plus de quatre ans\u2009\u00bb, la famille est ravie de pouvoir tester \u00ab\u2009des prises neuves\u2009\u00bb dans cet endroit \u00ab\u2009tr\u00e8s sympa\u2009\u00bb, partage Ludovic. \u00ab\u2009Ce qu\u2019on cherche nous, c\u2019est d\u2019avoir \u00e0 la fois du bloc et de la voie donc ici \u00e7a a l\u2019air tr\u00e8s bien\u2009\u00bb, abonde Sara. \u00ab\u2009Et de la vitesse\u2009!\u2009\u00bb, ajoute Elyott, tout sourire.<\/p>\n<p class=\" wall-content\">Pour Lo\u00efc, jeune papa, c\u2019est le premier retour en salle depuis quatre mois. Pour cet habitant du quartier Marx-Dormoy habitu\u00e9 \u00e0 se rendre dans les grandes salles d\u2019Aubervilliers et Rosa-Parks, \u00ab\u2009c\u2019est vraiment bien d\u2019avoir une salle comme \u00e7a dans Paris o\u00f9 on peut faire de la voie et du bloc. <strong>\u00c7a peut devenir une vraie option r\u00e9guli\u00e8re<\/strong> pour moi\u2009\u00bb.<\/p>\n<p class=\" wall-content\">Anne Grospeillet-Quintin, directrice de la FFME, explique la f\u00e9d\u00e9ration a souhait\u00e9 investir ce lieu pour saisir \u00ab\u2009l\u2019opportunit\u00e9\u2009\u00bb d\u2019ouvrir une salle \u00e0 but commerciale \u00e0 Paris, dans le contexte de l\u2019explosion de la pratique, qui a donn\u00e9 lieu \u00e0 une multiplication des salles priv\u00e9es estampill\u00e9es Arkose, Climb Up, Climbing District ou encore Vertical Art. Il s\u2019agit de la deuxi\u00e8me salle f\u00e9d\u00e9rale d\u2019\u00cele-de-France, apr\u00e8s celle inaugur\u00e9e en 2016 \u00e0 Fontainebleau (Seine-et-Marne), terre promise des grimpeurs franciliens.<\/p>\n<p>Votre r\u00e9gion, votre actu !<\/p>\n<p>Recevez chaque jour les infos qui comptent pour vous.<\/p>\n<p>\t<a href=\"https:\/\/actu.fr\/newsletter\" class=\"ac-btn ac-btn--corner ac-btn--medium ac-btn--blue800\" target=\"_blank\" rel=\"noopener\">S&rsquo;incrire<\/a><br \/>\n3,4\u00a0millions d\u2019euros de travaux<\/p>\n<p class=\" wall-content\">L\u2019id\u00e9e reste de permettre au plus grand monde de d\u00e9couvrir les diff\u00e9rentes facettes de l\u2019escalade et le monde des clubs, qui passent par l\u2019acquisition d\u2019une licence. Des projets seront men\u00e9s avec des <strong>publics scolaires<\/strong> et dans les quartiers aux alentours dans les prochains mois.<\/p>\n<p class=\" wall-content\">Co\u00fbt total des travaux\u2009: 3,4\u00a0millions d\u2019euros, pour un chiffre d\u2019affaires estim\u00e9, en fourchette basse, \u00e0 un million d\u2019euros par mois. L\u2019int\u00e9gralit\u00e9 des recettes, issues principalement des entr\u00e9es (\u00e0 des tarifs dans la moyenne de ce qui se fait \u00e0 Paris) permet de financer le fonctionnement et les projets de la FFME, ainsi que les salaires des huit employ\u00e9s du site.<\/p>\n<p class=\" wall-content\">Interrog\u00e9 sur les <a href=\"https:\/\/actu.fr\/ile-de-france\/aubervilliers_93001\/on-sacrifie-la-securite-pour-le-fric-a-l-ombre-du-succes-de-l-escalade-a-paris-des-employes-en-souffrance_62495049.html\" target=\"_blank\" rel=\"noopener\">r\u00e9cents t\u00e9moignages de souffrance au travail<\/a> dans plusieurs r\u00e9seaux de salles d\u2019escalade, notamment \u00e0 Paris, Lucas Brondy confie \u00ab\u2009avoir v\u00e9cu\u2009\u00bb ces difficult\u00e9s en travaillant dans des r\u00e9seaux priv\u00e9s, mais estime que \u00ab\u2009comme tout endroit o\u00f9 on recherche principalement le profit, des <strong>d\u00e9rives<\/strong> peuvent s\u2019installer\u2009\u00bb.<\/p>\n<p class=\" wall-content\">Anne Grospeillet-Quintin insiste de son c\u00f4t\u00e9 sur la volont\u00e9 de la FFME de ne pas reproduire les erreurs de managements des salles priv\u00e9es. \u00ab\u2009Ici, les collaborateurs font partie du cercle plus large de la f\u00e9d\u00e9ration et pas seulement d\u2019une salle, et la philosophie est la m\u00eame pour tous\u2009: une possibilit\u00e9 d\u2019\u00e9volution professionnelle, des niveaux de r\u00e9mun\u00e9ration tr\u00e8s corrects et une application stricte du droit du travail et des conventions collectives. On veut rester attentifs\u2009\u00bb, confie la responsable.<\/p>\n<p>Infos pratiques\u2009: Karma La Villette \u2013 Quai de la Charente, 75019 Paris. Ouvert 7\u00a0jours sur 7, de 7h \u00e0 23h.<\/p>\n<p class=\" wall-content\">Personnalisez votre actualit\u00e9 en ajoutant vos villes et m\u00e9dias en favori avec <a href=\"https:\/\/moncompte.actu.fr\" title=\"D\u00e9couvez Mon Actu\" rel=\"nofollow noopener\" data-trk=\"{&quot;cta&quot;:{&quot;action&quot;:&quot;https:\\\/\\\/moncompte.actu.fr&quot;,&quot;category&quot;:&quot;mon compte&quot;,&quot;from&quot;:&quot;article footer&quot;,&quot;name&quot;:&quot;Mon actu&quot;,&quot;type&quot;:&quot;cta&quot;}}\" target=\"_blank\">Mon Actu<\/a>.<\/p>\n","protected":false},"excerpt":{"rendered":"Par Glenn Gillet Publi\u00e9 le 12 janv. 2026 \u00e0 6h04 C\u2019est in\u00e9dit \u00e0 Paris. Pour la premi\u00e8re fois,&hellip;\n","protected":false},"author":2,"featured_media":657688,"comment_status":"","ping_status":"","sticky":false,"template":"","format":"standard","meta":{"footnotes":""},"categories":[1888],"tags":[1111,1928,11,1927,18093,1777,674,1011,27,5281,12,1926,626,1925,25,517,60],"class_list":{"0":"post-657687","1":"post","2":"type-post","3":"status-publish","4":"format-standard","5":"has-post-thumbnail","7":"category-paris","8":"tag-actu","9":"tag-actu-paris","10":"tag-actualites","11":"tag-actualites-paris","12":"tag-escalade","13":"tag-eu","14":"tag-europe","15":"tag-fr","16":"tag-france","17":"tag-la-villette","18":"tag-news","19":"tag-news-paris","20":"tag-paris","21":"tag-paris-news","22":"tag-republique-francaise","23":"tag-sport","24":"tag-sports"},"share_on_mastodon":{"url":"https:\/\/pubeurope.com\/@fr\/115880558785694585","error":""},"_links":{"self":[{"href":"https:\/\/www.europesays.com\/fr\/wp-json\/wp\/v2\/posts\/657687","targetHints":{"allow":["GET"]}}],"collection":[{"href":"https:\/\/www.europesays.com\/fr\/wp-json\/wp\/v2\/posts"}],"about":[{"href":"https:\/\/www.europesays.com\/fr\/wp-json\/wp\/v2\/types\/post"}],"author":[{"embeddable":true,"href":"https:\/\/www.europesays.com\/fr\/wp-json\/wp\/v2\/users\/2"}],"replies":[{"embeddable":true,"href":"https:\/\/www.europesays.com\/fr\/wp-json\/wp\/v2\/comments?post=657687"}],"version-history":[{"count":0,"href":"https:\/\/www.europesays.com\/fr\/wp-json\/wp\/v2\/posts\/657687\/revisions"}],"wp:featuredmedia":[{"embeddable":true,"href":"https:\/\/www.europesays.com\/fr\/wp-json\/wp\/v2\/media\/657688"}],"wp:attachment":[{"href":"https:\/\/www.europesays.com\/fr\/wp-json\/wp\/v2\/media?parent=657687"}],"wp:term":[{"taxonomy":"category","embeddable":true,"href":"https:\/\/www.europesays.com\/fr\/wp-json\/wp\/v2\/categories?post=657687"},{"taxonomy":"post_tag","embeddable":true,"href":"https:\/\/www.europesays.com\/fr\/wp-json\/wp\/v2\/tags?post=657687"}],"curies":[{"name":"wp","href":"https:\/\/api.w.org\/{rel}","templated":true}]}}