{"id":657691,"date":"2026-01-12T05:50:20","date_gmt":"2026-01-12T05:50:20","guid":{"rendered":"https:\/\/www.europesays.com\/fr\/657691\/"},"modified":"2026-01-12T05:50:20","modified_gmt":"2026-01-12T05:50:20","slug":"municipales-a-colombes-lfi-se-range-derriere-le-maire-ecolo","status":"publish","type":"post","link":"https:\/\/www.europesays.com\/fr\/657691\/","title":{"rendered":"Municipales \u00e0 Colombes\u00a0: LFI se range derri\u00e8re le maire \u00e9colo"},"content":{"rendered":"<p class=\"paragraph text_align_left lp-f-body-02\">\u00c0 un peu plus de deux mois des \u00e9lections municipales, le paysage se clarifie \u00e0 gauche sur Colombes, quatri\u00e8me commune des Hauts-de-Seine avec plus de 90 000 habitants et seule \u00ab grosse \u00bb ville g\u00e9r\u00e9e par un maire \u00e9cologiste.<\/p>\n<p class=\"\">Celui-ci, Patrick Chaimovitch, a justement profit\u00e9 de l\u2019inauguration de son local de campagne ce samedi pour annoncer le ralliement de LFI \u00e0 sa liste qui regroupe d\u00e9sormais Les \u00c9cologistes, LFI, G\u00e9n\u00e9ration. S, les Motiv\u00e9s pour Colombes, la Gauche r\u00e9publicaine et socialiste ainsi que des \u00ab citoyens \u00bb.<\/p>\n<p class=\"\">C\u2019est Jordan Robichon, responsable CGT chez GRDF \u00cele-de-France, qui est le chef de file de LFI \u00e0 Colombes. L\u2019accord entre Patrick Chaimovitch et les Insoumis a \u00e9t\u00e9 conclu la premi\u00e8re semaine de janvier. \u00ab Je suis bien d\u00e9cid\u00e9 \u00e0 ramener \u00e0 Colombes une vraie gauche de rupture. Cette \u00e9lection marque la v\u00e9ritable arriv\u00e9e de LFI dans la vie politique locale \u00bb, insiste-t-il d\u2019embl\u00e9e. De fait, jusque-l\u00e0, la formation m\u00e9lenchoniste \u00e9tait plut\u00f4t discr\u00e8te dans la commune.<\/p>\n<p><img decoding=\"async\" class=\"image \" loading=\"lazy\" src=\"https:\/\/www.europesays.com\/fr\/wp-content\/uploads\/2026\/01\/PWF262UWOZA6NI6ZZRNII477PU.jpg\" alt=\"Colombes, le 10 janvier. Leader de LFI sur la ville, syndicaliste \u00e0 la CGT, Jordan Robichon a int\u00e9gr\u00e9 la liste du maire sortant \u00e9cologiste Patrick Chaimovitch.\" align=\"\" data-rubrique-principale=\"\" data-article-type=\"\" fetchpriority=\"auto\"\/>Colombes, le 10 janvier. Leader de LFI sur la ville, syndicaliste \u00e0 la CGT, Jordan Robichon a int\u00e9gr\u00e9 la liste du maire sortant \u00e9cologiste Patrick Chaimovitch.<\/p>\n<p class=\"\">Entour\u00e9 de repr\u00e9sentants de toutes les composantes de sa liste dont plusieurs adjoints sortants, Patrick Chaimovitch reconna\u00eet que \u00ab construire une liste n\u2019est jamais simple. En plus, notre \u00e9quipe sortante est divis\u00e9e\u2026 \u00bb Apr\u00e8s avoir annonc\u00e9 repartir au combat au d\u00e9but de l\u2019\u00e9t\u00e9, les derniers mois ont \u00e9t\u00e9 en partie consacr\u00e9s \u00e0 rassembler. L\u2019id\u00e9e \u00e9tait de refaire le coup de 2020, avec une liste de gauche unie derri\u00e8re lui.<\/p>\n<p>Le PC n\u00e9gocie encore<\/p>\n<p class=\"\">Combien d\u2019\u00e9cologistes, d\u2019Insoumis, de Motiv\u00e9s et d\u2019autres sur la liste ? Combien en position \u00e9ligible ? Et qui aura quelle d\u00e9l\u00e9gation en cas de victoire ? C\u2019est avec une certaine gourmandise et un sens consomm\u00e9 de la dramaturgie que le maire indique que tout sera d\u00e9voil\u00e9 le 4 f\u00e9vrier. Seule certitude, cette ann\u00e9e, pr\u00e9cise Patrick Chaimovitch, \u00ab les formations politiques auront davantage de poids dans la liste qu\u2019en 2020, o\u00f9 les citoyens en repr\u00e9sentaient la moiti\u00e9 \u00bb. Et si tout a l\u2019air en ordre, reste une inconnue : quid des communistes, pourtant bien implant\u00e9s \u00e0 Colombes ?<\/p>\n<p class=\"\">Le suspense ne devrait plus tarder \u00e0 prendre fin. Apr\u00e8s un vote interne qui s\u2019est sold\u00e9 par une courte victoire des pro-Chaimovitch, le PC devrait rejoindre la liste du maire sortant. Mais pas \u00e0 n\u2019importe quel prix. \u00ab Nous sommes encore en n\u00e9gociation sur le programme, sur notre pr\u00e9sence sur la liste, sur les futures d\u00e9l\u00e9gations et sur la fusion des listes de gauche au second tour \u00bb, glisse un cadre du PC local.<\/p>\n<p class=\"\">\u00ab Colombes doit rester \u00e0 gauche, mart\u00e8le Patrick Chaimovitch. Depuis l\u2019arriv\u00e9e d\u2019Emmanuel Macron au pouvoir, les gens en prennent plein la figure. On a besoin de politiques publiques qui ressoudent et ne laissent personne sur le bord de la route. \u00bb \u00ab Cette liste doit faire barrage \u00e0 la droite revancharde de Nicole Goueta. M\u00eame si elle n\u2019est pas \u00e0 sa t\u00eate, c\u2019est sa liste \u00bb, rench\u00e9rit Jordan Robichon.<\/p>\n<p class=\"\">Si celui-ci compte \u00ab gauchiser \u00bb la liste, il a cependant d\u00fb prendre ses distances avec certains chevaux de bataille de sa formation, comme <a href=\"https:\/\/www.leparisien.fr\/politique\/avec-sa-sortie-sur-la-police-municipale-mathilde-panot-suscite-la-polemique-06-07-2025-XEFGYT364NADNMBLWTMH4KKYIE.php\" target=\"_self\" rel=\"noopener\">le d\u00e9sarmement des polices municipales<\/a>. \u00ab \u00c0 Colombes, elle n\u2019est m\u00eal\u00e9e \u00e0 aucune affaire de violence et effectue un vrai travail de proximit\u00e9. Il ne faut pas la d\u00e9sarmer mais la renforcer \u00bb, estime le chef de file de LFI.<\/p>\n<p class=\"\">L\u2019autre absent de marque de la photo de famille de l\u2019union \u00e0 gauche n\u2019\u00e9tait autre que\u2026 le Parti socialiste. Ses militants battaient le pav\u00e9 un peu plus loin, rue Saint-Denis, tract \u00e0 la main. Mi-d\u00e9cembre,<a href=\"https:\/\/www.leparisien.fr\/hauts-de-seine-92\/colombes-sur-fond-de-precampagne-municipale-tendue-ladjoint-ps-porte-plainte-pour-harcelement-02-11-2025-KG5QZN7OBZEOBLQBGEYFZIYEDQ.php\" target=\"_self\" rel=\"noopener\"> Valentin Narbonnais,<\/a> adjoint \u00e0 la jeunesse, est entr\u00e9 en campagne. Lui aussi revendique une liste d\u2019union avec le PRG, G\u00e9n\u00e9ration \u00c9cologie, Place publique et le groupe Colombes notre force. Rien que le nom de sa liste sonne comme un pied de nez adress\u00e9 au maire sortant : \u00ab Colombes en mieux \u00bb.<\/p>\n<p>\u00ab On s\u2019est sentis trahis\u2026 \u00bb<\/p>\n<p class=\"\">\u00ab En 2020, le maire avait promis de ne faire qu\u2019un mandat, il l\u2019avait annonc\u00e9 \u00e0 tout le monde et <a href=\"https:\/\/www.leparisien.fr\/elections\/municipales\/aux-municipales-le-maire-de-colombes-candidat-a-sa-succession-je-nai-vu-personne-pour-prendre-le-relais-01-07-2025-MZROS6EUDZH3TGMVY7D3G2XKGE.php\" target=\"_self\" rel=\"noopener\">en juillet, il est revenu sur sa parole<\/a>. Alors oui, on s\u2019est sentis trahis \u00bb, fulmine le trentenaire. Ajoutez \u00e0 cela des divergences sur plusieurs sujets comme, dit-il, \u00ab l\u2019\u00e9thique et la probit\u00e9 \u00bb, la gouvernance, la gestion du personnel ou encore l\u2019am\u00e9nagement du territoire, et la rupture \u00e9tait consomm\u00e9e.<\/p>\n<p><img decoding=\"async\" class=\"image \" loading=\"lazy\" src=\"https:\/\/www.europesays.com\/fr\/wp-content\/uploads\/2026\/01\/A45A6KFG6NFDFNJ7LM7G676JJI.jpg\" alt=\"Colombes, le 10 janvier. Valentin Narbonnais est le candidat du PS et d'autres formations de gauche, face \u00e0 l'\u00e9quipe du maire \u00e9cologiste sortant.\" align=\"\" data-rubrique-principale=\"\" data-article-type=\"\" fetchpriority=\"auto\"\/>Colombes, le 10 janvier. Valentin Narbonnais est le candidat du PS et d&rsquo;autres formations de gauche, face \u00e0 l&rsquo;\u00e9quipe du maire \u00e9cologiste sortant.<\/p>\n<p class=\"\">Un \u00ab appel \u00bb \u00e0 sa candidature lanc\u00e9 en juin par l\u2019association Colombes notre force a fini de le convaincre de sauter le pas avec, lui aussi, une partie des adjoints au maire de la majorit\u00e9 sortante. \u00ab J\u2019assume notre bilan. J\u2019ai \u00e9t\u00e9 un adjoint loyal et exigeant mais aujourd\u2019hui, Patrick Chaimovitch fait de la politique politicienne, gronde-t-il. En plus, LFI refuse toute coalition avec le PS. Notre rassemblement est peut-\u00eatre imparfait mais il est le plus large. \u00bb<\/p>\n<p class=\"\">Ce samedi, un p\u00e9rim\u00e8tre de quelques centaines de m\u00e8tres carr\u00e9s concentrait non seulement les QG de campagne des principaux candidats, mais aussi d\u2019infatigables et d\u00e9vou\u00e9s militants de tous bords. Entre militants de clans diff\u00e9rents, on se salue, on discute, on plaisante\u2026 Si la gauche aligne pour l\u2019instant deux t\u00eates de liste, la droite et le centre, hors RN, n\u2019en sont pas moins divis\u00e9s avec actuellement quatre candidats.<\/p>\n","protected":false},"excerpt":{"rendered":"\u00c0 un peu plus de deux mois des \u00e9lections municipales, le paysage se clarifie \u00e0 gauche sur Colombes,&hellip;\n","protected":false},"author":2,"featured_media":657692,"comment_status":"","ping_status":"","sticky":false,"template":"","format":"standard","meta":{"footnotes":""},"categories":[1888],"tags":[11,5949,1777,674,1011,27,3554,12,626,316,25],"class_list":{"0":"post-657691","1":"post","2":"type-post","3":"status-publish","4":"format-standard","5":"has-post-thumbnail","7":"category-paris","8":"tag-actualites","9":"tag-elections","10":"tag-eu","11":"tag-europe","12":"tag-fr","13":"tag-france","14":"tag-municipales","15":"tag-news","16":"tag-paris","17":"tag-politique","18":"tag-republique-francaise"},"share_on_mastodon":{"url":"https:\/\/pubeurope.com\/@fr\/115880566923909967","error":""},"_links":{"self":[{"href":"https:\/\/www.europesays.com\/fr\/wp-json\/wp\/v2\/posts\/657691","targetHints":{"allow":["GET"]}}],"collection":[{"href":"https:\/\/www.europesays.com\/fr\/wp-json\/wp\/v2\/posts"}],"about":[{"href":"https:\/\/www.europesays.com\/fr\/wp-json\/wp\/v2\/types\/post"}],"author":[{"embeddable":true,"href":"https:\/\/www.europesays.com\/fr\/wp-json\/wp\/v2\/users\/2"}],"replies":[{"embeddable":true,"href":"https:\/\/www.europesays.com\/fr\/wp-json\/wp\/v2\/comments?post=657691"}],"version-history":[{"count":0,"href":"https:\/\/www.europesays.com\/fr\/wp-json\/wp\/v2\/posts\/657691\/revisions"}],"wp:featuredmedia":[{"embeddable":true,"href":"https:\/\/www.europesays.com\/fr\/wp-json\/wp\/v2\/media\/657692"}],"wp:attachment":[{"href":"https:\/\/www.europesays.com\/fr\/wp-json\/wp\/v2\/media?parent=657691"}],"wp:term":[{"taxonomy":"category","embeddable":true,"href":"https:\/\/www.europesays.com\/fr\/wp-json\/wp\/v2\/categories?post=657691"},{"taxonomy":"post_tag","embeddable":true,"href":"https:\/\/www.europesays.com\/fr\/wp-json\/wp\/v2\/tags?post=657691"}],"curies":[{"name":"wp","href":"https:\/\/api.w.org\/{rel}","templated":true}]}}