{"id":657695,"date":"2026-01-12T05:52:10","date_gmt":"2026-01-12T05:52:10","guid":{"rendered":"https:\/\/www.europesays.com\/fr\/657695\/"},"modified":"2026-01-12T05:52:10","modified_gmt":"2026-01-12T05:52:10","slug":"en-direct-guerre-en-ukraine-le-conseil-de-securite-de-lonu-se-reunit-apres-des-frappes-russes-massives","status":"publish","type":"post","link":"https:\/\/www.europesays.com\/fr\/657695\/","title":{"rendered":"En direct, guerre en Ukraine \u2013 Le Conseil de s\u00e9curit\u00e9 de l\u2019ONU se r\u00e9unit apr\u00e8s des frappes russes massives"},"content":{"rendered":"<p>      L&rsquo;essentiel<\/p>\n<p><strong>Attaques.<\/strong> Des frappes russes massives ont fait vendredi au moins quatre morts et priv\u00e9 de chauffage 6000 immeubles r\u00e9sidentiels de Kiev, soit la moiti\u00e9 de ceux de la ville, poussant le maire, Vitaly Klitschko, \u00e0 appeler la population \u00e0 \u00e9vacuer \u00abtemporairement\u00bb. Le maire a affirm\u00e9 dimanche matin que plus de 1000 immeubles restaient sans chauffage et que l&rsquo;approvisionnement en \u00e9nergie demeurait dans la capitale \u00abtr\u00e8s difficile\u00bb.<\/p>\n<p><strong>Reunion.<\/strong> Le Conseil de s\u00e9curit\u00e9 de l&rsquo;ONU se r\u00e9unira lundi \u00e0 la demande de l&rsquo;Ukraine \u00e0 la suite de ces frappes et du recours par Moscou \u00e0 son missile balistique de derni\u00e8re g\u00e9n\u00e9ration Orechnik.<\/p>\n<p><strong>Temporalit\u00e9.<\/strong> La journ\u00e9e de dimanche marque le 1418e jour de combats depuis le d\u00e9but de l&rsquo;invasion \u00e0 grande \u00e9chelle de l&rsquo;Ukraine, le 24 f\u00e9vrier 2022. Une dur\u00e9e symbolique: le conflit a d\u00e9sormais \u00e9gal\u00e9 celle de la guerre entre l&rsquo;URSS et l&rsquo;Allemagne nazie, qui s&rsquo;\u00e9tait \u00e9tendue de 1941 \u00e0 1945.<\/p>\n","protected":false},"excerpt":{"rendered":"L&rsquo;essentiel Attaques. Des frappes russes massives ont fait vendredi au moins quatre morts et priv\u00e9 de chauffage 6000&hellip;\n","protected":false},"author":2,"featured_media":657696,"comment_status":"","ping_status":"","sticky":false,"template":"","format":"standard","meta":{"footnotes":""},"categories":[1591],"tags":[11,674,1887,4438,12,1885,1886,132,220],"class_list":{"0":"post-657695","1":"post","2":"type-post","3":"status-publish","4":"format-standard","5":"has-post-thumbnail","7":"category-russie","8":"tag-actualites","9":"tag-europe","10":"tag-federation-de-russie","11":"tag-free","12":"tag-news","13":"tag-russia","14":"tag-russian-federation","15":"tag-russie","16":"tag-ukraine"},"share_on_mastodon":{"url":"https:\/\/pubeurope.com\/@fr\/115880574710874952","error":""},"_links":{"self":[{"href":"https:\/\/www.europesays.com\/fr\/wp-json\/wp\/v2\/posts\/657695","targetHints":{"allow":["GET"]}}],"collection":[{"href":"https:\/\/www.europesays.com\/fr\/wp-json\/wp\/v2\/posts"}],"about":[{"href":"https:\/\/www.europesays.com\/fr\/wp-json\/wp\/v2\/types\/post"}],"author":[{"embeddable":true,"href":"https:\/\/www.europesays.com\/fr\/wp-json\/wp\/v2\/users\/2"}],"replies":[{"embeddable":true,"href":"https:\/\/www.europesays.com\/fr\/wp-json\/wp\/v2\/comments?post=657695"}],"version-history":[{"count":0,"href":"https:\/\/www.europesays.com\/fr\/wp-json\/wp\/v2\/posts\/657695\/revisions"}],"wp:featuredmedia":[{"embeddable":true,"href":"https:\/\/www.europesays.com\/fr\/wp-json\/wp\/v2\/media\/657696"}],"wp:attachment":[{"href":"https:\/\/www.europesays.com\/fr\/wp-json\/wp\/v2\/media?parent=657695"}],"wp:term":[{"taxonomy":"category","embeddable":true,"href":"https:\/\/www.europesays.com\/fr\/wp-json\/wp\/v2\/categories?post=657695"},{"taxonomy":"post_tag","embeddable":true,"href":"https:\/\/www.europesays.com\/fr\/wp-json\/wp\/v2\/tags?post=657695"}],"curies":[{"name":"wp","href":"https:\/\/api.w.org\/{rel}","templated":true}]}}