{"id":657701,"date":"2026-01-12T05:55:10","date_gmt":"2026-01-12T05:55:10","guid":{"rendered":"https:\/\/www.europesays.com\/fr\/657701\/"},"modified":"2026-01-12T05:55:10","modified_gmt":"2026-01-12T05:55:10","slug":"quand-lantiracisme-permet-a-un-violeur-en-serie-dintegrer-la-police","status":"publish","type":"post","link":"https:\/\/www.europesays.com\/fr\/657701\/","title":{"rendered":"quand l&rsquo;antiracisme permet \u00e0 un violeur en s\u00e9rie d&rsquo;int\u00e9grer la police"},"content":{"rendered":"<p>Au Royaume-Uni, les d\u00e9g\u00e2ts de l\u2019antiracisme ne s\u2019arr\u00eatent malheureusement pas aux victimes du scandale le plus dramatique de ces derni\u00e8res d\u00e9cennies, celui des <a href=\"https:\/\/www.breizh-info.com\/2025\/10\/24\/252800\/royaume-uni-lenquete-nationale-sur-les-grooming-gangs-senlise-colere-des-victimes-et-crise-politique-autour-de-keir-starmer\/\" target=\"_blank\" rel=\"noopener\">grooming gangs<\/a> pakistanais. Cette fois, le scandale provient des rangs m\u00eame des forces de l\u2019ordre : un \u00ab\u00a0comit\u00e9 de la diversit\u00e9\u00a0\u00bb a permis \u00e0 Cliff Michell, un homme d\u00e9j\u00e0 accus\u00e9 de viol sur mineur, d\u2019int\u00e9grer la police m\u00e9tropolitaine du Grand Londres. L\u2019ancien officier a \u00e9t\u00e9 condamn\u00e9 \u00e0 une peine de prison \u00e0 perp\u00e9tuit\u00e9 pour une s\u00e9rie de viols, dont trois sur mineur de moins de 13 ans.<\/p>\n<p dir=\"auto\">Alors que le scandale relatif aux embauches dans la police m\u00e9tropolitaine sans v\u00e9rification pr\u00e9alable des ant\u00e9c\u00e9dents judiciaires a r\u00e9cemment \u00e9clat\u00e9 au Royaume-Uni, un cas particulier a refait surface dans l\u2019actualit\u00e9 : celui de <a href=\"https:\/\/www.telegraph.co.uk\/news\/2026\/01\/08\/met-hired-child-rape-suspect-to-boost-diversity\/\" target=\"_blank\" rel=\"noopener\">Cliff Mitchell<\/a>.<\/p>\n<p dir=\"auto\">Selon\u00a0<a href=\"https:\/\/www.telegraph.co.uk\/news\/2026\/01\/08\/met-hired-child-rape-suspect-to-boost-diversity\/\" target=\"_blank\" rel=\"noopener\">The Telegraph<\/a>, les d\u00e9tails des erreurs de contr\u00f4le ont \u00e9t\u00e9 r\u00e9v\u00e9l\u00e9s par une \u00e9tude command\u00e9e par la police m\u00e9tropolitaine \u00e0 la suite d\u2019une s\u00e9rie de scandales impliquant des officiers en service. On y apprend que Cliff Mitchell avait \u00e9t\u00e9 autoris\u00e9 \u00e0 rejoindre la police en 2020,<strong> apr\u00e8s qu\u2019un \u00ab\u00a0comit\u00e9 pour la diversit\u00e9\u00a0\u00bb ait renvers\u00e9 une d\u00e9cision pr\u00e9c\u00e9dente qui avait exclu sa candidature pour une accusation de viol sur enfant<\/strong>. Ses ant\u00e9c\u00e9dents \u00e9taient d\u00e9j\u00e0 connus lorsqu\u2019il a pu int\u00e9grer les forces de l\u2019ordre, mais ils ont \u00e9t\u00e9 volontairement ignor\u00e9s au nom de l\u2019antiracisme.<\/p>\n<p dir=\"auto\">Une fois v\u00eatu de l\u2019uniforme, il a poursuivi ses activit\u00e9s criminelles. Cliff Mitchell a perp\u00e9tr\u00e9 plus de 50 agressions sexuelles pendant neuf ans. En 2023, il kidnappe et viole une jeune femme sous la menace d\u2019un couteau. Cette derni\u00e8re parvient \u00e0 s\u2019\u00e9chapper de la voiture o\u00f9 elle \u00e9tait enferm\u00e9e et appelle au secours des passants : c\u2019est l\u2019\u00e9v\u00e9nement qui mettra fin \u00e0 sa carri\u00e8re professionnelle et criminelle. Lors de son proc\u00e8s, une de ses victimes a racont\u00e9 qu\u2019il riait lorsqu\u2019elle <a class=\"TextLink_text-link__dBSS0 TextLink_enabled__dJF3l\" tabindex=\"0\" href=\"https:\/\/www.mirror.co.uk\/news\/uk-news\/met-cop-rapist-who-tied-32713605\" target=\"_self\" rel=\"follow noopener\" aria-label=\"\">criait \u00e0 l\u2019aide,<\/a> arguant que personne ne la croirait puisqu\u2019il \u00e9tait policier. La plus jeune d\u2019entre elles a \u00e9t\u00e9 d\u00e9crite comme \u00ab\u00a0bris\u00e9e\u00a0\u00bb.<\/p>\n<p dir=\"auto\">L\u2019homme de 24 ans, <a href=\"https:\/\/www.bbc.com\/news\/articles\/c3g92ez84wvo\" target=\"_blank\" rel=\"noopener\">reconnu coupable de dix chefs d\u2019accusation de viol, de trois chefs d\u2019accusation de viol sur mineur<\/a> de moins de 13 ans et d\u2019enl\u00e8vement, a \u00e9t\u00e9 condamn\u00e9 \u00e0 la prison \u00e0 vie avec une peine incompressible de 13 ans, augment\u00e9e \u00e0 18 ans incompressible en appel.\u00a0Une fois n\u2019est pas coutume, Mme May, juge de derni\u00e8re instance, a soulign\u00e9 que la gravit\u00e9 de ses crimes n\u00e9cessitait une peine de r\u00e9clusion \u00e0 perp\u00e9tuit\u00e9.<\/p>\n<p>Mais cela suffira-t-il \u00e0 att\u00e9nuer la d\u00e9fiance envers les autorit\u00e9s dans une Angleterre ravag\u00e9e par une immigration de masse incontr\u00f4l\u00e9e et des politiques inclusives totalement ind\u00e9centes ? Deux facteurs qui menacent directement la s\u00e9curit\u00e9 des citoyens et exposent en priorit\u00e9 les femmes et les filles du pays.<\/p>\n<p><strong>Alors que le droit des femmes est un th\u00e8me omnipr\u00e9sent dans nos soci\u00e9t\u00e9s, il est pour le moins \u00e9tonnant de constater que la question primordiale de leur s\u00e9curit\u00e9 soit totalement n\u00e9glig\u00e9e. Combien d\u2019entre elles devront encore \u00eatre sacrifi\u00e9es sur l\u2019autel de l\u2019antiracisme ?<\/strong><\/p>\n<p>[cc] Article r\u00e9dig\u00e9 par la r\u00e9daction de breizh-info.com et relu et corrig\u00e9 (orthographe, syntaxe) par une intelligence artificielle.<\/p>\n<p>Breizh-info.com, 2026, d\u00e9p\u00eaches libres de copie et de diffusion <b>sous r\u00e9serve de mention obligatoire et de lien do follow vers la source d\u2019origine.<\/b><\/p>\n","protected":false},"excerpt":{"rendered":"Au Royaume-Uni, les d\u00e9g\u00e2ts de l\u2019antiracisme ne s\u2019arr\u00eatent malheureusement pas aux victimes du scandale le plus dramatique de&hellip;\n","protected":false},"author":2,"featured_media":657702,"comment_status":"","ping_status":"","sticky":false,"template":"","format":"standard","meta":{"footnotes":""},"categories":[1588],"tags":[11,76020,48788,1777,674,12,473,1853,1851,1850,1852,76021,50581],"class_list":{"0":"post-657701","1":"post","2":"type-post","3":"status-publish","4":"format-standard","5":"has-post-thumbnail","7":"category-royaume-uni","8":"tag-actualites","9":"tag-anti-racisme","10":"tag-audrey-daguanno","11":"tag-eu","12":"tag-europe","13":"tag-news","14":"tag-royaume-uni","15":"tag-royaume-uni-de-grande-bretagne-et-dirlande-du-nord","16":"tag-uk","17":"tag-united-kingdom","18":"tag-united-kingdom-of-great-britain-and-northern-ireland","19":"tag-violence-sexuelle-sur-mineur","20":"tag-violeur"},"share_on_mastodon":{"url":"https:\/\/pubeurope.com\/@fr\/115880586399100479","error":""},"_links":{"self":[{"href":"https:\/\/www.europesays.com\/fr\/wp-json\/wp\/v2\/posts\/657701","targetHints":{"allow":["GET"]}}],"collection":[{"href":"https:\/\/www.europesays.com\/fr\/wp-json\/wp\/v2\/posts"}],"about":[{"href":"https:\/\/www.europesays.com\/fr\/wp-json\/wp\/v2\/types\/post"}],"author":[{"embeddable":true,"href":"https:\/\/www.europesays.com\/fr\/wp-json\/wp\/v2\/users\/2"}],"replies":[{"embeddable":true,"href":"https:\/\/www.europesays.com\/fr\/wp-json\/wp\/v2\/comments?post=657701"}],"version-history":[{"count":0,"href":"https:\/\/www.europesays.com\/fr\/wp-json\/wp\/v2\/posts\/657701\/revisions"}],"wp:featuredmedia":[{"embeddable":true,"href":"https:\/\/www.europesays.com\/fr\/wp-json\/wp\/v2\/media\/657702"}],"wp:attachment":[{"href":"https:\/\/www.europesays.com\/fr\/wp-json\/wp\/v2\/media?parent=657701"}],"wp:term":[{"taxonomy":"category","embeddable":true,"href":"https:\/\/www.europesays.com\/fr\/wp-json\/wp\/v2\/categories?post=657701"},{"taxonomy":"post_tag","embeddable":true,"href":"https:\/\/www.europesays.com\/fr\/wp-json\/wp\/v2\/tags?post=657701"}],"curies":[{"name":"wp","href":"https:\/\/api.w.org\/{rel}","templated":true}]}}