{"id":657703,"date":"2026-01-12T05:56:18","date_gmt":"2026-01-12T05:56:18","guid":{"rendered":"https:\/\/www.europesays.com\/fr\/657703\/"},"modified":"2026-01-12T05:56:18","modified_gmt":"2026-01-12T05:56:18","slug":"en-allemagne-des-migrants-forces-a-travailler-pour-80-centimes-de-lheure-au-nom-de-lintegration","status":"publish","type":"post","link":"https:\/\/www.europesays.com\/fr\/657703\/","title":{"rendered":"En Allemagne, des migrants forc\u00e9s \u00e0 travailler pour 80 centimes de l\u2019heure au nom de l\u2019int\u00e9gration"},"content":{"rendered":"\n<p>Le conseiller de district Ulli Sch\u00e4fer a l\u2019air plein de bonnes intentions \u00e0 l\u2019\u00e9gard des migrants qu\u2019il oblige \u00e0 travailler. Il tient des propos comme on en entend rarement ces temps-ci dans les rangs des chr\u00e9tiens-d\u00e9mocrates. Des propos qui font attentionn\u00e9s, presque romantiques. \u201cJe dis aux gens, il faut que vous parliez les uns avec les autres, que vous appreniez \u00e0 vous conna\u00eetre et que vous vous enseigniez mutuellement des choses que les demandeurs d\u2019asile n\u2019apprennent peut-\u00eatre pas dans les cours qu\u2019ils re\u00e7oivent\u00a0: comment jure-t-on en Allemagne\u00a0? Qu\u2019est-ce que \u00e7a veut dire Prost [\u2018sant\u00e9\u00a0!\u2019]\u00a0?\u201d<\/p>\n<p>Faire connaissance et se retrouver, Ulli Sch\u00e4fer croit que l\u2019obligation de travailler impos\u00e9e aux demandeurs d\u2019asile le permet. Tout le monde n\u2019est pas de cet avis. Le [deuxi\u00e8me] syndicat Ver.di critique la mesure et appelle \u00e0 \u201cne pas r\u00e9duire les r\u00e9fugi\u00e9s \u00e0 des actifs de deuxi\u00e8me classe qu\u2019on exploite pour des salaires de mis\u00e8re\u201d. Pour l\u2019association Pro Asyl, il est \u201craciste et d\u00e9gradant de sugg\u00e9rer que les r\u00e9fugi\u00e9s ne souhaitent pas travailler\u201d. D\u2019apr\u00e8s le Conseil des r\u00e9fugi\u00e9s de Saxe, cette mesure frise le \u201ctravail forc\u00e9\u201d.<\/p>\n<p>Dans le district de Greiz [dans l\u2019est de l\u2019Allemagne], tout demandeur d\u2019asile qui n\u2019est pas \u00e2g\u00e9, malade, mineur ou en formation, est affect\u00e9 \u00e0 un emploi d\u2019int\u00e9r\u00eat<\/p>\n<p>  Offres sp\u00e9ciales  Pour lire la suite de cet article, abonnez-vous <\/p>\n<p class=\"paywall-text\">Acc\u00e9dez \u00e0\u00a0l\u2019int\u00e9gralit\u00e9 de\u00a0nos contenus sur le\u00a0site et\u00a0l\u2019application en\u00a0vous abonnant \u00e0\u00a0<strong>l\u2019offre sp\u00e9ciale.<\/strong><\/p>\n<p class=\"price\">D\u00e8s <strong>2,99\u00a0\u20ac<\/strong>\/mois<\/p>\n<p> Sans engagement \u2022 R\u00e9siliable en ligne                             Offres sp\u00e9ciales  <\/p>\n<p class=\"popin-title\"> <strong>Profitez d\u2019un acc\u00e8s illimit\u00e9 (-57%)<\/strong> <\/p>\n<p>    <img loading=\"lazy\" decoding=\"async\" class=\"popin-img\" src=\"https:\/\/www.europesays.com\/fr\/wp-content\/uploads\/2025\/12\/1766808989_718_fe6cca3_upload-1-y50fm5af5abj-pop-in.png\"  alt=\"Image d'illustration pour l'abonnement\" width=\"300\" height=\"250\"\/>    <\/p>\n<p class=\"price\"> 2,99 \u20ac par mois <\/p>\n<p class=\"popin-engagement\">au lieu de 6,99 \u20ac, r\u00e9siliable \u00e0 tout moment<\/p>\n<p>  <a class=\"ithal-element\" href=\"https:\/\/macommande.courrierinternational.com\/account\/create\/CWADIMENS299PRIO\/CW365N3600ADD1FPRIO?marketing=RCWSITEDISPLAY01\" data-model=\"button\" data-ithal=\"popin_offre_speciale\" data-ithalc=\"[cta_abo]\" id=\"click_popin_offre_speciale\" target=\"_blank\" rel=\"noopener\">J\u2019en profite<\/a>             <\/p>\n<p class=\"article-authors\">                         <a href=\"https:\/\/www.courrierinternational.com\/auteur\/simon-langemann\" target=\"_blank\" rel=\"noopener\">Simon Langemann<\/a>    <\/p>\n<p class=\"article-vo\"><a href=\"https:\/\/www.zeit.de\/2025\/47\/arbeitspflicht-asylbewerber-gemeinnuetzige-jobs-thueringen-gxe\" rel=\"noopener\" target=\"_blank\">Lire l\u2019article original<\/a><\/p>\n<p>Source de l\u2019article<\/p>\n<p>   <img decoding=\"async\" class=\"source-logo\" src=\"https:\/\/www.europesays.com\/fr\/wp-content\/uploads\/2026\/01\/30386f9_1643653836028-die-zeit.jpg\"  alt=\"Logo\" loading=\"lazy\" width=\"32\" height=\"32\"\/>  Die Zeit  (Hambourg)       <\/p>\n<p>Ce grand journal d\u2019information et d\u2019analyse politique, cr\u00e9\u00e9 en 1946 par la force d\u2019occupation britannique et \u00e9tabli \u00e0 Hambourg, appartient au groupe Holtzbrinck. Pointu et exigeant, tol\u00e9rant et lib\u00e9ral, il para\u00eet tous les jeudis et se distingue par sa maquette et son iconographie recherch\u00e9es.<\/p>\n<p>Install\u00e9 \u00e0 Berlin, le site Zeit Online poss\u00e8de sa propre\u00a0r\u00e9daction.<\/p>\n<p>      <a href=\"https:\/\/www.courrierinternational.com\/notule-source\/die-zeit\" class=\"source-link\" target=\"_blank\" rel=\"noopener\">Lire la suite<\/a>                 <\/p>\n<p>Nos services<\/p>\n","protected":false},"excerpt":{"rendered":"Le conseiller de district Ulli Sch\u00e4fer a l\u2019air plein de bonnes intentions \u00e0 l\u2019\u00e9gard des migrants qu\u2019il oblige&hellip;\n","protected":false},"author":2,"featured_media":657704,"comment_status":"","ping_status":"","sticky":false,"template":"","format":"standard","meta":{"footnotes":""},"categories":[1587],"tags":[11,672,1804,1805,1803,341,1777,674,1801,1892,1061,19865,12,316,1802,22948,1857],"class_list":{"0":"post-657703","1":"post","2":"type-post","3":"status-publish","4":"format-standard","5":"has-post-thumbnail","7":"category-allemagne","8":"tag-actualites","9":"tag-allemagne","10":"tag-bundesrepublik-deutschland","11":"tag-de","12":"tag-deutschland","13":"tag-emploi","14":"tag-eu","15":"tag-europe","16":"tag-germany","17":"tag-gu00e9opolitique","18":"tag-immigration","19":"tag-migrants-et-flux-migratoires","20":"tag-news","21":"tag-politique","22":"tag-republique-federale-dallemagne","23":"tag-ru00e9fugiu00e9s-et-demandeurs-dasile","24":"tag-sociu00e9tu00e9"},"share_on_mastodon":{"url":"https:\/\/pubeurope.com\/@fr\/115880590426476042","error":""},"_links":{"self":[{"href":"https:\/\/www.europesays.com\/fr\/wp-json\/wp\/v2\/posts\/657703","targetHints":{"allow":["GET"]}}],"collection":[{"href":"https:\/\/www.europesays.com\/fr\/wp-json\/wp\/v2\/posts"}],"about":[{"href":"https:\/\/www.europesays.com\/fr\/wp-json\/wp\/v2\/types\/post"}],"author":[{"embeddable":true,"href":"https:\/\/www.europesays.com\/fr\/wp-json\/wp\/v2\/users\/2"}],"replies":[{"embeddable":true,"href":"https:\/\/www.europesays.com\/fr\/wp-json\/wp\/v2\/comments?post=657703"}],"version-history":[{"count":0,"href":"https:\/\/www.europesays.com\/fr\/wp-json\/wp\/v2\/posts\/657703\/revisions"}],"wp:featuredmedia":[{"embeddable":true,"href":"https:\/\/www.europesays.com\/fr\/wp-json\/wp\/v2\/media\/657704"}],"wp:attachment":[{"href":"https:\/\/www.europesays.com\/fr\/wp-json\/wp\/v2\/media?parent=657703"}],"wp:term":[{"taxonomy":"category","embeddable":true,"href":"https:\/\/www.europesays.com\/fr\/wp-json\/wp\/v2\/categories?post=657703"},{"taxonomy":"post_tag","embeddable":true,"href":"https:\/\/www.europesays.com\/fr\/wp-json\/wp\/v2\/tags?post=657703"}],"curies":[{"name":"wp","href":"https:\/\/api.w.org\/{rel}","templated":true}]}}