{"id":657707,"date":"2026-01-12T05:58:11","date_gmt":"2026-01-12T05:58:11","guid":{"rendered":"https:\/\/www.europesays.com\/fr\/657707\/"},"modified":"2026-01-12T05:58:11","modified_gmt":"2026-01-12T05:58:11","slug":"laura-jai-eu-droit-a-un-accueil-inconditionnel","status":"publish","type":"post","link":"https:\/\/www.europesays.com\/fr\/657707\/","title":{"rendered":"Laura\u00a0: \u00ab\u00a0J\u2019ai eu droit \u00e0 un accueil inconditionnel\u00a0\u00bb"},"content":{"rendered":"<p class=\"PopSlotParagraph qg-tx2 qg-xtra-lh svelte-1r0pyek\">Le 14 avril 2025, le conseil d\u00e9partemental de la Dr\u00f4me a vot\u00e9 la fermeture des 7 centres de sant\u00e9 sexuelle dont il avait la gestion directe. Les 11 autres CSS, g\u00e9r\u00e9s par des h\u00f4pitaux ou par le Planning familial, ont vu leurs subventions baiss\u00e9es de 20%.<\/p>\n<p class=\"PopSlotParagraph qg-tx2 qg-xtra-lh svelte-1r0pyek\">Manifestations, p\u00e9titions, protestation d\u2019\u00e9lus et de professionnels de sant\u00e9\u00a0: la mobilisation locale n\u2019a pas eu d\u2019effet. Elle se poursuit dans la vall\u00e9e de la Dr\u00f4me o\u00f9 des opposants cherchent des solutions alternatives.<\/p>\n<p class=\"PopSlotParagraph qg-tx2 qg-xtra-lh svelte-1r0pyek\">Olivier Danrey a recueilli des t\u00e9moignages sur le r\u00f4le de ces centres o\u00f9 l\u2019accueil est inconditionnel et gratuit. Il a notamment rencontr\u00e9 Laura, artiste et enseignante. Elle avait d\u00e9j\u00e0 b\u00e9n\u00e9fici\u00e9 d\u2019un d\u00e9pistage contre les IST (les infections sexuellement transmissibles) au centre de sant\u00e9 sexuelle de Die. Mais elle est revenue il y a 3 ans pour une toute autre raison.<\/p>\n","protected":false},"excerpt":{"rendered":"Le 14 avril 2025, le conseil d\u00e9partemental de la Dr\u00f4me a vot\u00e9 la fermeture des 7 centres de&hellip;\n","protected":false},"author":2,"featured_media":657708,"comment_status":"","ping_status":"","sticky":false,"template":"","format":"standard","meta":{"footnotes":""},"categories":[1586],"tags":[11,1777,674,1779,1011,27,12,25,1778,364],"class_list":{"0":"post-657707","1":"post","2":"type-post","3":"status-publish","4":"format-standard","5":"has-post-thumbnail","7":"category-europe","8":"tag-actualites","9":"tag-eu","10":"tag-europe","11":"tag-european-union","12":"tag-fr","13":"tag-france","14":"tag-news","15":"tag-republique-francaise","16":"tag-ue","17":"tag-union-europeenne"},"share_on_mastodon":{"url":"https:\/\/pubeurope.com\/@fr\/115880598094897651","error":""},"_links":{"self":[{"href":"https:\/\/www.europesays.com\/fr\/wp-json\/wp\/v2\/posts\/657707","targetHints":{"allow":["GET"]}}],"collection":[{"href":"https:\/\/www.europesays.com\/fr\/wp-json\/wp\/v2\/posts"}],"about":[{"href":"https:\/\/www.europesays.com\/fr\/wp-json\/wp\/v2\/types\/post"}],"author":[{"embeddable":true,"href":"https:\/\/www.europesays.com\/fr\/wp-json\/wp\/v2\/users\/2"}],"replies":[{"embeddable":true,"href":"https:\/\/www.europesays.com\/fr\/wp-json\/wp\/v2\/comments?post=657707"}],"version-history":[{"count":0,"href":"https:\/\/www.europesays.com\/fr\/wp-json\/wp\/v2\/posts\/657707\/revisions"}],"wp:featuredmedia":[{"embeddable":true,"href":"https:\/\/www.europesays.com\/fr\/wp-json\/wp\/v2\/media\/657708"}],"wp:attachment":[{"href":"https:\/\/www.europesays.com\/fr\/wp-json\/wp\/v2\/media?parent=657707"}],"wp:term":[{"taxonomy":"category","embeddable":true,"href":"https:\/\/www.europesays.com\/fr\/wp-json\/wp\/v2\/categories?post=657707"},{"taxonomy":"post_tag","embeddable":true,"href":"https:\/\/www.europesays.com\/fr\/wp-json\/wp\/v2\/tags?post=657707"}],"curies":[{"name":"wp","href":"https:\/\/api.w.org\/{rel}","templated":true}]}}