{"id":657713,"date":"2026-01-12T06:01:15","date_gmt":"2026-01-12T06:01:15","guid":{"rendered":"https:\/\/www.europesays.com\/fr\/657713\/"},"modified":"2026-01-12T06:01:15","modified_gmt":"2026-01-12T06:01:15","slug":"ronde-de-coins-de-nature-france-interrienne","status":"publish","type":"post","link":"https:\/\/www.europesays.com\/fr\/657713\/","title":{"rendered":"Ronde de coins de nature&#8230; france-interrienne\u00a0!"},"content":{"rendered":"<p class=\"PopSlotParagraph qg-tx2 qg-xtra-lh svelte-1r0pyek\">Cavaler entre train, bus et v\u00e9lo toute l\u2019ann\u00e9e pour cueillir les sujets que vous \u00e9coutez, c\u2019est g\u00e9nial mais se poser dans les couloirs d\u2019Inter apr\u00e8s le Jour de l\u2019An, micro en main, c\u2019est bien aussi.<\/p>\n<p class=\"PopSlotParagraph qg-tx2 qg-xtra-lh svelte-1r0pyek\">Aussi, <strong>ai-je demand\u00e9 aux copines, copains de France Inter de me raconter leurs coins de nature, l\u00e0 o\u00f9 ils font rel\u00e2che, o\u00f9 ils se sentent bien.<\/strong>\u00a0O\u00f9 ils peuvent \u00eatre saisis par la beaut\u00e9, le calme car tous ont les neurones qui sprintent toute l\u2019ann\u00e9e.<\/p>\n<p>  <img decoding=\"async\" class=\"Image-preview  svelte-1b9cmvl\" data-testid=\"image-preview\" src=\"data:image\/jpeg;charset=utf-8;base64, \/9j\/2wBDACgcHiMeGSgjISMtKygwPGRBPDc3PHtYXUlkkYCZlo+AjIqgtObDoKrarYqMyP\/L2u71\/\/\/\/m8H\/\/\/\/6\/+b9\/\/j\/2wBDASstLTw1PHZBQXb4pYyl+Pj4+Pj4+Pj4+Pj4+Pj4+Pj4+Pj4+Pj4+Pj4+Pj4+Pj4+Pj4+Pj4+Pj4+Pj4+Pj4+Pj\/wAARCAAfACoDASIAAhEBAxEB\/8QAFwABAQEBAAAAAAAAAAAAAAAAAAECA\/\/EABcQAQEBAQAAAAAAAAAAAAAAAAARARL\/xAAWAQEBAQAAAAAAAAAAAAAAAAAAAwH\/xAAWEQEBAQAAAAAAAAAAAAAAAAAAERL\/2gAMAwEAAhEDEQA\/AEI0L6RjMWKM0QhClNNiFSpUNKxaVndZ3W0jdOnOlKR\/\/9k=\" alt=\"\" aria-hidden=\"false\"\/>     <img decoding=\"async\" src=\"https:\/\/www.europesays.com\/fr\/wp-content\/uploads\/2026\/01\/860_sc_20190921-114620.jpg\" loading=\"lazy\" fetchpriority=\"low\" width=\"860\" height=\"645\" class=\"Image-main  svelte-1b9cmvl rounded\" data-testid=\"image-src\" alt=\"Paysage du Cap Blanc-Ney (Pas-de-Calais)\" aria-hidden=\"false\" onload=\"this.__e=event\" onerror=\"this.__e=event\"\/> Paysage du Cap Blanc-Ney (Pas-de-Calais) \u00a9 Radio France &#8211; Denis Cheissoux <\/p>\n<p class=\"PopSlotParagraph qg-tx2 qg-xtra-lh svelte-1r0pyek\">Mais oui, <strong>ils ont chacun leur coin, leur coup de c\u0153ur.\u00a0Lieu d\u2019enfance, de vacances, de d\u00e9couverte.<\/strong><br \/>On a tous en nous quelque chose de la nature\u2026 car nous en venons, nous en sommes.\u00a0<strong>Direction la Corse avec Rebecca Manzoni, les Vosges avec Mathieu Vidard, le Cap Blanc-Nez avec Nicolas Stoufflet, Saint-Palais-sur-Mer avec Fabienne Sintes.<\/strong><\/p>\n<p>  <img decoding=\"async\" class=\"Image-preview  svelte-1b9cmvl\" data-testid=\"image-preview\" src=\"data:image\/jpeg;charset=utf-8;base64, \/9j\/2wBDACgcHiMeGSgjISMtKygwPGRBPDc3PHtYXUlkkYCZlo+AjIqgtObDoKrarYqMyP\/L2u71\/\/\/\/m8H\/\/\/\/6\/+b9\/\/j\/2wBDASstLTw1PHZBQXb4pYyl+Pj4+Pj4+Pj4+Pj4+Pj4+Pj4+Pj4+Pj4+Pj4+Pj4+Pj4+Pj4+Pj4+Pj4+Pj4+Pj4+Pj\/wAARCAAfACoDASIAAhEBAxEB\/8QAGAAAAwEBAAAAAAAAAAAAAAAAAQIDAAT\/xAAYEAEBAQEBAAAAAAAAAAAAAAAAAQIREv\/EABYBAQEBAAAAAAAAAAAAAAAAAAABAv\/EABURAQEAAAAAAAAAAAAAAAAAAAAR\/9oADAMBAAIRAxEAPwA0tNSUi0LSWjqpaqQprQ6S6D0K7qnpSp6aYS1UtVXaOgLa3QrI0\/\/Z\" alt=\"\" aria-hidden=\"false\"\/>     <img decoding=\"async\" src=\"https:\/\/www.europesays.com\/fr\/wp-content\/uploads\/2026\/01\/860_sc_rebecca-manzoni.jpg\" loading=\"lazy\" fetchpriority=\"low\" width=\"860\" height=\"645\" class=\"Image-main  svelte-1b9cmvl rounded\" data-testid=\"image-src\" alt=\"Denis Cheissoux et Rebecca Manzoni\" aria-hidden=\"false\" onload=\"this.__e=event\" onerror=\"this.__e=event\"\/> Denis Cheissoux et Rebecca Manzoni \u00a9 Radio France &#8211; Denis Cheissoux  <img decoding=\"async\" class=\"Image-preview  svelte-1b9cmvl\" data-testid=\"image-preview\" src=\"data:image\/jpeg;charset=utf-8;base64, \/9j\/2wBDACgcHiMeGSgjISMtKygwPGRBPDc3PHtYXUlkkYCZlo+AjIqgtObDoKrarYqMyP\/L2u71\/\/\/\/m8H\/\/\/\/6\/+b9\/\/j\/2wBDASstLTw1PHZBQXb4pYyl+Pj4+Pj4+Pj4+Pj4+Pj4+Pj4+Pj4+Pj4+Pj4+Pj4+Pj4+Pj4+Pj4+Pj4+Pj4+Pj4+Pj\/wAARCAAfACoDASIAAhEBAxEB\/8QAFwABAQEBAAAAAAAAAAAAAAAAAQMCAP\/EABYQAQEBAAAAAAAAAAAAAAAAAAABEf\/EABYBAQEBAAAAAAAAAAAAAAAAAAEAAv\/EABYRAQEBAAAAAAAAAAAAAAAAAAABEf\/aAAwDAQACEQMRAD8AxplT0ypK65iU6sJGijQkzK6stQKStROKQ0OoawYxWn\/\/2Q==\" alt=\"\" aria-hidden=\"false\"\/>     <img decoding=\"async\" src=\"https:\/\/www.europesays.com\/fr\/wp-content\/uploads\/2026\/01\/860_sc_fabienne-sintes.jpg\" loading=\"lazy\" fetchpriority=\"low\" width=\"860\" height=\"645\" class=\"Image-main  svelte-1b9cmvl rounded\" data-testid=\"image-src\" alt=\"Fabienne Sintes et Denis Cheissoux\" aria-hidden=\"false\" onload=\"this.__e=event\" onerror=\"this.__e=event\"\/> Fabienne Sintes et Denis Cheissoux \u00a9 Radio France &#8211; Denis Cheissoux  <img decoding=\"async\" class=\"Image-preview  svelte-1b9cmvl\" data-testid=\"image-preview\" src=\"data:image\/jpeg;charset=utf-8;base64, \/9j\/2wBDACgcHiMeGSgjISMtKygwPGRBPDc3PHtYXUlkkYCZlo+AjIqgtObDoKrarYqMyP\/L2u71\/\/\/\/m8H\/\/\/\/6\/+b9\/\/j\/2wBDASstLTw1PHZBQXb4pYyl+Pj4+Pj4+Pj4+Pj4+Pj4+Pj4+Pj4+Pj4+Pj4+Pj4+Pj4+Pj4+Pj4+Pj4+Pj4+Pj4+Pj\/wAARCAAfACoDASIAAhEBAxEB\/8QAFwABAQEBAAAAAAAAAAAAAAAAAQMCAP\/EABgQAQADAQAAAAAAAAAAAAAAAAABAhES\/8QAFwEAAwEAAAAAAAAAAAAAAAAAAAECA\/\/EABURAQEAAAAAAAAAAAAAAAAAAAAR\/9oADAMBAAIRAxEAPwC1pYkTYayjQmGdOnA3DmddogQi5iyFbKRKiU09J6NEKq9HpHo9KhV\/\/9k=\" alt=\"\" aria-hidden=\"false\"\/>     <img decoding=\"async\" src=\"https:\/\/www.europesays.com\/fr\/wp-content\/uploads\/2026\/01\/860_sc_nicolas-stoufflet.jpg\" loading=\"lazy\" fetchpriority=\"low\" width=\"860\" height=\"635\" class=\"Image-main  svelte-1b9cmvl rounded\" data-testid=\"image-src\" alt=\"Nicolas Stoufflet et Denis Cheissoux\" aria-hidden=\"false\" onload=\"this.__e=event\" onerror=\"this.__e=event\"\/> Nicolas Stoufflet et Denis Cheissoux \u00a9 Radio France &#8211; Denis Cheissoux <\/p>\n<p class=\"PopSlotParagraph qg-tx2 qg-xtra-lh svelte-1r0pyek\"><strong>Programmation musicale<\/strong><\/p>\n<ul>\n<li>\u00ab\u00a0Sorted\u00a0\u00bb &#8211; Banshee The Great\u00a0 &amp; Ethel<\/li>\n<li>\u00ab\u00a0For me, formidable\u00a0\u00bb &#8211; Charles Aznavour<\/li>\n<\/ul>\n<p class=\"PopSlotParagraph qg-tx2 qg-xtra-lh svelte-1r0pyek\">Pour en savoir plus, \u00e9coutez l&rsquo;\u00e9mission&#8230;<\/p>\n","protected":false},"excerpt":{"rendered":"Cavaler entre train, bus et v\u00e9lo toute l\u2019ann\u00e9e pour cueillir les sujets que vous \u00e9coutez, c\u2019est g\u00e9nial mais&hellip;\n","protected":false},"author":2,"featured_media":657714,"comment_status":"","ping_status":"","sticky":false,"template":"","format":"standard","meta":{"footnotes":""},"categories":[4],"tags":[11,1011,27,12,25],"class_list":{"0":"post-657713","1":"post","2":"type-post","3":"status-publish","4":"format-standard","5":"has-post-thumbnail","7":"category-france","8":"tag-actualites","9":"tag-fr","10":"tag-france","11":"tag-news","12":"tag-republique-francaise"},"share_on_mastodon":{"url":"https:\/\/pubeurope.com\/@fr\/115880610112172867","error":""},"_links":{"self":[{"href":"https:\/\/www.europesays.com\/fr\/wp-json\/wp\/v2\/posts\/657713","targetHints":{"allow":["GET"]}}],"collection":[{"href":"https:\/\/www.europesays.com\/fr\/wp-json\/wp\/v2\/posts"}],"about":[{"href":"https:\/\/www.europesays.com\/fr\/wp-json\/wp\/v2\/types\/post"}],"author":[{"embeddable":true,"href":"https:\/\/www.europesays.com\/fr\/wp-json\/wp\/v2\/users\/2"}],"replies":[{"embeddable":true,"href":"https:\/\/www.europesays.com\/fr\/wp-json\/wp\/v2\/comments?post=657713"}],"version-history":[{"count":0,"href":"https:\/\/www.europesays.com\/fr\/wp-json\/wp\/v2\/posts\/657713\/revisions"}],"wp:featuredmedia":[{"embeddable":true,"href":"https:\/\/www.europesays.com\/fr\/wp-json\/wp\/v2\/media\/657714"}],"wp:attachment":[{"href":"https:\/\/www.europesays.com\/fr\/wp-json\/wp\/v2\/media?parent=657713"}],"wp:term":[{"taxonomy":"category","embeddable":true,"href":"https:\/\/www.europesays.com\/fr\/wp-json\/wp\/v2\/categories?post=657713"},{"taxonomy":"post_tag","embeddable":true,"href":"https:\/\/www.europesays.com\/fr\/wp-json\/wp\/v2\/tags?post=657713"}],"curies":[{"name":"wp","href":"https:\/\/api.w.org\/{rel}","templated":true}]}}