{"id":657721,"date":"2026-01-12T06:09:13","date_gmt":"2026-01-12T06:09:13","guid":{"rendered":"https:\/\/www.europesays.com\/fr\/657721\/"},"modified":"2026-01-12T06:09:13","modified_gmt":"2026-01-12T06:09:13","slug":"patrick-eddy-sacre-champion-daustralie-sur-route-devant-luke-plapp-lequipe","status":"publish","type":"post","link":"https:\/\/www.europesays.com\/fr\/657721\/","title":{"rendered":"Patrick Eddy sacr\u00e9 champion d&#039;Australie sur route devant Luke Plapp &#8211; L&#039;\u00c9quipe"},"content":{"rendered":"<ol>\n<li><a href=\"https:\/\/news.google.com\/rss\/articles\/CBMixwFBVV95cUxPVHd5SllpQ1ZJTG1LOVlKSnlHa3Mtb1ZqM3FoOUtFUHhfRlRxamdwUGhlZjZNSlpMY3B4WEtnODYtN1VkS0hWSWQ5T0lpQUR5bUtxSjZDQUJ4TnQ5VHc1cUxPSWZqWEtPQkhoRW5hQ09uZVU3ZnRfdkQ0dUl0aDkwYmowRVJBcm5QMXR4Qk84MHBmU09teTYzT3A3NXk3NDBEdlhzc1RCUmhNcnhUOFYyZWtJLXpCQjFUY1hPSThpbmFDRzRJQnhN?oc=5\" target=\"_blank\" rel=\"noopener\">Patrick Eddy sacr\u00e9 champion d&rsquo;Australie sur route devant Luke Plapp<\/a>&nbsp;&nbsp;L&rsquo;\u00c9quipe<\/li>\n<li><a href=\"https:\/\/news.google.com\/rss\/articles\/CBMiigJBVV95cUxOU0l3b0xYZTN3ZjcxZ2lkMzg1LU05ZWV2alpFUGlVbHFkSG1sdGNRYmtDWWFUT0tOWHpfOXVnLUhPTXdiNFRDaWl0NWtQbmlVWFFESmM1MUE4ZTVESXg4dHJnU2xSQ1kxeldPeUFZMFFyXzdwcXZKOHpYcmpnMXEweGl2X0g4QXJodWxvd2F5eHRLVG9vWFhQdGFobXhTRE5VSzAtdVBKTTlrNGFWWlc5X09OSDhaZUF2WG9pbnAwbFB1aVdwN1JQQ1ViUmQ5OGt4bDBZX1haOGFRVTh1amJQMDJ0dHBSTTdyX3dFblhCYkh0ZXpDQ2tEQmpqRHU5VllwQlktbGZ2eEc2UQ?oc=5\" target=\"_blank\" rel=\"noopener\">Cyclisme &#8211; Championnats d&rsquo;Australie &#8211; R\u00e9sum\u00e9 Course Femmes &#8211; Mackenzie Coupland a \u00e9t\u00e9 sacr\u00e9e chez les femmes<\/a>&nbsp;&nbsp;Sports &#8211; Orange<\/li>\n<li><a href=\"https:\/\/news.google.com\/rss\/articles\/CBMiyAFBVV95cUxPd2ZLWFJ0SFJzeHZUdDc4Njhpd2dheFRfU2I1TGlndXBmT2FIVzBoZnFmSjV0bnZuYllNRmdUMGMzM0JfRHJER090VUg0MXdzLTZBbm1ISzBKVFVNUVpSZjI4YnVZUm1seTl6LUJHNnl0UnBfbWxrOFZQdk10MXZxdzd4Mm5PNE54Ynluc0FQRGF0b1hIeHlrTVR0UG9VQVNFaW9JZUc4Q0hjZnZwU252M0x5TGl3amRkQUxiQ3hkOVZaUkFfWlBHbg?oc=5\" target=\"_blank\" rel=\"noopener\">Cyclisme. Immense surprise pour le titre national australien, un talent de Decathlon CMA CGM sur le podium<\/a>&nbsp;&nbsp;Le Dauphin\u00e9 Lib\u00e9r\u00e9<\/li>\n<li><a href=\"https:\/\/news.google.com\/rss\/articles\/CBMimgJBVV95cUxQNXhIWG51S2QxQzA2YUVUcGdNbUptRWRaWU1mYUIzVlBxMVZ6OS02QnNIYkdEWHFWdmhtMjUyc0Vwd3JxS2RaQlhEVjZsWGRZbG5EWjFNV25TaGlZZ21lT2Y3TnZpdXZ3YURIRDJ6MnQ1UWpEVmZmc0ktRHdfbVBoMExldzhfNGYtYnduLTRMTWszNF9paE5MQ190R3VQS1dYZW8tamlfeGgtZTFaQTNZN3lRLTVXYmRsUWpwcVBVY0VFd1UxVktFVlNRSTI0Yko4elc4SUoyUGNuT0NOZWtMbkVhVDFHLU44bFM2VG85SExncVR5WXVYTU9rVllYcENJcUcwaURodm5rWllYY1h1bUdVYnRkVUc5WHc?oc=5\" target=\"_blank\" rel=\"noopener\">Patrick Eddy joue un mauvais tour aux coureurs de Jayco-AlUla et devient le nouveau champion d&rsquo;Australie sur route<\/a>&nbsp;&nbsp;DHnet<\/li>\n<li><a href=\"https:\/\/news.google.com\/rss\/articles\/CBMixgFBVV95cUxOQWxQX3VmenRYc1hmZ0E5ejJCdGtUYl9HNEJzRmJsZDYtMnlfejN2dzEtendLeVBzUlk2bTNZLTN1eFBlWHlWUHNZLUNDc3BkU1hGRmh4aVpOcnJlVTktd2dUcGhIODdJeW9tdjdxNlRPc3FwYmtKZFpxZGpDUXBvMHhGQWVPNG9ncFZrcEJySnVkQXBxYUotLU9vRlZCTnZxS1hEY0JPU0RLUExhLVNrNWxDTENxUlZJSnJyYXZ5M2t5S0ZzUVHSAcYBQVVfeXFMTVV3dXFDbDVQXzJ4UXVQLVdjeXVJbWVuZXlYUEo2OU5VbkpsakpkX0MtTURQb1dLUi1haXRManY4RTNycHNqNTZfbk5mR0xqZ185cUZUR2IxVnN3TnpQVjJEYkV4em1GdG9zZk5MQ1Vwd2hNTTFqSjEzTmF2X3llcjhXcUh6QmNialdBUkw1VWVybDFyWmU2b204S3FjNGJYd0t5OEFHS00tZlowOWVrOXdJQ3dYVnZOTzRtUjItWEY0a0E0eVlB?oc=5\" target=\"_blank\" rel=\"noopener\">Championnats d&rsquo;Australie: La Jayco a \u00e9t\u00e9 battue, la surprise Patrick Eddy<\/a>&nbsp;&nbsp;Cyclism&rsquo;Actu<\/li>\n<\/ol>\n","protected":false},"excerpt":{"rendered":"Patrick Eddy sacr\u00e9 champion d&rsquo;Australie sur route devant Luke Plapp&nbsp;&nbsp;L&rsquo;\u00c9quipe Cyclisme &#8211; Championnats d&rsquo;Australie &#8211; R\u00e9sum\u00e9 Course Femmes&hellip;\n","protected":false},"author":2,"featured_media":657722,"comment_status":"","ping_status":"","sticky":false,"template":"","format":"standard","meta":{"footnotes":""},"categories":[1411],"tags":[1154,207,1011,27,60],"class_list":{"0":"post-657721","1":"post","2":"type-post","3":"status-publish","4":"format-standard","5":"has-post-thumbnail","7":"category-cyclisme","8":"tag-cycling","9":"tag-cyclisme","10":"tag-fr","11":"tag-france","12":"tag-sports"},"share_on_mastodon":{"url":"https:\/\/pubeurope.com\/@fr\/115880641361720459","error":""},"_links":{"self":[{"href":"https:\/\/www.europesays.com\/fr\/wp-json\/wp\/v2\/posts\/657721","targetHints":{"allow":["GET"]}}],"collection":[{"href":"https:\/\/www.europesays.com\/fr\/wp-json\/wp\/v2\/posts"}],"about":[{"href":"https:\/\/www.europesays.com\/fr\/wp-json\/wp\/v2\/types\/post"}],"author":[{"embeddable":true,"href":"https:\/\/www.europesays.com\/fr\/wp-json\/wp\/v2\/users\/2"}],"replies":[{"embeddable":true,"href":"https:\/\/www.europesays.com\/fr\/wp-json\/wp\/v2\/comments?post=657721"}],"version-history":[{"count":0,"href":"https:\/\/www.europesays.com\/fr\/wp-json\/wp\/v2\/posts\/657721\/revisions"}],"wp:featuredmedia":[{"embeddable":true,"href":"https:\/\/www.europesays.com\/fr\/wp-json\/wp\/v2\/media\/657722"}],"wp:attachment":[{"href":"https:\/\/www.europesays.com\/fr\/wp-json\/wp\/v2\/media?parent=657721"}],"wp:term":[{"taxonomy":"category","embeddable":true,"href":"https:\/\/www.europesays.com\/fr\/wp-json\/wp\/v2\/categories?post=657721"},{"taxonomy":"post_tag","embeddable":true,"href":"https:\/\/www.europesays.com\/fr\/wp-json\/wp\/v2\/tags?post=657721"}],"curies":[{"name":"wp","href":"https:\/\/api.w.org\/{rel}","templated":true}]}}