{"id":657731,"date":"2026-01-12T06:16:19","date_gmt":"2026-01-12T06:16:19","guid":{"rendered":"https:\/\/www.europesays.com\/fr\/657731\/"},"modified":"2026-01-12T06:16:19","modified_gmt":"2026-01-12T06:16:19","slug":"neste-et-rivieres-de-gascogne-deux-cine-debats-dans-le-gers-pour-decouvrir-le-film-deau-et-de-terre","status":"publish","type":"post","link":"https:\/\/www.europesays.com\/fr\/657731\/","title":{"rendered":"Neste et rivi\u00e8res de Gascogne\u00a0: deux cin\u00e9-d\u00e9bats dans le Gers pour d\u00e9couvrir le film \u00ab\u00a0D\u2019eau et de terre\u00a0\u00bb"},"content":{"rendered":"<p>\n                                                                    l&rsquo;essentiel<br \/>\n                                                                Le nouveau film documentaire explore la gestion de l\u2019eau face au chengement climatique. Quatre cin\u00e9-d\u00e9bats pr\u00e9sentent cette \u0153uvre de Chris Castillon. Les deux premiers auront lieu en f\u00e9vrier dans le Gers, \u00e0 Lectoure et Auch.\n                            <\/p>\n<p>\u00ab\u00a0B\u00e2tir ensemble un avenir plus juste et plus durable\u00a0\u00bb. Tel est la mission confi\u00e9e \u00e0 <a href=\"https:\/\/www.ladepeche.fr\/2025\/06\/05\/gestion-de-leau-nouveau-president-et-nouvelle-strategie-pour-la-neste-et-les-rivieres-de-gascogne-12743564.php\" target=\"_self\" rel=\"noopener\">la Commission locale de l\u2019eau Neste et Rivi\u00e8res de Gascogne (CLE)<\/a>, qui a pos\u00e9 en octobre dernier les bases du Sch\u00e9ma d\u2019Am\u00e9nagement et de Gestion des Eaux (SAGE).<\/p>\n<p class=\"std-elt__inline\">\n        <strong>\u00c0 lire aussi :<\/strong><br \/>\n        <a href=\"https:\/\/www.ladepeche.fr\/2025\/10\/19\/cle-neste-et-rivieres-de-gascogne-un-cap-partage-pour-une-gestion-durable-de-leau-12999357.php\" target=\"_blank\" rel=\"noopener\">CLE Neste et Rivi\u00e8res de Gascogne\u00a0: un cap partag\u00e9 pour une gestion durable de l\u2019eau<\/a>\n    <\/p>\n<p>Soucieuse de communiquer le plus largement possible autour de ses actions, la CLE peut d\u00e9sormais s\u2019appuyer sur un film enti\u00e8rement d\u00e9di\u00e9 aux rivi\u00e8res de Gascogne. Intitul\u00e9 \u00ab\u00a0D\u2019eau et de terre\u00a0\u00bb et r\u00e9alis\u00e9 par Chris\u00a0Castillon, ce film donne la parole aux personnes qui agissent sur le terrain pour pr\u00e9server la ressource en eau, face au changement climatique. Tourn\u00e9 en Gascogne, \u00ab\u00a0entre rivi\u00e8res, collines, fermes et villages\u00a0\u00bb, il \u00ab\u00a0explore des id\u00e9es simples, concr\u00e8tes, parfois lumineuses \u2014 n\u00e9es de la terre, de l\u2019eau, et de ceux qui les aiment\u00a0\u00bb.<\/p>\n<p>\u00c0 Lectoure le 13\u00a0f\u00e9vrier et \u00e0 Auch le 19\u00a0f\u00e9vrier<\/p>\n<p>Originaire de Bagn\u00e8res-de-Bigorre, Chris Castillon avait d\u00e9j\u00e0 r\u00e9alis\u00e9 un film documentaire de 52 minutes sur la Neste. Celui qui se d\u00e9finit comme \u00ab\u00a0auteur-r\u00e9alisateur, photographe, \u00e9crivain-voyageur\u00a0\u00bb poursuit donc son travail sur la question de l\u2019eau.<\/p>\n<p>        <img decoding=\"async\" class=\"std-img__img responsive-img\" src=\"https:\/\/www.europesays.com\/fr\/wp-content\/uploads\/2026\/01\/1768198579_769_image.jpg\" alt=\"L\u2019affiche du film r\u00e9alis\u00e9 par Chris Castillon.\"\/><\/p>\n<p>                L\u2019affiche du film r\u00e9alis\u00e9 par Chris Castillon.<br \/>\n                                    DR<\/p>\n<p>La projection de son nouveau film fera l\u2019objet de quatre cin\u00e9-d\u00e9bats, dont les deux premiers sont programm\u00e9s dans le Gers\u00a0: le vendredi 13\u00a0f\u00e9vrier au cin\u00e9ma Le S\u00e9n\u00e9chal, \u00e0 Lectoure, et le jeudi 19\u00a0f\u00e9vrier \u00e0 Cin\u00e9 32, \u00e0 Auch. Les deux suivants auront lieu le vendredi 20\u00a0f\u00e9vrier \u00e0 Beaumont-de-Lomagne (Tarn-et-Garonne) et le jeudi 2\u00a0avril au cin\u00e9ma Grand Rio de\u00a0Lannemezan (Hautes-Pyr\u00e9n\u00e9es).<\/p>\n<p>La Commission locale de l\u2019eau Neste et Rivi\u00e8res de Gascogne invite ceux qui souhaitent se rendre \u00e0 la projection \u00e0 se rapprocher des cin\u00e9mas en temps voulu, pour les horaires pr\u00e9cis et les conditions d\u2019acc\u00e8s. Des informations seront \u00e9galement disponibles sur les r\u00e9seaux sociaux du SAGE NRG.<\/p>\n<p>Pour organiser une diffusion du film, contacter Christophe Castillon \u00e0 l\u2019adresse wildchristophe@gmail.com f<\/p>\n","protected":false},"excerpt":{"rendered":"l&rsquo;essentiel Le nouveau film documentaire explore la gestion de l\u2019eau face au chengement climatique. Quatre cin\u00e9-d\u00e9bats pr\u00e9sentent cette&hellip;\n","protected":false},"author":2,"featured_media":657732,"comment_status":"","ping_status":"","sticky":false,"template":"","format":"standard","meta":{"footnotes":""},"categories":[1354],"tags":[7196,872,58,59,1346,1011,27,11328,1360],"class_list":{"0":"post-657731","1":"post","2":"type-post","3":"status-publish","4":"format-standard","5":"has-post-thumbnail","7":"category-films","8":"tag-cinu00e9ma","9":"tag-culture-et-loisirs","10":"tag-divertissement","11":"tag-entertainment","12":"tag-films","13":"tag-fr","14":"tag-france","15":"tag-gers","16":"tag-movies"},"share_on_mastodon":{"url":"https:\/\/pubeurope.com\/@fr\/115880669007801213","error":""},"_links":{"self":[{"href":"https:\/\/www.europesays.com\/fr\/wp-json\/wp\/v2\/posts\/657731","targetHints":{"allow":["GET"]}}],"collection":[{"href":"https:\/\/www.europesays.com\/fr\/wp-json\/wp\/v2\/posts"}],"about":[{"href":"https:\/\/www.europesays.com\/fr\/wp-json\/wp\/v2\/types\/post"}],"author":[{"embeddable":true,"href":"https:\/\/www.europesays.com\/fr\/wp-json\/wp\/v2\/users\/2"}],"replies":[{"embeddable":true,"href":"https:\/\/www.europesays.com\/fr\/wp-json\/wp\/v2\/comments?post=657731"}],"version-history":[{"count":0,"href":"https:\/\/www.europesays.com\/fr\/wp-json\/wp\/v2\/posts\/657731\/revisions"}],"wp:featuredmedia":[{"embeddable":true,"href":"https:\/\/www.europesays.com\/fr\/wp-json\/wp\/v2\/media\/657732"}],"wp:attachment":[{"href":"https:\/\/www.europesays.com\/fr\/wp-json\/wp\/v2\/media?parent=657731"}],"wp:term":[{"taxonomy":"category","embeddable":true,"href":"https:\/\/www.europesays.com\/fr\/wp-json\/wp\/v2\/categories?post=657731"},{"taxonomy":"post_tag","embeddable":true,"href":"https:\/\/www.europesays.com\/fr\/wp-json\/wp\/v2\/tags?post=657731"}],"curies":[{"name":"wp","href":"https:\/\/api.w.org\/{rel}","templated":true}]}}