{"id":657740,"date":"2026-01-12T06:21:08","date_gmt":"2026-01-12T06:21:08","guid":{"rendered":"https:\/\/www.europesays.com\/fr\/657740\/"},"modified":"2026-01-12T06:21:08","modified_gmt":"2026-01-12T06:21:08","slug":"jerome-powell-le-president-de-la-fed-vise-par-une-convocation-du-ministere-de-la-justice-americain-le-monde-fr","status":"publish","type":"post","link":"https:\/\/www.europesays.com\/fr\/657740\/","title":{"rendered":"Jerome Powell, le pr\u00e9sident de la Fed, vis\u00e9 par une convocation du minist\u00e8re de la justice am\u00e9ricain &#8211; Le Monde.fr"},"content":{"rendered":"<ol>\n<li><a href=\"https:\/\/news.google.com\/rss\/articles\/CBMi-wFBVV95cUxNMGpMUmhhVzA0enliSzRkVEo5MkZFR0lhQlRZanVBODZNTUNRZ2ZWLU1yNWNIRldqZFA1QzBMN2ZaZDVjeVV1RWdYZlNwYXlUb3BOQXJCOTUzR2NFTUY5RnAzQWhMaGphOEVRaFB2dkpYb2F3eE14STByRTVBLWVMdGhkMzBWVWJTWUo0NGstTnVYZHRnUzdBQ0VWQV8xellWY0JnVU9OQml2WVdfVnJWR0tpcVQxRGNUdkFtbnRvR0RoSnNHSUdzZ2c2b2lmcXNqdWxlc2tIMlNmVThaRXFJODFidmlJNENabG1RTHFwX0Q3U0dpQ1UwQjM4cw?oc=5\" target=\"_blank\" rel=\"noopener\">Jerome Powell, le pr\u00e9sident de la Fed, vis\u00e9 par une convocation du minist\u00e8re de la justice am\u00e9ricain<\/a>&nbsp;&nbsp;Le Monde.fr<\/li>\n<li><a href=\"https:\/\/news.google.com\/rss\/articles\/CBMiqgFBVV95cUxQSWJKckFIMnhzeGxJOWpLejhYMGFyT0FZUk9zQ0k1eEYzZ0QxNmNyWkg0ZUNtdUNwVFU2NDZhRzJaeGM5OThQdlZKQjQ4aHF5T2hwdDQtRzlSLURyNDg2QVpra2hrNV9fWXhIczJaak1oeEtpUll6RlhzXzBTWTMwQ2VmRXVacGxsXzlHSEtLUGdvUmNGTk1UN2MxMU5jQy1XMUpJR3kxM0dvZw?oc=5\" target=\"_blank\" rel=\"noopener\">\u00c9tats-Unis: la Fed menac\u00e9e de poursuites par le gouvernement<\/a>&nbsp;&nbsp;Le Figaro<\/li>\n<li><a href=\"https:\/\/news.google.com\/rss\/articles\/CBMi_wFBVV95cUxQVUZvWTNfZ0M0OF9oSU81VU00RVRWRFpYVHg2U3RZbzA1WXhDaEVXZnNyUDlrcnhGSm9hN3RtSGxzb3dhMEMyTHllYXJxeWNwZlVYeDEtZG5VS3lGUk90bDg4aXltdnhRMjlGYjNtdHRiX3BUQVNrcUNjZzl6d0dEbFNxQzhpMTFWU3BIUkFNbENjaVlfd2JqWW1oMmFJYjlMNnR0c3VHejFUUEw2VDBFLTBYSUV0VmpXN1Jaam53bkRJNWtmZHBudHJFYTFERDF1QklBNXcxUU9Tdk5ZXzhzMy1LYmVpOGxLTnVBTDVSSDVNQnVtb0w3bFhFUWRDWlHSAYQCQVVfeXFMUEUyeUN3WEN3RllfU3E2TzRjNHA0RGh0RkNJdTU3b1BKam9XOVVhM084b0tnQnI2T0ZmMEJBT2xnS3VjTmpqWG1DcGZoYkM4a1VxeWNCc0pWRHBYSzlMdkRyMlNZekVoMjljZi01TVNmTU9ERkpuUU0zWXdxTVNmQXk4cHJISjZwb3pLbWM0NkNOVGs0MW1qTWUtZXNvdjRjb2otUVIyeEhTLTNvUFB0U1ZVZnNrQVc1RlBhU3hWbGFYMTJOdkFWTE9KS05PSjZTdGhjcDB4OFdnWXJVdlFVXzR3Z0lZNjlHckNVam9kX3RGZEV4VDQ4S0FMaWpXTkxXNk04OFc?oc=5\" target=\"_blank\" rel=\"noopener\">Les actions vacillent, le dollar recule alors que la querelle entre Trump et la Fed s&rsquo;aggrave<\/a>&nbsp;&nbsp;Boursorama<\/li>\n<li><a href=\"https:\/\/news.google.com\/rss\/articles\/CBMilAFBVV95cUxQVGZtVVlMMjlVaDM2TlRaLXhtNXJfNTdjTHVicHhkV3M0WmwwTTdwazlWSUxvWXVWR2tKNHJ0VUNNNEdYX05DQV9UcndaalNfbV81RHhJOGhhVnpPVWtDRnRxeEhvc19NbG9HZk50RkM4VnpKZUVhODhEUzJma2xPMWxTNEZHd3lqSDFycElTOHNqQ2wy?oc=5\" target=\"_blank\" rel=\"noopener\">Fed contre Trump : avantage Fed<\/a>&nbsp;&nbsp;Les Echos<\/li>\n<li><a href=\"https:\/\/news.google.com\/rss\/articles\/CBMi0AFBVV95cUxQaUhQeUJNYzVEazc5OGpsbFhGYVRlc09XRDNlOUhrMEU3TU14SS1zcFlYVXZHLXhraVY1aWkxeW1qV3U5cmxYTk9XQUVWMTRsZEo5X19vbHFCcy1mTmRoX0xUZDhWM01nTzhVLURkakpkYkVjdHVVeEJ5SlFJR2pLQzBvOWx0Ui1lZmxaMGxKeV9hUmpramdOVldFSWR3Z3FRT21US2VFbHhUc2NfQng4VFp2a0Jtcm9YbjF6U1dPX0hFZ2J0VUVhYzFFVTZtNUN5?oc=5\" target=\"_blank\" rel=\"noopener\">USA-Powell (Fed) dit \u00eatre menac\u00e9 de poursuites p\u00e9nales par l&rsquo;administration Trump<\/a>&nbsp;&nbsp;Boursier.com<\/li>\n<\/ol>\n","protected":false},"excerpt":{"rendered":"Jerome Powell, le pr\u00e9sident de la Fed, vis\u00e9 par une convocation du minist\u00e8re de la justice am\u00e9ricain&nbsp;&nbsp;Le Monde.fr&hellip;\n","protected":false},"author":2,"featured_media":395849,"comment_status":"","ping_status":"","sticky":false,"template":"","format":"standard","meta":{"footnotes":""},"categories":[6],"tags":[35,33,34,1011,27],"class_list":{"0":"post-657740","1":"post","2":"type-post","3":"status-publish","4":"format-standard","5":"has-post-thumbnail","7":"category-economie","8":"tag-business","9":"tag-economie","10":"tag-economy","11":"tag-fr","12":"tag-france"},"share_on_mastodon":{"url":"https:\/\/pubeurope.com\/@fr\/115880688595850695","error":""},"_links":{"self":[{"href":"https:\/\/www.europesays.com\/fr\/wp-json\/wp\/v2\/posts\/657740","targetHints":{"allow":["GET"]}}],"collection":[{"href":"https:\/\/www.europesays.com\/fr\/wp-json\/wp\/v2\/posts"}],"about":[{"href":"https:\/\/www.europesays.com\/fr\/wp-json\/wp\/v2\/types\/post"}],"author":[{"embeddable":true,"href":"https:\/\/www.europesays.com\/fr\/wp-json\/wp\/v2\/users\/2"}],"replies":[{"embeddable":true,"href":"https:\/\/www.europesays.com\/fr\/wp-json\/wp\/v2\/comments?post=657740"}],"version-history":[{"count":0,"href":"https:\/\/www.europesays.com\/fr\/wp-json\/wp\/v2\/posts\/657740\/revisions"}],"wp:featuredmedia":[{"embeddable":true,"href":"https:\/\/www.europesays.com\/fr\/wp-json\/wp\/v2\/media\/395849"}],"wp:attachment":[{"href":"https:\/\/www.europesays.com\/fr\/wp-json\/wp\/v2\/media?parent=657740"}],"wp:term":[{"taxonomy":"category","embeddable":true,"href":"https:\/\/www.europesays.com\/fr\/wp-json\/wp\/v2\/categories?post=657740"},{"taxonomy":"post_tag","embeddable":true,"href":"https:\/\/www.europesays.com\/fr\/wp-json\/wp\/v2\/tags?post=657740"}],"curies":[{"name":"wp","href":"https:\/\/api.w.org\/{rel}","templated":true}]}}