{"id":657742,"date":"2026-01-12T06:23:13","date_gmt":"2026-01-12T06:23:13","guid":{"rendered":"https:\/\/www.europesays.com\/fr\/657742\/"},"modified":"2026-01-12T06:23:13","modified_gmt":"2026-01-12T06:23:13","slug":"journee-noire-dans-les-stations-francaises-six-avalanches-distinctes-font-six-victimes-dont-trois-morts","status":"publish","type":"post","link":"https:\/\/www.europesays.com\/fr\/657742\/","title":{"rendered":"Journ\u00e9e noire dans les stations\u00a0fran\u00e7aises\u00a0: six avalanches distinctes font six victimes, dont trois morts"},"content":{"rendered":"<p>\n                                                                Ce dimanche 11\u00a0janvier, six avalanches ont \u00e9t\u00e9 recens\u00e9es dans les Alpes fran\u00e7aises. Cinq ont eu lieu dans des stations du d\u00e9partement de la Savoie, plus pr\u00e9cis\u00e9ment\u00a0\u00e0 Orelle, Tignes, Courchevel, le Corbier et la\u00a0Plagne. Une sixi\u00e8me a \u00e9t\u00e9 recens\u00e9e \u00e0 Vallorcine en Haute-Savoie. \u00c0 18\u00a0h\u00a045, le bilan humain fait \u00e9tat de trois morts et de deux bless\u00e9s.\n                            <\/p>\n<p>Au lendemain d\u2019une journ\u00e9e noire en haute montagne,<a href=\"https:\/\/www.midilibre.fr\/2026\/01\/10\/ils-netaient-pas-equipes-de-dva-deux-skieurs-en-hors-piste-emportes-par-une-avalanche-13155039.php\" target=\"_blank\" rel=\"noopener\"> avec trois et quatre bless\u00e9s dans deux avalanches,<\/a> de nouvelles coul\u00e9es de neige mortelles ont \u00e9t\u00e9 recens\u00e9es en Savoie et en Haute-Savoie.<\/p>\n<p><a href=\"https:\/\/www.ledauphine.com\/faits-divers-justice\/2026\/01\/11\/deux-avalanches-a-orelle-et-tignes-deux-blesses-evacues-vers-des-hopitaux\" target=\"_blank\" rel=\"noopener\">Selon les informations du Dauphin\u00e9 Lib\u00e9r\u00e9,<\/a> six avalanches se sont produites sur les deux d\u00e9partements. <strong>Quatre dans la seule matin\u00e9e du dimanche 11\u00a0janvier dans quatre stations diff\u00e9rentes<\/strong>. Les deux autres ont eu lieu dans l\u2019apr\u00e8s-midi.<\/p>\n<p>Des bless\u00e9s \u00e0 Tignes et Orelle<\/p>\n<p>La premi\u00e8re avalanche de cette journ\u00e9e noire a eu lieu aux alentours de 9\u00a0h\u00a030 \u00e0 <strong>Tignes<\/strong>. <a href=\"https:\/\/www.midilibre.fr\/2025\/12\/27\/emportee-sur-800-metres-pour-500-metres-de-denivele-une-femme-ensevelie-sous-une-avalanche-en-montagne-13132996.php\" target=\"_blank\" rel=\"noopener\">Une coul\u00e9e de neige s\u2019est d\u00e9clench\u00e9e<\/a> au-dessus du lac et a enseveli un snowboardeur jusqu\u2019\u00e0 la moiti\u00e9 de son corps, avant qu\u2019un second surfeur ne passe dans le secteur et d\u00e9clenche une suravalanche.<\/p>\n<p>Une quinzaine de minutes plus tard, l\u2019h\u00e9licopt\u00e8re du Service a\u00e9rien fran\u00e7ais (SAF) est arriv\u00e9 sur place avec \u00e0 son bord les secouristes du Peloton de gendarmerie de haute montagne (PGHM) de Savoie. Le snowboardeur enseveli a \u00e9t\u00e9 secouru. Il se trouvait en \u00e9tat d\u2019hypothermie et a \u00e9t\u00e9 transport\u00e9 vers le centre hospitalier de Bourg-Saint-Maurice.<\/p>\n<p>En Savoie toujours, \u00e0 <strong>Orelle<\/strong>, une avalanche a emport\u00e9 deux personnes non \u00e9quip\u00e9es de d\u00e9tecteur de victimes d\u2019avalanche (DVA). Les deux individus sont des skieurs qui s\u2019\u00e9taient engag\u00e9s en hors-piste.<\/p>\n<p>Le Dauphin\u00e9 Lib\u00e9r\u00e9 pr\u00e9cise que les deux skieurs sont deux fr\u00e8res \u00e2g\u00e9s de 25 \u00e0 30 ans. L\u2019un d\u2019eux a \u00e9t\u00e9 enseveli par l\u2019avalanche mais a pu \u00eatre rapidement sorti de la neige gr\u00e2ce \u00e0 l\u2019intervention des secours. Polytraumatis\u00e9, il a \u00e9t\u00e9 \u00e9vacu\u00e9 vers l\u2019h\u00f4pital de Saint-Jean-de-Maurienne. L\u2019autre fr\u00e8re s\u2019en est sorti indemne.<\/p>\n<p>Aucune victime au Corbier<\/p>\n<p><a href=\"https:\/\/www.midilibre.fr\/2025\/12\/27\/un-drame-a-plus-de-2000-metres-daltitude-un-groupe-de-skieurs-de-randonnees-emportes-par-une-avalanche-un-homme-meurt-dans-la-coulee-de-neige-13133262.php\" target=\"_blank\" rel=\"noopener\">Une autre avalanche<\/a> s\u2019est produite vers 10\u00a0heures ce dimanche dans la station du <strong>Corbier<\/strong>. Un groupe de jeunes skieurs se trouvait dans un secteur hors-piste nomm\u00e9 \u00ab\u00a0La vall\u00e9e perdue\u00a0\u00bb.<\/p>\n<p>Aucun des skieurs n\u2019a \u00e9t\u00e9 emport\u00e9 et le groupe s\u2019est pr\u00e9sent\u00e9 au poste de secours en pr\u00e9cisant qu\u2019ils \u00e9taient au complet. Les pisteurs-secouristes ont \u00e9t\u00e9 engag\u00e9s et ont pu confirmer l\u2019absence de victime.<\/p>\n<p>Des morts \u00e0 Courchevel, la\u00a0Plagne et Vallorcine<\/p>\n<p>Malheureusement, la derni\u00e8re avalanche de la matin\u00e9e de ce 11\u00a0janvier\u00a0<a href=\"https:\/\/www.midilibre.fr\/2026\/01\/03\/il-voulait-eviter-sa-fille-plus-bas-sur-la-piste-un-skieur-perd-lequilibre-percute-un-homme-et-termine-sa-course-dans-une-souche-darbre-13142211.php\" target=\"_blank\" rel=\"noopener\">a caus\u00e9 la mort d\u2019une personne<\/a>. La coul\u00e9e de neige s\u2019est produite peu avant midi sur le secteur hors-piste de Roche-Grise, dans la station de <strong>Courchevel<\/strong>. Les pisteurs ont aper\u00e7u l\u2019avalanche et ont appel\u00e9 le Peloton de gendarmerie de haute montagne (PGHM). \u00c0 l\u2019arriv\u00e9e des gendarmes, une personne ensevelie a \u00e9t\u00e9 retrouv\u00e9e d\u00e9c\u00e9d\u00e9e.<\/p>\n<p>\u00c0 <strong>La\u00a0Plagne<\/strong> (Savoie), un skieur britannique d\u2019environ 50 ans a \u00e9t\u00e9 enseveli en d\u00e9but d\u2019apr\u00e8s-midi sous une coul\u00e9e de neige, selon un communiqu\u00e9 de la station.<\/p>\n<p>Au total 52 secouristes, des chiens d\u2019avalanche et un h\u00e9licopt\u00e8re ont \u00e9t\u00e9 mobilis\u00e9s mais il a fallu 50 minutes pour le localiser sous 2,5\u00a0m de neige et il n\u2019a pas pu \u00eatre r\u00e9anim\u00e9.<\/p>\n<p>Autre drame, autre station. Un skieur hors-piste a p\u00e9ri dans une avalanche \u00e0 <strong>Vallorcine<\/strong>, en Haute-Savoie, a annonc\u00e9 la gendarmerie \u00e0 l\u2019AFP.<\/p>\n<p>Cet homme de 32 ans a \u00e9t\u00e9 emport\u00e9 en fin d\u2019apr\u00e8s-midi par une avalanche qui l\u2019a pr\u00e9cipit\u00e9 contre un arbre sans l\u2019ensevelir. Il n\u2019a pas surv\u00e9cu \u00e0 ses blessures, selon le Peloton de Gendarmerie de Haute-Montagne (PGHM) de Chamonix.<\/p>\n<p>D\u2019apr\u00e8s le Dauphin\u00e9 Lib\u00e9r\u00e9, <a href=\"https:\/\/www.ledauphine.com\/faits-divers-justice\/2026\/01\/11\/vallorcine-une-avalanche-tue-un-pisteur-pere-de-famille-du-domaine-de-la-flegere\" target=\"_blank\" rel=\"noopener\">la victime \u00e9tait pisteur sur le domaine skiable de la Fl\u00e9g\u00e8re \u00e0 Chamonix.<\/a><\/p>\n<p>\u00a0<\/p>\n","protected":false},"excerpt":{"rendered":"Ce dimanche 11\u00a0janvier, six avalanches ont \u00e9t\u00e9 recens\u00e9es dans les Alpes fran\u00e7aises. Cinq ont eu lieu dans des&hellip;\n","protected":false},"author":2,"featured_media":657743,"comment_status":"","ping_status":"","sticky":false,"template":"","format":"standard","meta":{"footnotes":""},"categories":[4],"tags":[11,118,1011,27,12,25],"class_list":{"0":"post-657742","1":"post","2":"type-post","3":"status-publish","4":"format-standard","5":"has-post-thumbnail","7":"category-france","8":"tag-actualites","9":"tag-faits-divers","10":"tag-fr","11":"tag-france","12":"tag-news","13":"tag-republique-francaise"},"share_on_mastodon":{"url":"https:\/\/pubeurope.com\/@fr\/115880696439809310","error":""},"_links":{"self":[{"href":"https:\/\/www.europesays.com\/fr\/wp-json\/wp\/v2\/posts\/657742","targetHints":{"allow":["GET"]}}],"collection":[{"href":"https:\/\/www.europesays.com\/fr\/wp-json\/wp\/v2\/posts"}],"about":[{"href":"https:\/\/www.europesays.com\/fr\/wp-json\/wp\/v2\/types\/post"}],"author":[{"embeddable":true,"href":"https:\/\/www.europesays.com\/fr\/wp-json\/wp\/v2\/users\/2"}],"replies":[{"embeddable":true,"href":"https:\/\/www.europesays.com\/fr\/wp-json\/wp\/v2\/comments?post=657742"}],"version-history":[{"count":0,"href":"https:\/\/www.europesays.com\/fr\/wp-json\/wp\/v2\/posts\/657742\/revisions"}],"wp:featuredmedia":[{"embeddable":true,"href":"https:\/\/www.europesays.com\/fr\/wp-json\/wp\/v2\/media\/657743"}],"wp:attachment":[{"href":"https:\/\/www.europesays.com\/fr\/wp-json\/wp\/v2\/media?parent=657742"}],"wp:term":[{"taxonomy":"category","embeddable":true,"href":"https:\/\/www.europesays.com\/fr\/wp-json\/wp\/v2\/categories?post=657742"},{"taxonomy":"post_tag","embeddable":true,"href":"https:\/\/www.europesays.com\/fr\/wp-json\/wp\/v2\/tags?post=657742"}],"curies":[{"name":"wp","href":"https:\/\/api.w.org\/{rel}","templated":true}]}}