{"id":657746,"date":"2026-01-12T06:25:10","date_gmt":"2026-01-12T06:25:10","guid":{"rendered":"https:\/\/www.europesays.com\/fr\/657746\/"},"modified":"2026-01-12T06:25:10","modified_gmt":"2026-01-12T06:25:10","slug":"saint-etienne-ils-cachaient-des-objets-voles-dans-leurs-chaussettes","status":"publish","type":"post","link":"https:\/\/www.europesays.com\/fr\/657746\/","title":{"rendered":"Saint-\u00c9tienne. Ils cachaient des objets vol\u00e9s dans leurs chaussettes"},"content":{"rendered":"<p>En visionnant <a href=\"https:\/\/www.leprogres.fr\/faits-divers-justice\/2025\/11\/02\/un-bond-de-geant-la-ville-aura-un-nouveau-centre-de-supervision-urbain-d-ici-fin-2026\" target=\"_blank\" rel=\"noopener\">les cam\u00e9ras de vid\u00e9osurveillance<\/a> du c\u00f4t\u00e9 de Centre-Deux ce vendredi 9\u00a0janvier en fin de journ\u00e9e, la police municipale remarque que des individus tentent de cacher des objets dans leurs chaussettes et chaussures. Elle demande l\u2019intervention de la police nationale qui interpelle les deux jeunes, un Alg\u00e9rien de 17 ans et un Tunisien de 20 ans.<\/p>\n<p>  Un t\u00e9l\u00e9phone vol\u00e9 au cours d\u2019une soir\u00e9e<\/p>\n<p>Sur eux, sont retrouv\u00e9s une cha\u00eene, un t\u00e9l\u00e9phone portable, un cutter et un couteau. Aucun ne semble leur appartenir.<\/p>\n<p>Tous deux d\u00e9clarent qu\u2019ils viennent d\u2019acheter ces objets dans le secteur. La victime du vol du mobile est retrouv\u00e9e. Son t\u00e9l\u00e9phone aurait \u00e9t\u00e9 subtilement d\u00e9rob\u00e9 la veille alors qu\u2019elle \u00e9tait en soir\u00e9e.<\/p>\n<p>Les deux gar\u00e7ons ont \u00e9t\u00e9 pr\u00e9sent\u00e9s \u00e0 un juge ce dimanche. Le majeur est convoqu\u00e9 dans le cadre d\u2019une comparution imm\u00e9diate ce lundi devant le tribunal judiciaire de Saint-\u00c9tienne. Le mineur sera jug\u00e9 ult\u00e9rieurement.<\/p>\n","protected":false},"excerpt":{"rendered":"En visionnant les cam\u00e9ras de vid\u00e9osurveillance du c\u00f4t\u00e9 de Centre-Deux ce vendredi 9\u00a0janvier en fin de journ\u00e9e, la&hellip;\n","protected":false},"author":2,"featured_media":657747,"comment_status":"","ping_status":"","sticky":false,"template":"","format":"standard","meta":{"footnotes":""},"categories":[9653],"tags":[1111,11,2430,271,272,7539,1777,674,274,1011,27,3367,12,25,4001,7538],"class_list":{"0":"post-657746","1":"post","2":"type-post","3":"status-publish","4":"format-standard","5":"has-post-thumbnail","7":"category-saint-etienne","8":"tag-actu","9":"tag-actualites","10":"tag-auvergne-rhone-alpes","11":"tag-crime","12":"tag-delit-et-contravention","13":"tag-edition-loire-sud","14":"tag-eu","15":"tag-europe","16":"tag-faits-divers-justice","17":"tag-fr","18":"tag-france","19":"tag-loire","20":"tag-news","21":"tag-republique-francaise","22":"tag-saint-etienne","23":"tag-saint-etienne-ville"},"share_on_mastodon":{"url":"https:\/\/pubeurope.com\/@fr\/115880704252690711","error":""},"_links":{"self":[{"href":"https:\/\/www.europesays.com\/fr\/wp-json\/wp\/v2\/posts\/657746","targetHints":{"allow":["GET"]}}],"collection":[{"href":"https:\/\/www.europesays.com\/fr\/wp-json\/wp\/v2\/posts"}],"about":[{"href":"https:\/\/www.europesays.com\/fr\/wp-json\/wp\/v2\/types\/post"}],"author":[{"embeddable":true,"href":"https:\/\/www.europesays.com\/fr\/wp-json\/wp\/v2\/users\/2"}],"replies":[{"embeddable":true,"href":"https:\/\/www.europesays.com\/fr\/wp-json\/wp\/v2\/comments?post=657746"}],"version-history":[{"count":0,"href":"https:\/\/www.europesays.com\/fr\/wp-json\/wp\/v2\/posts\/657746\/revisions"}],"wp:featuredmedia":[{"embeddable":true,"href":"https:\/\/www.europesays.com\/fr\/wp-json\/wp\/v2\/media\/657747"}],"wp:attachment":[{"href":"https:\/\/www.europesays.com\/fr\/wp-json\/wp\/v2\/media?parent=657746"}],"wp:term":[{"taxonomy":"category","embeddable":true,"href":"https:\/\/www.europesays.com\/fr\/wp-json\/wp\/v2\/categories?post=657746"},{"taxonomy":"post_tag","embeddable":true,"href":"https:\/\/www.europesays.com\/fr\/wp-json\/wp\/v2\/tags?post=657746"}],"curies":[{"name":"wp","href":"https:\/\/api.w.org\/{rel}","templated":true}]}}