{"id":657760,"date":"2026-01-12T06:42:10","date_gmt":"2026-01-12T06:42:10","guid":{"rendered":"https:\/\/www.europesays.com\/fr\/657760\/"},"modified":"2026-01-12T06:42:10","modified_gmt":"2026-01-12T06:42:10","slug":"a-rennes-une-association-denonce-la-vente-de-ce-monument-historique-a-un-promoteur-immobilier","status":"publish","type":"post","link":"https:\/\/www.europesays.com\/fr\/657760\/","title":{"rendered":"\u00c0 Rennes, une association d\u00e9nonce la vente de ce monument historique \u00e0 un promoteur immobilier"},"content":{"rendered":"<p>Il est l\u2019un des joyaux du patrimoine rennais. Propri\u00e9t\u00e9 de l\u2019\u00c9tat depuis 1793, le palais Saint-Melaine a \u00e9t\u00e9 vendu, en d\u00e9cembre 2025, \u00e0 la soci\u00e9t\u00e9 rennaise d\u2019investissement immobilier Westone. Associ\u00e9e sur le projet au promoteur Renaissances, filiale rennaise du groupe B\u00e2tisseurs d\u2019avenir et sp\u00e9cialiste de la restauration, les deux groupes \u00ab entendent redonner vie \u00e0 un site embl\u00e9matique, en conciliant pr\u00e9servation du patrimoine, exigence architecturale et nouveaux usages r\u00e9sidentiels et tertiaires \u00bb.<\/p>\n<p>La r\u00e9affectation de ce b\u00e2timent de plus de 3 000 m\u00b2, d\u00e9saffect\u00e9 depuis six ans, n\u2019est pas du go\u00fbt de l\u2019association Rennes en Sciences. \u00ab Cette d\u00e9cision de vente d\u2019un \u00e9difice public nous appara\u00eet totalement n\u00e9gative \u00bb.<\/p>\n<p>\u00ab Les collections ne demandent qu\u2019\u00e0 \u00eatre mises \u00e0 la disposition du public \u00bb<\/p>\n<p>Dans un communiqu\u00e9, l\u2019asso rennaise, qui \u0153uvre depuis une dizaine d\u2019ann\u00e9es \u00e0 la diffusion au plus grand nombre de la culture scientifique dans le pays rennais, milite pour la cr\u00e9ation d\u2019un \u00ab Palais de la D\u00e9couverte rennais \u00bb. \u00ab Le patrimoine scientifique rennais est tr\u00e8s riche. Il est dispers\u00e9 dans ses universit\u00e9s, ses \u00e9coles, ses lyc\u00e9es, ses mus\u00e9es. Les collections existent et ne demandent qu\u2019\u00e0 \u00eatre mises \u00e0 la disposition du public et des scolaires \u00bb.<\/p>\n<p>Situ\u00e9 \u00e0 quelques pas du parc Thabor, en plein centre-ville, ce monument historique construit en grande partie entre le XVIIe et le XVIIIe si\u00e8cle, a servi tour \u00e0 tour si\u00e8ge de l\u2019archev\u00each\u00e9 de Rennes, de la fac de droit, du rectorat. Plus temporairement \u00c9cole nationale de sant\u00e9, Centre de pr\u00e9paration \u00e0 l\u2019administration g\u00e9n\u00e9rale, le palais Saint-Melaine a \u00e9galement h\u00e9berg\u00e9 le Mus\u00e9um national d\u2019histoire naturelle et des arts de Rennes de 1840 \u00e0 1944.<\/p>\n","protected":false},"excerpt":{"rendered":"Il est l\u2019un des joyaux du patrimoine rennais. Propri\u00e9t\u00e9 de l\u2019\u00c9tat depuis 1793, le palais Saint-Melaine a \u00e9t\u00e9&hellip;\n","protected":false},"author":2,"featured_media":657761,"comment_status":"","ping_status":"","sticky":false,"template":"","format":"standard","meta":{"footnotes":""},"categories":[2821],"tags":[1111,11,829,1777,674,1011,27,848,12,584,25],"class_list":{"0":"post-657760","1":"post","2":"type-post","3":"status-publish","4":"format-standard","5":"has-post-thumbnail","7":"category-rennes","8":"tag-actu","9":"tag-actualites","10":"tag-bretagne","11":"tag-eu","12":"tag-europe","13":"tag-fr","14":"tag-france","15":"tag-ille-et-vilaine","16":"tag-news","17":"tag-rennes","18":"tag-republique-francaise"},"share_on_mastodon":{"url":"https:\/\/pubeurope.com\/@fr\/115880771195212367","error":""},"_links":{"self":[{"href":"https:\/\/www.europesays.com\/fr\/wp-json\/wp\/v2\/posts\/657760","targetHints":{"allow":["GET"]}}],"collection":[{"href":"https:\/\/www.europesays.com\/fr\/wp-json\/wp\/v2\/posts"}],"about":[{"href":"https:\/\/www.europesays.com\/fr\/wp-json\/wp\/v2\/types\/post"}],"author":[{"embeddable":true,"href":"https:\/\/www.europesays.com\/fr\/wp-json\/wp\/v2\/users\/2"}],"replies":[{"embeddable":true,"href":"https:\/\/www.europesays.com\/fr\/wp-json\/wp\/v2\/comments?post=657760"}],"version-history":[{"count":0,"href":"https:\/\/www.europesays.com\/fr\/wp-json\/wp\/v2\/posts\/657760\/revisions"}],"wp:featuredmedia":[{"embeddable":true,"href":"https:\/\/www.europesays.com\/fr\/wp-json\/wp\/v2\/media\/657761"}],"wp:attachment":[{"href":"https:\/\/www.europesays.com\/fr\/wp-json\/wp\/v2\/media?parent=657760"}],"wp:term":[{"taxonomy":"category","embeddable":true,"href":"https:\/\/www.europesays.com\/fr\/wp-json\/wp\/v2\/categories?post=657760"},{"taxonomy":"post_tag","embeddable":true,"href":"https:\/\/www.europesays.com\/fr\/wp-json\/wp\/v2\/tags?post=657760"}],"curies":[{"name":"wp","href":"https:\/\/api.w.org\/{rel}","templated":true}]}}