{"id":657764,"date":"2026-01-12T06:45:15","date_gmt":"2026-01-12T06:45:15","guid":{"rendered":"https:\/\/www.europesays.com\/fr\/657764\/"},"modified":"2026-01-12T06:45:15","modified_gmt":"2026-01-12T06:45:15","slug":"un-entraineur-vous-manque-et-tout-est-depeuple","status":"publish","type":"post","link":"https:\/\/www.europesays.com\/fr\/657764\/","title":{"rendered":"un entra\u00eeneur vous manque, et tout est d\u00e9peupl\u00e9"},"content":{"rendered":"<p>Une fois n&rsquo;est pas coutume, notre illustrateur Yannick Lefran\u00e7ois abandonne le temps d&rsquo;un dessin le riche sujet de la politique locale strasbourgeoise pour s&rsquo;int\u00e9resser \u00e0 la chaude actualit\u00e9&#8230; du Racing Cllub de Strasbourg. O\u00f9 l&rsquo;on a tir\u00e9 \u00e0 boulets rouges sur le pr\u00e9sident Marc Keller, largement tenu\u00a0 pour responsable du d\u00e9part de l&rsquo;entra\u00eeneur Liam Rosenior. <a href=\"https:\/\/www.dna.fr\/sport\/2026\/01\/07\/ma-porte-est-ouverte-mais-chacun-doit-rester-a-sa-place-marc-keller-assume-ses-choix-mclb\" target=\"_blank\" rel=\"noopener\">Mais l&rsquo;ancien attaquant star du club alsacien n&rsquo;est pas du genre \u00e0 se laisser submerger<\/a> par une telle offensive&#8230;<\/p>\n","protected":false},"excerpt":{"rendered":"Une fois n&rsquo;est pas coutume, notre illustrateur Yannick Lefran\u00e7ois abandonne le temps d&rsquo;un dessin le riche sujet de&hellip;\n","protected":false},"author":2,"featured_media":657765,"comment_status":"","ping_status":"","sticky":false,"template":"","format":"standard","meta":{"footnotes":""},"categories":[2820],"tags":[1111,11,2649,2880,1777,674,107,1011,27,775,12,41281,25,104,517,1947,640,2879],"class_list":{"0":"post-657764","1":"post","2":"type-post","3":"status-publish","4":"format-standard","5":"has-post-thumbnail","7":"category-strasbourg","8":"tag-actu","9":"tag-actualites","10":"tag-bas-rhin","11":"tag-edition-strasbourg","12":"tag-eu","13":"tag-europe","14":"tag-fil-info","15":"tag-fr","16":"tag-france","17":"tag-grand-est","18":"tag-news","19":"tag-racing-club-strasbourg-masculin","20":"tag-republique-francaise","21":"tag-societe","22":"tag-sport","23":"tag-sport-national","24":"tag-strasbourg","25":"tag-strasbourg-ville"},"share_on_mastodon":{"url":"https:\/\/pubeurope.com\/@fr\/115880782940735637","error":""},"_links":{"self":[{"href":"https:\/\/www.europesays.com\/fr\/wp-json\/wp\/v2\/posts\/657764","targetHints":{"allow":["GET"]}}],"collection":[{"href":"https:\/\/www.europesays.com\/fr\/wp-json\/wp\/v2\/posts"}],"about":[{"href":"https:\/\/www.europesays.com\/fr\/wp-json\/wp\/v2\/types\/post"}],"author":[{"embeddable":true,"href":"https:\/\/www.europesays.com\/fr\/wp-json\/wp\/v2\/users\/2"}],"replies":[{"embeddable":true,"href":"https:\/\/www.europesays.com\/fr\/wp-json\/wp\/v2\/comments?post=657764"}],"version-history":[{"count":0,"href":"https:\/\/www.europesays.com\/fr\/wp-json\/wp\/v2\/posts\/657764\/revisions"}],"wp:featuredmedia":[{"embeddable":true,"href":"https:\/\/www.europesays.com\/fr\/wp-json\/wp\/v2\/media\/657765"}],"wp:attachment":[{"href":"https:\/\/www.europesays.com\/fr\/wp-json\/wp\/v2\/media?parent=657764"}],"wp:term":[{"taxonomy":"category","embeddable":true,"href":"https:\/\/www.europesays.com\/fr\/wp-json\/wp\/v2\/categories?post=657764"},{"taxonomy":"post_tag","embeddable":true,"href":"https:\/\/www.europesays.com\/fr\/wp-json\/wp\/v2\/tags?post=657764"}],"curies":[{"name":"wp","href":"https:\/\/api.w.org\/{rel}","templated":true}]}}