{"id":65777,"date":"2025-05-01T01:46:13","date_gmt":"2025-05-01T01:46:13","guid":{"rendered":"https:\/\/www.europesays.com\/fr\/65777\/"},"modified":"2025-05-01T01:46:13","modified_gmt":"2025-05-01T01:46:13","slug":"une-residence-abritant-des-fonctionnaires-du-ministere-de-la-justice-visee-par-des-projectiles","status":"publish","type":"post","link":"https:\/\/www.europesays.com\/fr\/65777\/","title":{"rendered":"une r\u00e9sidence abritant des fonctionnaires du minist\u00e8re de la Justice vis\u00e9e par des projectiles"},"content":{"rendered":"<p><strong>INFO LE FIGARO<\/strong> &#8211; Une dizaine d\u2019individus ont jet\u00e9 des pierres et un cocktail Molotov en direction du b\u00e2timent, visant une fonctionnaire du tribunal judiciaire de Marseille affect\u00e9e au p\u00f4le des mineurs. Une enqu\u00eate a \u00e9t\u00e9 ouverte.<\/p>\n<p class=\"fig-paragraph\">Une nouvelle provocation \u00e0 l\u2019\u00e9gard du personnel de la justice fran\u00e7aise, d\u00e9j\u00e0 \u00e9prouv\u00e9 par\u00a0<a href=\"http:\/\/www.lefigaro.fr\/politique\/attaques-des-prisons-dans-les-coulisses-d-une-enquete-hors-norme-pour-confondre-les-auteurs-20250429\" data-fig-type=\"Article\" data-gtm-custom-categorie=\"navigation\" data-gtm-custom-action=\"crossclick\" data-gtm-custom-label=\"Contextuel\" data-gtm-event=\"customEventSPE\" data-fig-domain=\"LEFIGARO\" rel=\"nofollow noopener\" target=\"_blank\">les attaques ciblant de nombreux agents p\u00e9nitentiaires<\/a>\u00a0partout \u00e0 travers l\u2019Hexagone. Dimanche dernier dans la soir\u00e9e, c\u2019est une fonctionnaire travaillant au tribunal judiciaire de Marseille et affect\u00e9e au p\u00f4le des mineurs qui a \u00e9t\u00e9 la cible d\u2019intimidations de la part de malfaiteurs pr\u00eats \u00e0 en d\u00e9coudre.<\/p>\n<p class=\"fig-paragraph\">Comme confirm\u00e9 au Figaro de sources polici\u00e8res concordantes, une dizaine de jeunes individus ont fait irruption devant le b\u00e2timent dans lequel logeait la victime, une r\u00e9sidence des quartiers nord abritant notamment des fonctionnaires du minist\u00e8re de la Justice. Ils ont jet\u00e9 des pierres et au moins un cocktail Molotov contre la fa\u00e7ade du b\u00e2timent et des v\u00e9hicules gar\u00e9s \u00e0 proximit\u00e9 avant de prendre la fuite.<\/p>\n<p>Harc\u00e8lement depuis plusieurs semaines<\/p>\n<p class=\"fig-paragraph\">Saisies, les forces de l\u2019ordre ont retrouv\u00e9 plusieurs projectiles ainsi qu\u2019une bouteille en verre contenant des traces d\u2019essence. Une source proche du dossier a confirm\u00e9 au Figaro que de nombreuses patrouilles de police avaient \u00e9t\u00e9 mobilis\u00e9es dans la foul\u00e9e de l\u2019attaque pour quadriller le secteur et qu\u2019aucune autre attaque n\u2019avait \u00e9t\u00e9 recens\u00e9e aux abords de la r\u00e9sidence depuis.<\/p>\n<p class=\"fig-paragraph\">Sollicit\u00e9, le parquet de Marseille a confirm\u00e9 qu\u2019une enqu\u00eate avait \u00e9t\u00e9 ouverte, notamment du chef de \u00abviolences avec arme et d\u00e9gradations de biens priv\u00e9s\u00bb selon une source. D\u2019apr\u00e8s les premiers \u00e9l\u00e9ments, la victime serait connue de cette bande issue de la cit\u00e9 et harcel\u00e9e depuis plusieurs semaines car suspect\u00e9e de \u00abprendre des informations\u00bb et \u00abfaire du rep\u00e9rage\u00bb \u00e0 proximit\u00e9 du point de deal du quartier.<\/p>\n","protected":false},"excerpt":{"rendered":"INFO LE FIGARO &#8211; Une dizaine d\u2019individus ont jet\u00e9 des pierres et un cocktail Molotov en direction du&hellip;\n","protected":false},"author":2,"featured_media":65778,"comment_status":"","ping_status":"","sticky":false,"template":"","format":"standard","meta":{"footnotes":""},"categories":[2814],"tags":[1111,11,834,885,1182,1180,1181,1777,674,1011,27,303,1184,1185,884,12,1177,1176,149,1186,882,25,1178,1183,1179],"class_list":{"0":"post-65777","1":"post","2":"type-post","3":"status-publish","4":"format-standard","5":"has-post-thumbnail","7":"category-marseille","8":"tag-actu","9":"tag-actualites","10":"tag-attaque","11":"tag-bouches-du-rhone","12":"tag-calanques","13":"tag-canebiere","14":"tag-cite-phoceenne","15":"tag-eu","16":"tag-europe","17":"tag-fr","18":"tag-france","19":"tag-justice","20":"tag-la-timone","21":"tag-les-baumettes-mediterranee","22":"tag-marseille","23":"tag-news","24":"tag-notre-dame-de-la-garde","25":"tag-olympique-de-marseille","26":"tag-om","27":"tag-provence","28":"tag-provence-alpes-cote-dazur","29":"tag-republique-francaise","30":"tag-saint-charles","31":"tag-sormiou","32":"tag-vieux-port"},"share_on_mastodon":{"url":"https:\/\/pubeurope.com\/@fr\/114430055803663859","error":""},"_links":{"self":[{"href":"https:\/\/www.europesays.com\/fr\/wp-json\/wp\/v2\/posts\/65777","targetHints":{"allow":["GET"]}}],"collection":[{"href":"https:\/\/www.europesays.com\/fr\/wp-json\/wp\/v2\/posts"}],"about":[{"href":"https:\/\/www.europesays.com\/fr\/wp-json\/wp\/v2\/types\/post"}],"author":[{"embeddable":true,"href":"https:\/\/www.europesays.com\/fr\/wp-json\/wp\/v2\/users\/2"}],"replies":[{"embeddable":true,"href":"https:\/\/www.europesays.com\/fr\/wp-json\/wp\/v2\/comments?post=65777"}],"version-history":[{"count":0,"href":"https:\/\/www.europesays.com\/fr\/wp-json\/wp\/v2\/posts\/65777\/revisions"}],"wp:featuredmedia":[{"embeddable":true,"href":"https:\/\/www.europesays.com\/fr\/wp-json\/wp\/v2\/media\/65778"}],"wp:attachment":[{"href":"https:\/\/www.europesays.com\/fr\/wp-json\/wp\/v2\/media?parent=65777"}],"wp:term":[{"taxonomy":"category","embeddable":true,"href":"https:\/\/www.europesays.com\/fr\/wp-json\/wp\/v2\/categories?post=65777"},{"taxonomy":"post_tag","embeddable":true,"href":"https:\/\/www.europesays.com\/fr\/wp-json\/wp\/v2\/tags?post=65777"}],"curies":[{"name":"wp","href":"https:\/\/api.w.org\/{rel}","templated":true}]}}