{"id":657779,"date":"2026-01-12T06:53:10","date_gmt":"2026-01-12T06:53:10","guid":{"rendered":"https:\/\/www.europesays.com\/fr\/657779\/"},"modified":"2026-01-12T06:53:10","modified_gmt":"2026-01-12T06:53:10","slug":"onze-ans-apres-les-attentats-de-janvier-2015-toulouse-peut-mieux-faire-pour-rester-charlie","status":"publish","type":"post","link":"https:\/\/www.europesays.com\/fr\/657779\/","title":{"rendered":"Onze ans apr\u00e8s les attentats de janvier\u00a02015\u00a0: Toulouse peut mieux faire pour rester Charlie"},"content":{"rendered":"<p>\n                                                                    l&rsquo;essentiel<br \/>\n                                                                Seulement quelques dizaines de personnes ont rendu hommage, dimanche\u00a0\u00e0 Toulouse, aux victimes des attentats de janvier\u00a02015 qui ont d\u00e9cim\u00e9 la r\u00e9daction de Charlie Hebdo.\n                            <\/p>\n<p>Pour rendre hommage aux victimes des attentats islamistes de janvier\u00a02015 qui ont frapp\u00e9 la r\u00e9daction de Charlie Hebdo \u00e0 Paris, co\u00fbt\u00e9 la vie \u00e0 une polici\u00e8re municipale \u00e0 Montrouge et tu\u00e9 des innocents \u00e0 l\u2019Hyper Casher de la porte de Vincennes, un hommage s\u2019est d\u00e9roul\u00e9, dimanche 11\u00a0janvier, place du Salin, \u00e0 Toulouse. La mobilisation \u00e9tait bien moindre que le rassemblement spontan\u00e9 qui avait eu lieu, le 7\u00a0janvier 2015, remplissant en quelques minutes la place du Capitole. Onze ans apr\u00e8s, seulement quelques dizaines de personnes parmi lesquelles de nombreux \u00e9lus dont le maire de Toulouse Jean-Luc Moudenc mais aussi son opposant socialiste Fran\u00e7ois Brian\u00e7on, ont continu\u00e9 \u00e0 dire leur refus de l\u2019obscurantisme.<\/p>\n<p class=\"std-elt__inline\">\n        <strong>\u00c0 lire aussi :<\/strong><br \/>\n        <a href=\"https:\/\/www.ladepeche.fr\/2025\/01\/07\/charlie-hebdo-dix-ans-apres-jai-toujours-la-carte-de-presse-de-mon-pere-dans-mon-portefeuille-gabrielle-raconte-son-pere-bernard-maris-12429150.php\" target=\"_blank\" rel=\"noopener\">Charlie hebdo, dix ans apr\u00e8s\u00a0: \u00ab\u00a0J\u2019ai toujours la carte de presse de mon p\u00e8re dans mon portefeuille\u2026\u00a0\u00bb Gabrielle raconte son p\u00e8re, Bernard Maris<\/a>\n    <\/p>\n<p>\u00ab\u00a0Merci pour votre pr\u00e9sence \u00e0 cet hommage organis\u00e9 par le Printemps R\u00e9publicain Occitanie en partenariat avec la Licra, le comit\u00e9 La\u00efcit\u00e9 R\u00e9publique et Libres Mariannes que je remercie\u00a0\u00bb a indiqu\u00e9 l\u2019ancienne s\u00e9natrice Fran\u00e7oise Laborde, charg\u00e9e de lire une d\u00e9claration engag\u00e9e de Marika Bret, pr\u00e9sidente du Printemps R\u00e9publicain, ancienne DRH de Charlie Hebdo et compagne de Charb d\u00e9c\u00e9d\u00e9 dans l\u2019attentat.<\/p>\n<p class=\"std-elt__inline\">\n        <strong>\u00c0 lire aussi :<\/strong><br \/>\n        <a href=\"https:\/\/www.ladepeche.fr\/2025\/12\/25\/caricaturee-avec-des-bananes-rokhaya-diallo-denonce-le-racisme-de-charlie-hebdo-13130546.php\" target=\"_blank\" rel=\"noopener\">Caricatur\u00e9e avec des bananes, Rokhaya Diallo d\u00e9nonce le racisme de Charlie Hebdo<\/a>\n    <\/p>\n<p>\u00ab\u00a0Alors que l\u2019extr\u00eame droite est proche de prendre les cl\u00e9s de l\u2019\u00c9lys\u00e9e, il y a quinze jours, une partie de la gauche a discr\u00e9dit\u00e9, humili\u00e9 et sali Charlie Hebdo, journal satirique qui m\u00e8ne le combat \u00e0 coups de crayon contre tous les extr\u00e9mistes, fanatiques, sectaires et factieux\u00a0\u00bb, a d\u00e9plor\u00e9 Marika Bret. \u00ab\u00a0Des d\u00e9put\u00e9s de la France Insoumise ont encore assimil\u00e9 Charlie Hebdo \u00e0 Valeurs Actuelles et Minute [\u2026] L\u2019antis\u00e9mitisme n\u2019est pas seulement d\u2019extr\u00eame droite, il est aussi une boursouflure purulente dans d\u2019autres partis et mouvements politiques \u00e0 gauche\u00a0\u00bb.<\/p>\n","protected":false},"excerpt":{"rendered":"l&rsquo;essentiel Seulement quelques dizaines de personnes ont rendu hommage, dimanche\u00a0\u00e0 Toulouse, aux victimes des attentats de janvier\u00a02015 qui&hellip;\n","protected":false},"author":2,"featured_media":657780,"comment_status":"","ping_status":"","sticky":false,"template":"","format":"standard","meta":{"footnotes":""},"categories":[2816],"tags":[1111,11,76022,1777,674,1011,27,329,2722,12,2680,25,1254,2312],"class_list":{"0":"post-657779","1":"post","2":"type-post","3":"status-publish","4":"format-standard","5":"has-post-thumbnail","7":"category-toulouse","8":"tag-actu","9":"tag-actualites","10":"tag-attentats-de-janvier-2015","11":"tag-eu","12":"tag-europe","13":"tag-fr","14":"tag-france","15":"tag-france-monde","16":"tag-haute-garonne","17":"tag-news","18":"tag-occitanie","19":"tag-republique-francaise","20":"tag-terrorisme","21":"tag-toulouse"},"share_on_mastodon":{"url":"https:\/\/pubeurope.com\/@fr\/115880814517324087","error":""},"_links":{"self":[{"href":"https:\/\/www.europesays.com\/fr\/wp-json\/wp\/v2\/posts\/657779","targetHints":{"allow":["GET"]}}],"collection":[{"href":"https:\/\/www.europesays.com\/fr\/wp-json\/wp\/v2\/posts"}],"about":[{"href":"https:\/\/www.europesays.com\/fr\/wp-json\/wp\/v2\/types\/post"}],"author":[{"embeddable":true,"href":"https:\/\/www.europesays.com\/fr\/wp-json\/wp\/v2\/users\/2"}],"replies":[{"embeddable":true,"href":"https:\/\/www.europesays.com\/fr\/wp-json\/wp\/v2\/comments?post=657779"}],"version-history":[{"count":0,"href":"https:\/\/www.europesays.com\/fr\/wp-json\/wp\/v2\/posts\/657779\/revisions"}],"wp:featuredmedia":[{"embeddable":true,"href":"https:\/\/www.europesays.com\/fr\/wp-json\/wp\/v2\/media\/657780"}],"wp:attachment":[{"href":"https:\/\/www.europesays.com\/fr\/wp-json\/wp\/v2\/media?parent=657779"}],"wp:term":[{"taxonomy":"category","embeddable":true,"href":"https:\/\/www.europesays.com\/fr\/wp-json\/wp\/v2\/categories?post=657779"},{"taxonomy":"post_tag","embeddable":true,"href":"https:\/\/www.europesays.com\/fr\/wp-json\/wp\/v2\/tags?post=657779"}],"curies":[{"name":"wp","href":"https:\/\/api.w.org\/{rel}","templated":true}]}}