{"id":657783,"date":"2026-01-12T06:55:20","date_gmt":"2026-01-12T06:55:20","guid":{"rendered":"https:\/\/www.europesays.com\/fr\/657783\/"},"modified":"2026-01-12T06:55:20","modified_gmt":"2026-01-12T06:55:20","slug":"le-topoguide-lille-metropole-a-pied-escapades-entre-ville-et-campagne","status":"publish","type":"post","link":"https:\/\/www.europesays.com\/fr\/657783\/","title":{"rendered":"Le topoguide \u00ab Lille M\u00e9tropole\u2026 \u00e0 pied\u00ae \u2013 Escapades entre ville et campagne \u00bb"},"content":{"rendered":"<p>\u00a0Le topoguide <b>\u00ab Lille M\u00e9tropole\u2026 \u00e0 pied\u00ae\u00a0\u2013 Escapades entre ville et campagne \u00bb<\/b>\u00a0propose <b>34 promenades et randonn\u00e9es<\/b> pour d\u00e9couvrir la <b>m\u00e9tropole lilloise \u00e0 pied<\/b>, entre espaces naturels, patrimoine urbain, canaux, parcs, villages et paysages verdoyants.\u00a0<\/p>\n<p>Accessible \u00e0 tous les niveaux, ce guide met en valeur un territoire aux <b>multiples facettes : vert, culturel, gourmand, industriel, sportif et festif<\/b>, avec des itin\u00e9raires <b>faciles \u00e0 mod\u00e9r\u00e9s<\/b>, de dur\u00e9es variables et <b>majoritairement accessibles en transports en commun<\/b>. <\/p>\n<p>Con\u00e7u par le comit\u00e9 <a href=\"https:\/\/nord.ffrandonnee.fr\/\" target=\"_blank\" rel=\"noopener\"><b>FFRandonn\u00e9e Nord<\/b><\/a>, en partenariat avec la <b>M\u00e9tropole Europ\u00e9enne de Lille (MEL)<\/b>, ce topoguide s\u2019inscrit dans une d\u00e9marche de <b>valorisation durable du territoire<\/b>, de mobilit\u00e9 douce et de d\u00e9couverte de proximit\u00e9.\u00a0<\/p>\n<p>Il inclut <b>8 itin\u00e9raires PR adapt\u00e9s \u00e0 la marche nordique<\/b>, ainsi que des parcours id\u00e9aux pour la randonn\u00e9e p\u00e9destre, la balade urbaine et la d\u00e9couverte du patrimoine local. <br \/>En compl\u00e9ment, le guide pr\u00e9sente le <b>GR\u00ae121B<\/b>, un itin\u00e9raire pittoresque de <b>53 km en 3 jours<\/b>, traversant villages de charme, for\u00eats et sites historiques.\u00a0<\/p>\n<p>Un guide indispensable pour explorer <b>Lille, Roubaix, Tourcoing, Villeneuve-d\u2019Ascq et l\u2019ensemble de la MEL<\/b>, sac \u00e0 dos ou baskets aux pieds. <br \/>Entre patrimoine urbain, canaux paisibles et havres de nature, <b>Lille M\u00e9tropole\u2026 \u00e0 pied\u00ae<\/b>\u00a0invite \u00e0 explorer un territoire surprenant, o\u00f9 la randonn\u00e9e se vit aussi bien au c\u0153ur de la ville que dans une campagne pr\u00e9serv\u00e9e. <\/p>\n<p>Une destination id\u00e9ale pour varier les plaisirs, \u00e0 pied, toute l\u2019ann\u00e9e.\u00a0<\/p>\n<p>Ce nouveau topoguide\u00a0est le fruit d\u2019un travail passionn\u00e9 men\u00e9 par les <b>b\u00e9n\u00e9voles du comit\u00e9 FFRandonn\u00e9e Nord. <br \/><\/b>Des femmes et des hommes qui connaissent le territoire sur le bout des chaussures\u2026 parce que ce sont <b>les sentiers qu\u2019ils empruntent, entretiennent et parcourent tous les jours<\/b>.\u00a0<\/p>\n<p><a href=\"https:\/\/boutique.ffrandonnee.fr\/lille-metropole-a-pied\" target=\"_blank\" rel=\"noopener\">Topoguide <b>\u00ab Lille M\u00e9tropole\u2026 \u00e0 pied\u00ae \u2013 Escapades entre ville et campagne \u00bb<\/b><\/a><b> <\/b><\/p>\n<p style=\"text-align: center;\"><b> <img loading=\"lazy\" decoding=\"async\" width=\"228\" height=\"355\" alt=\"\" src=\"https:\/\/www.europesays.com\/fr\/wp-content\/uploads\/2026\/01\/topo_lille-metropole-a-pied-2026-1100.jpeg\"\/> <\/b><\/p>\n","protected":false},"excerpt":{"rendered":"\u00a0Le topoguide \u00ab Lille M\u00e9tropole\u2026 \u00e0 pied\u00ae\u00a0\u2013 Escapades entre ville et campagne \u00bb\u00a0propose 34 promenades et randonn\u00e9es pour&hellip;\n","protected":false},"author":2,"featured_media":657784,"comment_status":"","ping_status":"","sticky":false,"template":"","format":"standard","meta":{"footnotes":""},"categories":[2815],"tags":[1111,11,28225,28226,28217,28218,1777,674,28216,28227,28228,1011,27,28211,28212,811,28215,28224,1307,28219,28222,12,28213,28221,28220,25,28214,28223],"class_list":{"0":"post-657783","1":"post","2":"type-post","3":"status-publish","4":"format-standard","5":"has-post-thumbnail","7":"category-lille","8":"tag-actu","9":"tag-actualites","10":"tag-animateur-de-randonnee","11":"tag-balisage","12":"tag-clubs-de-randonnee","13":"tag-disciplines-de-randonnee","14":"tag-eu","15":"tag-europe","16":"tag-federation-francaise-de-la-randonnee-pedestre","17":"tag-ffrandonnee","18":"tag-ffrp","19":"tag-fr","20":"tag-france","21":"tag-gr","22":"tag-grande-randonnee","23":"tag-hauts-de-france","24":"tag-itineraires-de-randonnee","25":"tag-itinerance","26":"tag-lille","27":"tag-longe-cote","28":"tag-marche-nordique","29":"tag-news","30":"tag-promenade-et-randonnee","31":"tag-rando-challenge","32":"tag-raquette-a-neige","33":"tag-republique-francaise","34":"tag-topoguide","35":"tag-trek"},"share_on_mastodon":{"url":"https:\/\/pubeurope.com\/@fr\/115880822396535789","error":""},"_links":{"self":[{"href":"https:\/\/www.europesays.com\/fr\/wp-json\/wp\/v2\/posts\/657783","targetHints":{"allow":["GET"]}}],"collection":[{"href":"https:\/\/www.europesays.com\/fr\/wp-json\/wp\/v2\/posts"}],"about":[{"href":"https:\/\/www.europesays.com\/fr\/wp-json\/wp\/v2\/types\/post"}],"author":[{"embeddable":true,"href":"https:\/\/www.europesays.com\/fr\/wp-json\/wp\/v2\/users\/2"}],"replies":[{"embeddable":true,"href":"https:\/\/www.europesays.com\/fr\/wp-json\/wp\/v2\/comments?post=657783"}],"version-history":[{"count":0,"href":"https:\/\/www.europesays.com\/fr\/wp-json\/wp\/v2\/posts\/657783\/revisions"}],"wp:featuredmedia":[{"embeddable":true,"href":"https:\/\/www.europesays.com\/fr\/wp-json\/wp\/v2\/media\/657784"}],"wp:attachment":[{"href":"https:\/\/www.europesays.com\/fr\/wp-json\/wp\/v2\/media?parent=657783"}],"wp:term":[{"taxonomy":"category","embeddable":true,"href":"https:\/\/www.europesays.com\/fr\/wp-json\/wp\/v2\/categories?post=657783"},{"taxonomy":"post_tag","embeddable":true,"href":"https:\/\/www.europesays.com\/fr\/wp-json\/wp\/v2\/tags?post=657783"}],"curies":[{"name":"wp","href":"https:\/\/api.w.org\/{rel}","templated":true}]}}