{"id":657791,"date":"2026-01-12T06:59:17","date_gmt":"2026-01-12T06:59:17","guid":{"rendered":"https:\/\/www.europesays.com\/fr\/657791\/"},"modified":"2026-01-12T06:59:17","modified_gmt":"2026-01-12T06:59:17","slug":"lyon-flixbus-quitte-lyon-perrache-pour-la-nouvelle-gare-routiere-de-gerland-ce-lundi","status":"publish","type":"post","link":"https:\/\/www.europesays.com\/fr\/657791\/","title":{"rendered":"Lyon. FlixBus quitte Lyon Perrache pour la nouvelle gare routi\u00e8re de Gerland ce lundi"},"content":{"rendered":"<p>Dans le cadre du r\u00e9am\u00e9nagement du quartier Lyon Perrache, FlixBus annonce son d\u00e9m\u00e9nagement vers la nouvelle gare routi\u00e8re de Lyon Gerland d\u00e8s ce lundi 12\u00a0janvier. Cette infrastructure r\u00e9cente est implant\u00e9e dans le 7\u1d49 arrondissement, \u00e0 proximit\u00e9 imm\u00e9diate du Stade de Gerland (Matmut Stadium), du Palais des Sports et de l\u2019avenue Tony Garnier. Port\u00e9e par la municipalit\u00e9, cette nouvelle gare routi\u00e8re internationale a \u00e9t\u00e9 con\u00e7ue pour accueillir un important flux de voyageurs.<\/p>\n<p>\u00c0 compter de cette date, la quasi-totalit\u00e9 des services FlixBus \u00e0 Lyon sera op\u00e9r\u00e9e depuis ce nouvel arr\u00eat, indique le leader mondial du transport de passagers par autocar dans un communiqu\u00e9. Implant\u00e9e dans une zone pens\u00e9e pour offrir de bonnes conditions d\u2019accueil, la gare routi\u00e8re de Gerland sera accessible en transports en commun, notamment via le tramway T1 et la ligne de m\u00e9tro B.<\/p>\n<p>  19 quais accessibles 24h\/24<\/p>\n<p>Enti\u00e8rement d\u00e9di\u00e9e aux autocars, <a href=\"https:\/\/www.leprogres.fr\/environnement\/2025\/10\/17\/gare-routiere-deplacee-a-gerland-mieux-installee-mais-a-quel-prix\" target=\"_blank\" rel=\"noopener\">la nouvelle infrastructure<\/a> disposera de 19 quais ouverts en continu ainsi que d\u2019un b\u00e2timent moderne comprenant des guichets de vente, des salles d\u2019attente, des sanitaires et des dispositifs d\u2019information voyageurs. La s\u00e9curit\u00e9 des passagers sera assur\u00e9e par la pr\u00e9sence d\u2019agents en journ\u00e9e, avec un dispositif renforc\u00e9 la nuit, ainsi que par 24 cam\u00e9ras de t\u00e9l\u00e9surveillance.<\/p>\n<p>Si la gare routi\u00e8re sera ouverte 24 heures sur 24, un arr\u00eat nocturne compl\u00e9mentaire sera maintenu quai Jules Courmont, \u00e0 proximit\u00e9 de la place Bellecour. Cette solution vise \u00e0 compenser la r\u00e9duction de l\u2019offre de transports en commun entre minuit et 5 heures du matin dans le secteur de Gerland.<\/p>\n<p>  Lyon parmi les principales destinations FlixBus<\/p>\n<p>Deuxi\u00e8me destination <a href=\"https:\/\/www.leprogres.fr\/economie\/2025\/06\/27\/flixbus-renforce-ses-connexions-avec-l-aeroport-lyon-saint-exupery\" target=\"_blank\" rel=\"noopener\">FlixBus en France<\/a> , Lyon enregistre chaque ann\u00e9e le passage d\u2019un \u00e0 deux millions de voyageurs \u00e0 bord des autocars verts, \u00e0 destination ou en provenance de l\u2019ensemble du territoire fran\u00e7ais et de l\u2019Europe. En p\u00e9riode de forte affluence, pr\u00e8s de 200 FlixBus par jour desserviront le site de Gerland. Cette gare routi\u00e8re jouera un r\u00f4le transitoire avant l\u2019ouverture d\u2019une future infrastructure pr\u00e9vue dans le quartier Parilly-V\u00e9nissieux \u00e0 l\u2019horizon 2032.<\/p>\n<p>\u00ab\u00a0Ce nouveau d\u00e9part pour FlixBus \u00e0 Lyon s\u2019inscrit dans une d\u00e9marche de modernisation des infrastructures r\u00e9clam\u00e9e de longue date par les op\u00e9rateurs de cars longue distance, en collaboration avec l\u2019ART. Cette nouvelle gare va transformer l\u2019exp\u00e9rience des voyageurs \u00e0 destination ou au d\u00e9part de Lyon en leur offrant des services et un accueil sur mesure\u00a0\u00bb, pr\u00e9cise Vincent Hays, Managing Director FlixBus France.<\/p>\n","protected":false},"excerpt":{"rendered":"Dans le cadre du r\u00e9am\u00e9nagement du quartier Lyon Perrache, FlixBus annonce son d\u00e9m\u00e9nagement vers la nouvelle gare routi\u00e8re&hellip;\n","protected":false},"author":2,"featured_media":657792,"comment_status":"","ping_status":"","sticky":false,"template":"","format":"standard","meta":{"footnotes":""},"categories":[1889],"tags":[1111,11,2430,33,2757,1777,674,107,1011,27,2428,2756,12,25,2429,602,2803],"class_list":{"0":"post-657791","1":"post","2":"type-post","3":"status-publish","4":"format-standard","5":"has-post-thumbnail","7":"category-lyon","8":"tag-actu","9":"tag-actualites","10":"tag-auvergne-rhone-alpes","11":"tag-economie","12":"tag-edition-lyon-villeurbanne","13":"tag-eu","14":"tag-europe","15":"tag-fil-info","16":"tag-fr","17":"tag-france","18":"tag-lyon","19":"tag-lyon-bassin","20":"tag-news","21":"tag-republique-francaise","22":"tag-rhone","23":"tag-tourisme","24":"tag-transport"},"share_on_mastodon":{"url":"https:\/\/pubeurope.com\/@fr\/115880837964066187","error":""},"_links":{"self":[{"href":"https:\/\/www.europesays.com\/fr\/wp-json\/wp\/v2\/posts\/657791","targetHints":{"allow":["GET"]}}],"collection":[{"href":"https:\/\/www.europesays.com\/fr\/wp-json\/wp\/v2\/posts"}],"about":[{"href":"https:\/\/www.europesays.com\/fr\/wp-json\/wp\/v2\/types\/post"}],"author":[{"embeddable":true,"href":"https:\/\/www.europesays.com\/fr\/wp-json\/wp\/v2\/users\/2"}],"replies":[{"embeddable":true,"href":"https:\/\/www.europesays.com\/fr\/wp-json\/wp\/v2\/comments?post=657791"}],"version-history":[{"count":0,"href":"https:\/\/www.europesays.com\/fr\/wp-json\/wp\/v2\/posts\/657791\/revisions"}],"wp:featuredmedia":[{"embeddable":true,"href":"https:\/\/www.europesays.com\/fr\/wp-json\/wp\/v2\/media\/657792"}],"wp:attachment":[{"href":"https:\/\/www.europesays.com\/fr\/wp-json\/wp\/v2\/media?parent=657791"}],"wp:term":[{"taxonomy":"category","embeddable":true,"href":"https:\/\/www.europesays.com\/fr\/wp-json\/wp\/v2\/categories?post=657791"},{"taxonomy":"post_tag","embeddable":true,"href":"https:\/\/www.europesays.com\/fr\/wp-json\/wp\/v2\/tags?post=657791"}],"curies":[{"name":"wp","href":"https:\/\/api.w.org\/{rel}","templated":true}]}}