{"id":657793,"date":"2026-01-12T07:01:09","date_gmt":"2026-01-12T07:01:09","guid":{"rendered":"https:\/\/www.europesays.com\/fr\/657793\/"},"modified":"2026-01-12T07:01:09","modified_gmt":"2026-01-12T07:01:09","slug":"meteo-ile-de-france-une-semaine-douce-mais-souvent-tres-ventee","status":"publish","type":"post","link":"https:\/\/www.europesays.com\/fr\/657793\/","title":{"rendered":"M\u00e9t\u00e9o \u00cele-de-France : une semaine douce mais souvent tr\u00e8s vent\u00e9e"},"content":{"rendered":"<p>La m\u00e9t\u00e9o en \u00cele-de-France s\u2019annonce globalement douce pour la saison, avec une alternance de passages nuageux, d\u2019averses localis\u00e9es et de p\u00e9riodes ensoleill\u00e9es. Le vent soufflera r\u00e9guli\u00e8rement, parfois assez fort, invitant \u00e0 la vigilance pour certains d\u00e9placements ou activit\u00e9s ext\u00e9rieures.<\/p>\n<p>                                            M\u00e9t\u00e9o en \u00cele-de-France ce lundi 12 janvier<\/p>\n<p>    Matin<\/p>\n<p>La matin\u00e9e s\u2019ouvre sur une ambiance tr\u00e8s douce, avec des temp\u00e9ratures comprises entre <b>7\u00b0C et 10\u00b0C<\/b>. Les nuages resteront majoritaires, apportant localement de <a href=\"https:\/\/actus.meteocity.com\/pluie\" target=\"_blank\" rel=\"noopener\">faibles pluies<\/a> sur certains secteurs. Quelques \u00e9claircies seront visibles, insufflant des moments plus lumineux, notamment \u00e0 l\u2019ouest. Le vent restera pr\u00e9sent, avec des rafales jusqu\u2019\u00e0 <b>44 km\/h<\/b> au sud de la r\u00e9gion.<\/p>\n<p>Apr\u00e8s-midi<\/p>\n<p>L\u2019apr\u00e8s-midi poursuivra sur ce r\u00e9gime alternant nuages et br\u00e8ves \u00e9claircies. Le mercure atteindra <b>10\u00b0C \u00e0 13\u00b0C<\/b> selon les d\u00e9partements franciliens, des valeurs largement au-dessus des normales de saison. Quelques averses \u00e9parses persisteront, surtout sur le nord et l\u2019est de la r\u00e9gion. Le <b>vent se renforcera sensiblement<\/b> au fil des heures, avec des pointes entre <b>36 et 50 km\/h<\/b>, pouvant g\u00eaner vos trajets en deux-roues ou vos sorties sportives.<\/p>\n<p>    M\u00e9t\u00e9o \u00cele-de-France mardi 13 janvier<\/p>\n<p>    Matin<\/p>\n<p>La couverture nuageuse restera dense en d\u00e9but de journ\u00e9e, accompagn\u00e9e de temp\u00e9ratures bien douces, oscillant entre <strong>7\u00b0C et 9\u00b0C<\/strong>. Quelques gouttes ne sont pas \u00e0 exclure, mais la tendance sera plut\u00f4t \u00e0 la grisaille homog\u00e8ne pour l\u2019ensemble de l\u2019\u00cele-de-France.<\/p>\n<p>Apr\u00e8s-midi<\/p>\n<p>L\u2019apr\u00e8s-midi s\u2019annonce nuageuse, avec des temp\u00e9ratures stables autour de <strong>11\u00b0C \u00e0 12\u00b0C<\/strong>. Les pr\u00e9cipitations se feront discr\u00e8tes mais les \u00e9claircies, d\u00e9j\u00e0 timides, resteront rares. L\u2019impression g\u00e9n\u00e9rale sera donc \u00e0 une ciel couvert, mais sans vraie perturbation active. Le vent faiblira l\u00e9g\u00e8rement par rapport \u00e0 la veille.<\/p>\n<p>    M\u00e9t\u00e9o \u00cele-de-France mercredi 14 janvier<\/p>\n<p>    Matin<\/p>\n<p>Les nuages domineront encore une large partie de la r\u00e9gion, avec <strong>8\u00b0C \u00e0 10\u00b0C<\/strong> en d\u00e9but de journ\u00e9e. Quelques gouttes pourront concerner l\u2019ouest francilien, alors que le reste de la r\u00e9gion gardera un ciel tr\u00e8s nuageux. Le vent oscille entre <strong>30 et 43 km\/h<\/strong>.<\/p>\n<p>Apr\u00e8s-midi<\/p>\n<p>De l\u00e9g\u00e8res am\u00e9liorations sont attendues sur l\u2019ouest et le sud de la r\u00e9gion, o\u00f9 des <strong>\u00e9claircies<\/strong> alterneront avec les passages nuageux. Des <strong>pluies faibles<\/strong> pourraient toucher l\u2019est francilien. Les maximales afficheront <strong>9\u00b0C \u00e0 11\u00b0C<\/strong> dans tous les d\u00e9partements. Le vent sera parfois fort, avec des rafales pouvant d\u00e9passer <strong>52 km\/h<\/strong> dans le sud de l\u2019\u00cele-de-France.<\/p>\n<p>    M\u00e9t\u00e9o \u00cele-de-France jeudi 15 janvier<\/p>\n<p>    Matin<\/p>\n<p>L\u2019ambiance matinale sera gris\u00e2tre, avec quelques bancs de brouillard ou de nuages bas. Les temp\u00e9ratures afficheront <strong>6\u00b0C \u00e0 8\u00b0C<\/strong>. Un risque d\u2019<strong>averse faible<\/strong> sera surtout pr\u00e9sent en Seine-et-Marne, avec un ciel tr\u00e8s nuageux ailleurs. Le vent, mod\u00e9r\u00e9, soufflera jusqu\u2019\u00e0 <strong>42 km\/h<\/strong> au sud-est.<\/p>\n<p>Apr\u00e8s-midi<\/p>\n<p>Au fil de l\u2019apr\u00e8s-midi, la situation \u00e9voluera peu : le <strong>ciel restera tr\u00e8s nuageux<\/strong>, sauf quelques trou\u00e9es <a href=\"https:\/\/www.meteocity.com\/france\/paris-v2988507\" target=\"_blank\" rel=\"noopener\">pr\u00e8s de Paris<\/a> o\u00f9 le thermom\u00e8tre grimpera ponctuellement \u00e0 <strong>10\u00b0C<\/strong>. Partout ailleurs, il fera <strong>8\u00b0C \u00e0 9\u00b0C<\/strong>. Le vent soufflera entre <strong>33 et 42 km\/h<\/strong>, contribuant \u00e0 une sensation parfois plus fra\u00eeche en ext\u00e9rieur.<\/p>\n<p>    M\u00e9t\u00e9o \u00cele-de-France vendredi 16 janvier<\/p>\n<p>    Matin<\/p>\n<p>Le r\u00e9veil se fera sous les nuages, avec un mercure \u00e9voluant entre <strong>8\u00b0C et 9\u00b0C<\/strong>. Seules quelques rares \u00e9claircies parviendront \u00e0 se glisser sur l\u2019ouest. Une faible averse pourra concerner le sud-est de la r\u00e9gion. Le vent, quant \u00e0 lui, restera soutenu avec des pointes jusqu\u2019\u00e0 <strong>49 km\/h<\/strong>.<\/p>\n<p>Apr\u00e8s-midi<\/p>\n<p>Le temps restera sous influence nuageuse, ponctu\u00e9e de quelques passages ensoleill\u00e9s. Les maximales remonteront \u00e0 <strong>10\u00b0C<\/strong> sur la majorit\u00e9 de l\u2019\u00cele-de-France, parfois <strong>9\u00b0C<\/strong> au sud-ouest. Le vent ne faiblira pas, avec des rafales parfois comprises entre <strong>37 et 52 km\/h<\/strong> selon les d\u00e9partements, n\u00e9cessitant une attention accrue lors des d\u00e9placements.<\/p>\n<p>    Bilan de la semaine : quels enseignements pour vos activit\u00e9s\u00a0?<\/p>\n<p>Sur l\u2019ensemble de la semaine en <strong>\u00cele-de-France<\/strong>, les temp\u00e9ratures resteront sup\u00e9rieures aux moyennes saisonni\u00e8res, avec une atmosph\u00e8re douce mais souvent tr\u00e8s nuageuse. Les pr\u00e9cipitations seront ponctuelles, dispers\u00e9es sans \u00e9normes quantit\u00e9s, mais le vent soufflera fr\u00e9quemment fort, notamment mercredi, jeudi et vendredi. Pour vos sorties, mieux vaudra pr\u00e9voir un v\u00eatement coupe-vent ou s\u2019abriter dans les moments les plus expos\u00e9s. Si vous aviez pr\u00e9vu des activit\u00e9s en ext\u00e9rieur, privil\u00e9giez les cr\u00e9neaux les plus lumineux, et restez attentifs aux \u00e9volutions du vent.<\/p>\n","protected":false},"excerpt":{"rendered":"La m\u00e9t\u00e9o en \u00cele-de-France s\u2019annonce globalement douce pour la saison, avec une alternance de passages nuageux, d\u2019averses localis\u00e9es&hellip;\n","protected":false},"author":2,"featured_media":657794,"comment_status":"","ping_status":"","sticky":false,"template":"","format":"standard","meta":{"footnotes":""},"categories":[1592],"tags":[1111,11,1777,674,1011,27,662,12,626,25],"class_list":{"0":"post-657793","1":"post","2":"type-post","3":"status-publish","4":"format-standard","5":"has-post-thumbnail","7":"category-ile-de-france","8":"tag-actu","9":"tag-actualites","10":"tag-eu","11":"tag-europe","12":"tag-fr","13":"tag-france","14":"tag-ile-de-france","15":"tag-news","16":"tag-paris","17":"tag-republique-francaise"},"share_on_mastodon":{"url":"https:\/\/pubeurope.com\/@fr\/115880845945908030","error":""},"_links":{"self":[{"href":"https:\/\/www.europesays.com\/fr\/wp-json\/wp\/v2\/posts\/657793","targetHints":{"allow":["GET"]}}],"collection":[{"href":"https:\/\/www.europesays.com\/fr\/wp-json\/wp\/v2\/posts"}],"about":[{"href":"https:\/\/www.europesays.com\/fr\/wp-json\/wp\/v2\/types\/post"}],"author":[{"embeddable":true,"href":"https:\/\/www.europesays.com\/fr\/wp-json\/wp\/v2\/users\/2"}],"replies":[{"embeddable":true,"href":"https:\/\/www.europesays.com\/fr\/wp-json\/wp\/v2\/comments?post=657793"}],"version-history":[{"count":0,"href":"https:\/\/www.europesays.com\/fr\/wp-json\/wp\/v2\/posts\/657793\/revisions"}],"wp:featuredmedia":[{"embeddable":true,"href":"https:\/\/www.europesays.com\/fr\/wp-json\/wp\/v2\/media\/657794"}],"wp:attachment":[{"href":"https:\/\/www.europesays.com\/fr\/wp-json\/wp\/v2\/media?parent=657793"}],"wp:term":[{"taxonomy":"category","embeddable":true,"href":"https:\/\/www.europesays.com\/fr\/wp-json\/wp\/v2\/categories?post=657793"},{"taxonomy":"post_tag","embeddable":true,"href":"https:\/\/www.europesays.com\/fr\/wp-json\/wp\/v2\/tags?post=657793"}],"curies":[{"name":"wp","href":"https:\/\/api.w.org\/{rel}","templated":true}]}}