{"id":657795,"date":"2026-01-12T07:02:22","date_gmt":"2026-01-12T07:02:22","guid":{"rendered":"https:\/\/www.europesays.com\/fr\/657795\/"},"modified":"2026-01-12T07:02:22","modified_gmt":"2026-01-12T07:02:22","slug":"pluie-chaque-jour-au-nord-et-a-partir-de-jeudi-dans-le-sud-hausse-des-temperatures-la-meteo-de-la-semaine-en-france","status":"publish","type":"post","link":"https:\/\/www.europesays.com\/fr\/657795\/","title":{"rendered":"Pluie chaque jour au Nord et \u00e0 partir de jeudi dans le Sud, hausse des temp\u00e9ratures\u00a0: la m\u00e9t\u00e9o de la semaine en France"},"content":{"rendered":"<p class=\"\">Une semaine d\u2019hiver arros\u00e9e se dessine. D\u2019apr\u00e8s les pr\u00e9visions de <a href=\"https:\/\/meteofrance.com\/\" target=\"_blank\" rel=\"noreferrer noopener\">M\u00e9t\u00e9o France<\/a>, les prochains jours seront marqu\u00e9s par deux tendances : des temp\u00e9ratures en hausse et des pluies r\u00e9guli\u00e8res, d\u2019abord dans le Nord, puis qui gagneront tout le pays \u00e0 partir de jeudi.<\/p>\n<p class=\"\">La situation sera diff\u00e9rente avec le d\u00e9but d\u2019ann\u00e9e, caract\u00e9ris\u00e9 par <a href=\"https:\/\/www.leparisien.fr\/info-paris-ile-de-france-oise\/transports\/neige-en-ile-de-france-y-a-t-il-vraiment-eu-deux-fois-en-trois-jours-1-000-km-de-bouchons-en-ile-de-france-08-01-2026-7ZPOL4NETFAW5NZDGEWOQV6DIQ.php\" target=\"_blank\" rel=\"noreferrer noopener\">plusieurs \u00e9pisodes neigeux jusqu\u2019en plaine<\/a>, alors que c\u2019est de la pluie qui va tomber dans les prochains jours. C\u2019est en montagne que <a href=\"https:\/\/www.leparisien.fr\/meteo\/jusqua-40-cm-de-neige-et-du-verglas-six-departements-en-vigilance-orange-ce-samedi-10-01-2026-S5YL25Q53ZF3VC3RJG357KB4S4.php\" target=\"_blank\" rel=\"noreferrer noopener\">la neige<\/a> fera son retour \u00e0 partir de jeudi et vendredi. Le thermom\u00e8tre, lui, sera en hausse, mais plut\u00f4t de saison, m\u00eame si les maximales pourront localement \u00eatre plusieurs degr\u00e9s <a href=\"https:\/\/meteofrance.com\/climat\/normales\/france\" target=\"_blank\" rel=\"noreferrer noopener\">au-dessus des normales<\/a>. Cette situation contrastera avec la p\u00e9riode froide que la France vient de conna\u00eetre.<\/p>\n<p class=\"\">Enfin, le vent continuera d\u2019\u00eatre r\u00e9guli\u00e8rement pr\u00e9sent autour d\u2019une cinquantaine de km\/h. Mais il sera loin des valeurs atteintes au passage de <a href=\"https:\/\/www.leparisien.fr\/meteo\/la-tempete-goretti-a-ete-exceptionnelle-voici-les-chiffres-les-plus-marquants-09-01-2026-TDWFEGQO3JH5LO7KUPI34ZOHGY.php\" target=\"_blank\" rel=\"noreferrer noopener\">la temp\u00eate Goretti<\/a>.<\/p>\n<p>Lundi : verglas au Nord-Est, soleil au Sud<\/p>\n<p class=\"\">La matin\u00e9e devrait \u00eatre marqu\u00e9e par des pr\u00e9cipitations quasiment g\u00e9n\u00e9ralis\u00e9es dans la moiti\u00e9 nord. Dans la r\u00e9gion Grand Est, en raison de la neige tomb\u00e9e ces derniers jours et des temp\u00e9ratures nocturnes et au lever du jour, <a href=\"https:\/\/www.leparisien.fr\/meteo\/neige-fin-de-la-vigilance-orange-mais-gare-au-verglas-et-aux-avalanches-des-centaines-de-camions-coinces-sur-lautoroute-a36-11-01-2026-2DZ7DE5AXFBOHM4GQJIMHRBDN4.php\" target=\"_blank\" rel=\"noreferrer noopener\">le verglas<\/a> constituera un danger. Il s\u2019estompera au fil des heures. Mais la prudence sera de rigueur sur les routes en ce premier jour de la semaine, plus charg\u00e9 que le week-end. Dans la journ\u00e9e, la ligne de d\u00e9marcation entre pluie et absence de gouttes remontera l\u00e9g\u00e8rement. En direction du sud du pays, le soleil sera de plus en plus pr\u00e9sent.<\/p>\n<p class=\"\">Les temp\u00e9ratures maximales iront de 7\u00b0C \u00e0 12\u00b0C au nord de la Loire, environ 3\u00b0C au-dessus de la normale. Hors massifs montagneux, le thermom\u00e8tre ira de 10\u00b0C \u00e0 une quinzaine de degr\u00e9s dans la moiti\u00e9 sud, l\u00e0 aussi souvent 3\u00b0C-4\u00b0C au-dessus des r\u00e9f\u00e9rences.<\/p>\n<p class=\"\">Le vent enfin sera pr\u00e9sent toute la journ\u00e9e au nord du pays. Les rafales atteindront environ 50 km\/h. Elles faibliront un peu pendant la soir\u00e9e.<\/p>\n<p><img decoding=\"async\" class=\"image \" loading=\"lazy\" src=\"https:\/\/www.europesays.com\/fr\/wp-content\/uploads\/2026\/01\/O3BGDIQMWZAWFFGP4VXFMA53EU.png\" alt=\"\/M\u00e9t\u00e9o France\" align=\"\" data-rubrique-principale=\"\" data-article-type=\"\" fetchpriority=\"auto\"\/>\/M\u00e9t\u00e9o FranceMardi : la journ\u00e9e la plus calme<\/p>\n<p class=\"\">Il devrait s\u2019agir de la journ\u00e9e avec le moins d\u2019intemp\u00e9ries de toute la semaine. Le soleil l\u2019emportera presque partout. Seules les c\u00f4tes de la Manche, le Finist\u00e8re et leurs abords devraient \u00eatre concern\u00e9s par la pluie. Celle-ci gagnera n\u00e9anmoins du terrain dans la soir\u00e9e et pendant la nuit arrosant la Normandie, le Centre-Val de Loire, l\u2019\u00cele-de-France et le Grand Est.<\/p>\n<p class=\"\">Les temp\u00e9ratures dans l\u2019apr\u00e8s-midi seront similaires \u00e0 celles de la veille, autour d\u2019une dizaine de degr\u00e9s, \u00e0 plus ou moins un ou deux degr\u00e9s. Les secteurs montagneux du sud de la France atteindront aussi ces niveaux. Les maximales approcheront encore les 15\u00b0C dans les zones c\u00f4ti\u00e8res du sud du pays.<\/p>\n<p class=\"\">Le vent sera pr\u00e9sent le long d\u2019un axe allant de la Bretagne \u00e0 la basse vall\u00e9e du Rh\u00f4ne. Les rafales devraient se situer une nouvelle fois autour de 50 km\/h.<\/p>\n<p><img decoding=\"async\" class=\"image \" loading=\"lazy\" src=\"https:\/\/www.europesays.com\/fr\/wp-content\/uploads\/2026\/01\/W26YKBANKFHGPIXSR6JXUQPJAQ.png\" alt=\"\/M\u00e9t\u00e9o France\" align=\"\" data-rubrique-principale=\"\" data-article-type=\"\" fetchpriority=\"auto\"\/>\/M\u00e9t\u00e9o FranceMercredi : plus de pluie<\/p>\n<p class=\"\">Les pr\u00e9cipitations qui auront gagn\u00e9 du terrain dans la soir\u00e9e de mardi resteront pr\u00e9sentes une partie de la journ\u00e9e, des Hauts-de-France au Massif central ainsi qu\u2019en Bourgogne-Franche-Comt\u00e9 et dans le Grand Est. Elles s\u2019estomperont pendant l\u2019apr\u00e8s-midi, donnant plut\u00f4t des averses que de la pluie r\u00e9guli\u00e8re. Le secteur de l\u2019H\u00e9rault pourrait lui aussi \u00eatre humide. Ailleurs, le soleil sera pr\u00e9sent malgr\u00e9 la pr\u00e9sence r\u00e9guli\u00e8re de nuages plus ou moins denses.<\/p>\n<p class=\"\">Les temp\u00e9ratures continueront de se situer autour d\u2019une dizaine de degr\u00e9s dans la majorit\u00e9 des r\u00e9gions. Mais elles auront tendance \u00e0 baisser un petit peu : elles culmineront l\u00e9g\u00e8rement sous les 10\u00b0C plut\u00f4t que l\u00e9g\u00e8rement au-dessus. Les c\u00f4tes de la moiti\u00e9 sud de la France restent avec des valeurs entre la douzaine et la quinzaine de degr\u00e9s.<\/p>\n<p class=\"\">Le vent est plut\u00f4t mod\u00e9r\u00e9. Il pourrait se renforcer un peu pendant la nuit au Nord-Ouest.<\/p>\n<p><img decoding=\"async\" class=\"image \" loading=\"lazy\" src=\"https:\/\/www.europesays.com\/fr\/wp-content\/uploads\/2026\/01\/HKKBCADGWVEIZPVTLLPJYH5COE.png\" alt=\"\/M\u00e9t\u00e9o France\" align=\"\" data-rubrique-principale=\"\" data-article-type=\"\" fetchpriority=\"auto\"\/>\/M\u00e9t\u00e9o FranceJeudi : jamais sans mon parapluie<\/p>\n<p class=\"\">Il serait os\u00e9 de sortir jeudi sans parapluie. Toutes les r\u00e9gions ne seront pas log\u00e9es \u00e0 la m\u00eame enseigne, mais toutes ou presque seront arros\u00e9es \u00e0 un moment. La pluie sera pr\u00e9sente toute la journ\u00e9e dans un tr\u00e8s large quart nord-ouest du pays et dans quasiment toute la moiti\u00e9 nord, les secteurs les plus \u00e0 l\u2019est de la France pouvant faire ponctuellement exception. Dans l\u2019apr\u00e8s-midi, les pr\u00e9cipitations gagnent du terrain dans le Sud. Nouvelle-Aquitaine et basse vall\u00e9e du Rh\u00f4ne devraient \u00eatre les premi\u00e8res touch\u00e9es. En fin de journ\u00e9e, pendant la soir\u00e9e puis la nuit, tout le Sud sera concern\u00e9. Seule la Corse devrait rester \u00e0 l\u2019\u00e9cart. Le vent se renforcera autour de 50 km\/h avec la progression des nuages pluvieux.<\/p>\n<p class=\"\">Au gr\u00e9 de l\u2019avanc\u00e9e de la perturbation dans le territoire, la neige va faire son retour dans les massifs. Pyr\u00e9n\u00e9es et Alpes devraient \u00eatre les plus servis.<\/p>\n<p class=\"\">Malgr\u00e9 les intemp\u00e9ries, le thermom\u00e8tre devrait conserver des valeurs identiques \u00e0 celles des jours pr\u00e9c\u00e9dents pour atteindre une petite dizaine de degr\u00e9s, mais les d\u00e9passer, parfois nettement, pr\u00e8s des c\u00f4tes du sud du pays.<\/p>\n<p><img decoding=\"async\" class=\"image \" loading=\"lazy\" src=\"https:\/\/www.europesays.com\/fr\/wp-content\/uploads\/2026\/01\/GXD6Z3OBVFCC3BQA6LPPHYT7EY.png\" alt=\"\/M\u00e9t\u00e9o France\" align=\"\" data-rubrique-principale=\"\" data-article-type=\"\" fetchpriority=\"auto\"\/>\/M\u00e9t\u00e9o FranceVendredi : beaucoup de pluie et de neige<\/p>\n<p class=\"\">En l\u2019\u00e9tat actuel des pr\u00e9visions, qui restent \u00e0 affiner, il est pr\u00e9vu que les pr\u00e9cipitations restent g\u00e9n\u00e9ralis\u00e9es. Tout le territoire est concern\u00e9, toute la journ\u00e9e. Une am\u00e9lioration progressive pourrait survenir par l\u2019ouest du pays. En montagne, il neigera de mani\u00e8re r\u00e9guli\u00e8re. Tous les massifs pourraient \u00eatre servis. Mais, en raison de l\u2019altitude, Alpes et Pyr\u00e9n\u00e9es recevront plus de flocons. Jura, Vosges et Massif central pourraient \u00eatre trop bas pour recevoir de la poudreuse. Cela va se jouer \u00e0 un ou deux degr\u00e9s. La situation serait plus favorable en Corse. Quant au vent, il continuera d\u2019afficher 50 km\/h environ, toute la journ\u00e9e, dans un vaste quart nord-ouest.<\/p>\n<p class=\"\">Les temp\u00e9ratures baisseront un peu. Au maximum elles devraient tourner autour de 8\u00b0C-9\u00b0C dans la plupart des r\u00e9gions, 5\u00b0C seulement en Alsace. Pr\u00e8s des c\u00f4tes atlantiques et m\u00e9diterran\u00e9ennes, elles n\u2019afficheraient plus qu\u2019une douzaine de degr\u00e9s. La barre des 15\u00b0C ne serait plus atteinte qu\u2019en Corse.<\/p>\n<p><img decoding=\"async\" class=\"image \" loading=\"lazy\" src=\"https:\/\/www.europesays.com\/fr\/wp-content\/uploads\/2026\/01\/5N5K7NB4AJFXFLUSKHTBEC6CNQ.png\" alt=\"\/M\u00e9t\u00e9o France\" align=\"\" data-rubrique-principale=\"\" data-article-type=\"\" fetchpriority=\"auto\"\/>\/M\u00e9t\u00e9o FranceWeek-end prochain : plus de soleil et un peu plus froid<\/p>\n<p class=\"\">La tendance reste bien incertaine. Mais ce qui se dessine pour l\u2019instant est un week-end avec d\u2019abord de la pluie suivie de plus de soleil. En parall\u00e8le le thermom\u00e8tre baisserait. Samedi serait une journ\u00e9e assez perturb\u00e9e, dimanche une journ\u00e9e plus calme et ensoleill\u00e9e. Mais le thermom\u00e8tre resterait globalement autour de 5\u00b0C. Seuls les bords de la M\u00e9diterran\u00e9e d\u00e9passeraient les 10\u00b0C.<\/p>\n","protected":false},"excerpt":{"rendered":"Une semaine d\u2019hiver arros\u00e9e se dessine. D\u2019apr\u00e8s les pr\u00e9visions de M\u00e9t\u00e9o France, les prochains jours seront marqu\u00e9s par&hellip;\n","protected":false},"author":2,"featured_media":657796,"comment_status":"","ping_status":"","sticky":false,"template":"","format":"standard","meta":{"footnotes":""},"categories":[1888],"tags":[1111,1928,11,1927,1777,674,1011,27,2487,12,1926,626,1925,25],"class_list":{"0":"post-657795","1":"post","2":"type-post","3":"status-publish","4":"format-standard","5":"has-post-thumbnail","7":"category-paris","8":"tag-actu","9":"tag-actu-paris","10":"tag-actualites","11":"tag-actualites-paris","12":"tag-eu","13":"tag-europe","14":"tag-fr","15":"tag-france","16":"tag-meteo","17":"tag-news","18":"tag-news-paris","19":"tag-paris","20":"tag-paris-news","21":"tag-republique-francaise"},"share_on_mastodon":{"url":"https:\/\/pubeurope.com\/@fr\/115880850038402357","error":""},"_links":{"self":[{"href":"https:\/\/www.europesays.com\/fr\/wp-json\/wp\/v2\/posts\/657795","targetHints":{"allow":["GET"]}}],"collection":[{"href":"https:\/\/www.europesays.com\/fr\/wp-json\/wp\/v2\/posts"}],"about":[{"href":"https:\/\/www.europesays.com\/fr\/wp-json\/wp\/v2\/types\/post"}],"author":[{"embeddable":true,"href":"https:\/\/www.europesays.com\/fr\/wp-json\/wp\/v2\/users\/2"}],"replies":[{"embeddable":true,"href":"https:\/\/www.europesays.com\/fr\/wp-json\/wp\/v2\/comments?post=657795"}],"version-history":[{"count":0,"href":"https:\/\/www.europesays.com\/fr\/wp-json\/wp\/v2\/posts\/657795\/revisions"}],"wp:featuredmedia":[{"embeddable":true,"href":"https:\/\/www.europesays.com\/fr\/wp-json\/wp\/v2\/media\/657796"}],"wp:attachment":[{"href":"https:\/\/www.europesays.com\/fr\/wp-json\/wp\/v2\/media?parent=657795"}],"wp:term":[{"taxonomy":"category","embeddable":true,"href":"https:\/\/www.europesays.com\/fr\/wp-json\/wp\/v2\/categories?post=657795"},{"taxonomy":"post_tag","embeddable":true,"href":"https:\/\/www.europesays.com\/fr\/wp-json\/wp\/v2\/tags?post=657795"}],"curies":[{"name":"wp","href":"https:\/\/api.w.org\/{rel}","templated":true}]}}