{"id":657797,"date":"2026-01-12T07:03:29","date_gmt":"2026-01-12T07:03:29","guid":{"rendered":"https:\/\/www.europesays.com\/fr\/657797\/"},"modified":"2026-01-12T07:03:29","modified_gmt":"2026-01-12T07:03:29","slug":"lucas-hernandez-sajoute-a-la-liste-des-absents-du-psg-pour-le-derby","status":"publish","type":"post","link":"https:\/\/www.europesays.com\/fr\/657797\/","title":{"rendered":"Lucas Hernandez s\u2019ajoute \u00e0 la liste des absents du PSG pour le derby"},"content":{"rendered":"<p>\n    Le Paris Saint-Germain sera priv\u00e9 de six joueurs pour affronter le Paris FC lundi, au Parc des Princes, en 16es de finale de Coupe de France.<\/p>\n<p class=\"fig-paragraph\">Un p\u00e9pin pour Luis Enrique et le PSG. Les champions d\u2019Europe devront faire sans Lucas Hernandez pour affronter le PFC lundi (21h10, beIN SPORTS et France 3), au Parc des Princes, en\u00a0<a href=\"https:\/\/www.lefigaro.fr\/sports\/football\/coupe-de-france\/calendrier-resultats\" target=\"_blank\" rel=\"sponsored noopener\" data-gtm-custom-categorie=\"navigation\" data-gtm-custom-action=\"crossclick\" data-gtm-custom-label=\"Contextuel\" data-gtm-event=\"customEventSPE\">16es de finale de Coupe de France<\/a>. Rien de grave toutefois\u00a0: le champion du monde de 29 ans est annonc\u00e9 \u00abmalade\u00bb dans le\u00a0<a href=\"https:\/\/www.psg.fr\/content\/point-medical-paris-saint-germain-paris-fc-coupe-de-france-2025-2026\" target=\"_blank\" rel=\"sponsored noopener\" data-gtm-custom-categorie=\"navigation\" data-gtm-custom-action=\"crossclick\" data-gtm-custom-label=\"Contextuel\" data-gtm-event=\"customEventSPE\">point m\u00e9dical<\/a>\u00a0publi\u00e9 ce dimanche, \u00e0 la veille de la rencontre. Hernandez a disput\u00e9 1074 minutes depuis le d\u00e9but de la saison, dont une dizaine lors de\u00a0<a href=\"http:\/\/www.lefigaro.fr\/sports\/football\/ligue-1\/les-notes-de-psg-paris-fc-dembele-doue-de-retour-ikone-fantomatique-et-geubbels-en-trompe-l-oeil-20260104\" data-fig-type=\"NewsFlash\" data-gtm-custom-categorie=\"navigation\" data-gtm-custom-action=\"crossclick\" data-gtm-custom-label=\"Contextuel\" data-gtm-event=\"customEventSPE\" data-fig-domain=\"LEFIGARO\" target=\"_blank\" rel=\"noopener\">la victoire 2-1 du PSG dans le premier derby de l\u2019ann\u00e9e, le 4 janvier<\/a>.<\/p>\n<p class=\"fig-paragraph\">Pour le reste, pas de mauvaise surprise apr\u00e8s\u00a0<a href=\"http:\/\/www.lefigaro.fr\/sports\/football\/ligue-1\/les-notes-de-psg-om-chevalier-sort-le-grand-jeu-mendes-en-feu-pavard-en-souffrance-20260108\" data-fig-type=\"NewsFlash\" data-gtm-custom-categorie=\"navigation\" data-gtm-custom-action=\"crossclick\" data-gtm-custom-label=\"Contextuel\" data-gtm-event=\"customEventSPE\" data-fig-domain=\"LEFIGARO\" target=\"_blank\" rel=\"noopener\">le succ\u00e8s au Troph\u00e9e des champions contre l\u2019OM (2-2, 4-1 tab) jeudi<\/a>, ni de retour. Paris est toujours priv\u00e9 du Marocain Achraf Hakimi et le S\u00e9n\u00e9galais Ibrahim Mbaye, concern\u00e9s par les demi-finales de la CAN. Du c\u00f4t\u00e9 de l\u2019infirmerie, Quentin Ndjantou, Kang In Lee et Matvei Safonov ne sont toujours pas remis de leur blessure.<\/p>\n","protected":false},"excerpt":{"rendered":"Le Paris Saint-Germain sera priv\u00e9 de six joueurs pour affronter le Paris FC lundi, au Parc des Princes,&hellip;\n","protected":false},"author":2,"featured_media":657798,"comment_status":"","ping_status":"","sticky":false,"template":"","format":"standard","meta":{"footnotes":""},"categories":[1888],"tags":[1111,1928,11,1927,83,1777,674,1011,27,12,1926,626,445,1925,93,25],"class_list":{"0":"post-657797","1":"post","2":"type-post","3":"status-publish","4":"format-standard","5":"has-post-thumbnail","7":"category-paris","8":"tag-actu","9":"tag-actu-paris","10":"tag-actualites","11":"tag-actualites-paris","12":"tag-coupe-de-france","13":"tag-eu","14":"tag-europe","15":"tag-fr","16":"tag-france","17":"tag-news","18":"tag-news-paris","19":"tag-paris","20":"tag-paris-fc","21":"tag-paris-news","22":"tag-psg","23":"tag-republique-francaise"},"share_on_mastodon":{"url":"https:\/\/pubeurope.com\/@fr\/115880853750260700","error":""},"_links":{"self":[{"href":"https:\/\/www.europesays.com\/fr\/wp-json\/wp\/v2\/posts\/657797","targetHints":{"allow":["GET"]}}],"collection":[{"href":"https:\/\/www.europesays.com\/fr\/wp-json\/wp\/v2\/posts"}],"about":[{"href":"https:\/\/www.europesays.com\/fr\/wp-json\/wp\/v2\/types\/post"}],"author":[{"embeddable":true,"href":"https:\/\/www.europesays.com\/fr\/wp-json\/wp\/v2\/users\/2"}],"replies":[{"embeddable":true,"href":"https:\/\/www.europesays.com\/fr\/wp-json\/wp\/v2\/comments?post=657797"}],"version-history":[{"count":0,"href":"https:\/\/www.europesays.com\/fr\/wp-json\/wp\/v2\/posts\/657797\/revisions"}],"wp:featuredmedia":[{"embeddable":true,"href":"https:\/\/www.europesays.com\/fr\/wp-json\/wp\/v2\/media\/657798"}],"wp:attachment":[{"href":"https:\/\/www.europesays.com\/fr\/wp-json\/wp\/v2\/media?parent=657797"}],"wp:term":[{"taxonomy":"category","embeddable":true,"href":"https:\/\/www.europesays.com\/fr\/wp-json\/wp\/v2\/categories?post=657797"},{"taxonomy":"post_tag","embeddable":true,"href":"https:\/\/www.europesays.com\/fr\/wp-json\/wp\/v2\/tags?post=657797"}],"curies":[{"name":"wp","href":"https:\/\/api.w.org\/{rel}","templated":true}]}}