{"id":657799,"date":"2026-01-12T07:04:19","date_gmt":"2026-01-12T07:04:19","guid":{"rendered":"https:\/\/www.europesays.com\/fr\/657799\/"},"modified":"2026-01-12T07:04:19","modified_gmt":"2026-01-12T07:04:19","slug":"ils-veulent-me-faire-taire-car-je-me-bats-pour-les-enfants","status":"publish","type":"post","link":"https:\/\/www.europesays.com\/fr\/657799\/","title":{"rendered":"\u00ab Ils veulent me faire taire car je me bats pour les enfants \u00bb"},"content":{"rendered":"<p>Yann est animateur sur la ville depuis presque 40 ans. Il aime son m\u00e9tier et s\u2019est toujours battu pour pouvoir l\u2019exercer dans les meilleures conditions possibles et proposer aux enfants de Saint-Denis un accompagnement de qualit\u00e9. Le 18 novembre, suite \u00e0 une r\u00e9union d\u2019\u00e9quipe o\u00f9 il a fait part \u00e0 sa direction de plusieurs d\u00e9saccords, il est arr\u00eat\u00e9 par la police municipale et plac\u00e9 en garde \u00e0 vue \u00e0 Aubervilliers. Depuis, il est suspendu. Il a re\u00e7u le soutien des syndicats et des coll\u00e8gues dont plus d\u2019une cinquantaine se sont rassembl\u00e9s le 16 d\u00e9cembre devant la mairie de Saint-Denis pour d\u00e9noncer l\u2019intervention de la police contre un agent de la ville sur son lieu de travail.<\/p>\n<p>Nous nous sommes entretenu avec cet agent de la ville qui souhaite sortir du silence et d\u00e9noncer son cas de r\u00e9pression. Plus largement, Yann invite \u00e0 s\u2019organiser face aux multiples pressions que subissent les agents de Saint-Denis.<\/p>\n<p>Pour comprendre l\u2019arrestation de Yann sur son lieu de travail, il faut remonter bien avant. Depuis bient\u00f4t 40 ans, Yann est agent de la ville. Comme il le souligne \u00e0 plusieurs reprises pendant l\u2019entretien, il \u00ab\u00a0aime son m\u00e9tier\u00a0\u00bb et s\u2019est donc toujours battu pour les conditions de travail des agents de la ville. Il a milit\u00e9 dans plusieurs syndicats et n\u2019a jamais accept\u00e9 la d\u00e9gradation des conditions d\u2019accueil des \u00e9l\u00e8ves.<\/p>\n<p>Si Yann a toujours \u00e9t\u00e9 engag\u00e9 pour la d\u00e9fense des droits des agents et l\u2019accueil des jeunes, le conflit avec sa direction a commenc\u00e9 \u00e0 l\u2019arriv\u00e9e du nouvel \u00e9dile et de son \u00e9quipe municipale. \u00ab\u00a0Ils sont en train de transformer l\u2019accueil de loisir pour en faire une garderie bas de gamme\u00a0\u00bb, explique t-il. En effet, depuis son arriv\u00e9e \u00e0 la mairie, le socialiste Hanotin <a href=\"https:\/\/www.streetpress.com\/sujet\/1685454502-saint-denis-fonction-publique-privatisations-externalisations-precarite-service-hanotin-police-education\" class=\"spip_out\" rel=\"noopener noreferrer external\" target=\"_blank\">met sa fonction publique au pain sec<\/a>, comme le titre StreetPress\u00a0: privatisation du m\u00e9nage des \u00e9coles, RTT et cong\u00e9s sp\u00e9ciaux en moins, primes index\u00e9es sur l\u2019absent\u00e9isme, mobilit\u00e9 forc\u00e9e et management toxique \u2026 on ne compte plus les offensives de la mairie contre les agents des \u00e9coles.<\/p>\n<p>Yann poursuit\u00a0: \u00ab\u00a0Avant, on \u00e9tait un minimum consult\u00e9s, on participait \u00e0 la construction des projets \u00e9ducatifs et p\u00e9dagogiques, maintenant c\u2019est fini tout \u00e7a, on nous dicte tout ce qu\u2019on doit faire et si on pose des questions on nous explique que \u201cc\u2019est les directives\u201d\u00a0! On devient des ex\u00e9cutants. Hanotin a aussi augment\u00e9 les taux d\u2019encadrement, ce qui rend plus difficile de mettre en place des projets p\u00e9dagogiques de qualit\u00e9.\u00a0\u00bb Concernant la privatisation du m\u00e9nage, il raconte\u00a0: \u00ab\u00a0Les salles sont sales et les personnes qui font le m\u00e9nage ont des conditions de travail terribles. En fait, on habitue les enfants \u00e0 vivre dans une soci\u00e9t\u00e9 o\u00f9 des personnes, souvent racis\u00e9s, se font exploiter et maltraiter devant nos yeux\u00a0\u00bb.<\/p>\n<p>Face \u00e0 ces offensives, les agents des \u00e9coles se sont toujours mobilis\u00e9s, et depuis 2020 plusieurs grandes gr\u00e8ves ont eu lieu \u00e0 Saint-Denis. Yann a toujours particip\u00e9 activement \u00e0 ces gr\u00e8ves\u00a0; il nous raconte m\u00eame qu\u2019une vid\u00e9o de lui qui interpelle le maire pour l\u2019inviter \u00e0 venir voir comment \u00e7a se passe sur le terrain tourne sur les r\u00e9seaux sociaux.<\/p>\n<p>En 2025, un nouveau directeur arrive dans l\u2019\u00e9cole de Yann\u00a0: \u00ab\u00a0Le premier contact avec lui est tr\u00e8s mauvais puisque d\u00e8s son arriv\u00e9e, il m\u2019humilie en r\u00e9union devant l\u2019ensemble de mes coll\u00e8gues, apr\u00e8s que j\u2019ai exprim\u00e9 des d\u00e9saccords sur sa mani\u00e8re de concevoir les projets en cours.\u00a0\u00bb Le ton est donn\u00e9. Depuis, Yann d\u00e9crit une ambiance de travail pesante, un d\u00e9nigrement de son travail, et des obstacles dans la r\u00e9alisation des projets qu\u2019il entreprend.<\/p>\n<p>Le 18 novembre, un \u00e9ni\u00e8me d\u00e9saccord survient en r\u00e9union. Sans consultation pr\u00e9alable, le directeur annonce prendre la salle d\u2019activit\u00e9 de Yann pour en faire une salle d\u2019\u00e9tude. Yann conteste cette d\u00e9cision en expliquant que d\u2019autres salles sont disponibles et que cette salle est son outil de travail, dans lequel il a mis beaucoup de choses en place. Mais rien n\u2019y fait. Il annonce alors se mettre en gr\u00e8ve, pour protester contre cette d\u00e9gradation g\u00e9n\u00e9rale des conditions de travail.<\/p>\n<p>Quelques heures plus tard, il est interpell\u00e9 par la police municipale sur son lieu de travail\u00a0: \u00ab\u00a0Quatre policiers ont d\u00e9barqu\u00e9 dans la salle en me cherchant, suite \u00e0 un appel du directeur m\u2019accusant d\u2019un comportement mena\u00e7ant. Ils m\u2019ont embarqu\u00e9, je suis sorti de l\u2019\u00e9cole encadr\u00e9 de quatre policiers devant les enfants et mes coll\u00e8gues. C\u2019\u00e9tait totalement humiliant. J\u2019ai ensuite pass\u00e9 la nuit au commissariat d\u2019Aubervilliers\u00a0\u00bb, raconte t-il, encore choqu\u00e9 par les m\u00e9thodes employ\u00e9es par son employeur.<\/p>\n<p>Au commissariat, il apprend avec stupeur que les accusations retenues contre lui sont des insultes homophobes. Il explique\u00a0: \u00ab\u00a0Je suis choqu\u00e9 des accusations, \u00e7a m\u2019a profond\u00e9ment heurt\u00e9 de voir le manque d\u2019honn\u00eatet\u00e9 de ces gens. Ce genre de propos n\u2019est ni dans mon vocabulaire, ni dans mes valeurs. Je trouve \u00e7a encore plus scandaleux qu\u2019ils cherchent \u00e0 me salir de la sorte\u00a0\u00bb.<\/p>\n<p>En effet, l\u2019animateur a toujours accord\u00e9 une place centrale \u00e0 la mixit\u00e9 et \u00e0 la lutte contre les discriminations dans ses projets \u00e9ducatifs aupr\u00e8s des enfants, et pr\u00e9cise\u00a0: \u00ab\u00a0c\u2019est un combat qui me tient \u00e0 c\u0153ur, jamais je n\u2019aurais pu prof\u00e9rer ce genre d\u2019insulte \u00e0 mon directeur ni \u00e0 quiconque\u00a0\u00bb.<\/p>\n<p>Depuis, l\u2019animateur est suspendu \u00e0 titre temporaire par la mairie de Saint-Denis. Il n\u2019a fait l\u2019objet d\u2019aucune poursuite p\u00e9nale, et aucune proc\u00e9dure disciplinaire n\u2019est engag\u00e9e contre lui \u00e0 ce jour. Cela n\u2019a pas emp\u00each\u00e9 Mathieu Hanotin, maire de Saint-Denis, de se positionner personnellement sur l\u2019affaire via un post Facebook, dans lequel il l\u00e9gitime l\u2019intervention de police et la r\u00e9pression subie par Yann. Comble de l\u2019ironie et preuve de la man\u0153uvre de la direction\u00a0: la version des \u00ab\u00a0faits\u00a0\u00bb relat\u00e9e par Hanotin est celle de la police municipale, et ne correspond m\u00eame pas \u00e0 la version d\u00e9livr\u00e9e par le directeur dans sa plainte.<\/p>\n<p>De mani\u00e8re tr\u00e8s claire, la mairie s\u2019est rang\u00e9e derri\u00e8re la police et la direction du centre, en d\u00e9pit des contestations de Yann, qui n\u2019a cess\u00e9 de clamer son innocence lors de son audition en garde \u00e0 vue puis par courriers r\u00e9p\u00e9t\u00e9s au maire de Saint-Denis.<\/p>\n<p>Prisca Ancion, avocate au barreau de la Seine-Saint-Denis et conseil de Yann explique\u00a0: \u00ab\u00a0ce qu\u2019on voit dans ce dossier, c\u2019est un cas de r\u00e9pression patronale dont le levier principal est de recourir \u00e0 l\u2019intervention polici\u00e8re et la proc\u00e9dure p\u00e9nale. Dans le cas pr\u00e9sent, l\u2019employeur est la mairie de Saint-Denis, qui a utilis\u00e9 une police municipale \u00e0 ses ordres pour s\u2019attaquer \u00e0 cet agent. L\u2019intervention polici\u00e8re visait \u00e0 l\u2019humilier. Yann \u00e9tait en poste, dans une salle avec des enfants, quand il s\u2019est fait embarquer. La mesure de garde \u00e0 vue dont il a fait l\u2019objet est tout aussi humiliante et vise \u00e0 lui attribuer des comportements dont il ne s\u2019est jamais rendu coupable. Concr\u00e8tement, ces m\u00e9thodes cherchent \u00e0 mettre en sc\u00e8ne artificiellement un \u00ab\u00a0comportement probl\u00e9matique\u00a0\u00bb d\u2019un agent pour pouvoir fonder une potentielle proc\u00e9dure disciplinaire contre lui.\u00a0\u00bb<\/p>\n<p>Les syndicats SNUTER-FSU, CGT, SUD et FO ont unanimement condamn\u00e9 cette r\u00e9pression brutale dans des communiqu\u00e9s et ont appel\u00e9 \u00e0 un d\u00e9brayage et un rassemblement de soutien, qui a r\u00e9uni une cinquantaine de coll\u00e8gues le 16 d\u00e9cembre dernier. Une premi\u00e8re r\u00e9action importante, face \u00e0 ce cas de r\u00e9pression sans pr\u00e9c\u00e9dent dans le secteur.Il s\u2019agit tr\u00e8s clairement, pour la mairie, d\u2019envoyer un signal fort contre un agent qui d\u00e9range et d\u00e9fend des valeurs \u00e9ducatives, dans un contexte d\u2019attaques majeures contre le service public, ses agents et usagers.<\/p>\n<p>Le cas de Yann est d\u2019ailleurs loin d\u2019\u00eatre isol\u00e9, et la mairie PS n\u2019en est pas \u00e0 son coup d\u2019essai en terme d\u2019offensive contre les agents de la ville, ni en terme de r\u00e9pression, <a href=\"https:\/\/www.revolutionpermanente.fr\/Hanotin-a-Saint-Denis-six-annees-de-gentrification-XXL-et-de-surenchere-policiere\" target=\"_blank\" rel=\"noopener\">comme nous l\u2019\u00e9crivions d\u00e9j\u00e0 dans nos colonnes<\/a>\u00a0: \u00ab\u00a0La mairie PS n\u2019a eu de cesse de s\u2019attaquer aux services publics, et gare \u00e0 ceux qui souhaiteraient contester\u00a0! Toujours d\u2019apr\u00e8s StreetPress, outre les coups de pressions \u2013 m\u00e9thodes classique de la mairie qui a \u00e0 plusieurs reprises menac\u00e9 de sanction les agents en gr\u00e8ve \u2013 Hanotin et son \u00e9quipe n\u2019h\u00e9sitent jamais quand il s\u2019agit de briser des gr\u00e8ves comme en 2020, o\u00f9 ils ont engag\u00e9 ill\u00e9galement du personnel pour faire le travail des gr\u00e9vistes.\u00a0\u00bb<\/p>\n<p>Vous pouvez retrouver le t\u00e9moignage de Yann <a href=\"https:\/\/www.blogsaintdenis.fr\/actualites\/article\/yann-blancho-l-agent-interpelle-sur-son-lieu-de-travail-par-la-police-municipale-et-place-en-garde-a-vue-au\" class=\"spip_out\" rel=\"noopener noreferrer external\" target=\"_blank\">sur le Blog de Saint-Denis<\/a>.<\/p>\n<p>Face \u00e0 ces m\u00e9thodes scandaleuses de management toxiques et d\u2019attaques des conditions de travail, il est temps de s\u2019organiser non seulement pour d\u00e9gager Hanotin, mais aussi pour exiger des conditions de travail d\u00e9centes pour l\u2019ensemble des agents de la ville. C\u2019est pourquoi <strong>nous lan\u00e7ons une enqu\u00eate sur les conditions de travail des agent\u00b7es de la ville. Si tu es agent\u00b7e de la ville et que tu souhaites t\u00e9moigner (possiblement anonymement), contacte-nous\u00a0: <a href=\"https:\/\/www.revolutionpermanente.fr\/cdn-cgi\/l\/email-protection\" class=\"__cf_email__\" data-cfemail=\"5a2e3f3735333d343b3d3f053b3d3f342e05091e1a2a28352e353474373f\" target=\"_blank\" rel=\"noopener\">[email\u00a0protected]<\/a><\/strong><\/p>\n","protected":false},"excerpt":{"rendered":"Yann est animateur sur la ville depuis presque 40 ans. Il aime son m\u00e9tier et s\u2019est toujours battu&hellip;\n","protected":false},"author":2,"featured_media":657800,"comment_status":"","ping_status":"","sticky":false,"template":"","format":"standard","meta":{"footnotes":""},"categories":[1888],"tags":[11,1777,674,1011,27,12,626,25],"class_list":{"0":"post-657799","1":"post","2":"type-post","3":"status-publish","4":"format-standard","5":"has-post-thumbnail","7":"category-paris","8":"tag-actualites","9":"tag-eu","10":"tag-europe","11":"tag-fr","12":"tag-france","13":"tag-news","14":"tag-paris","15":"tag-republique-francaise"},"share_on_mastodon":{"url":"https:\/\/pubeurope.com\/@fr\/115880857664779683","error":""},"_links":{"self":[{"href":"https:\/\/www.europesays.com\/fr\/wp-json\/wp\/v2\/posts\/657799","targetHints":{"allow":["GET"]}}],"collection":[{"href":"https:\/\/www.europesays.com\/fr\/wp-json\/wp\/v2\/posts"}],"about":[{"href":"https:\/\/www.europesays.com\/fr\/wp-json\/wp\/v2\/types\/post"}],"author":[{"embeddable":true,"href":"https:\/\/www.europesays.com\/fr\/wp-json\/wp\/v2\/users\/2"}],"replies":[{"embeddable":true,"href":"https:\/\/www.europesays.com\/fr\/wp-json\/wp\/v2\/comments?post=657799"}],"version-history":[{"count":0,"href":"https:\/\/www.europesays.com\/fr\/wp-json\/wp\/v2\/posts\/657799\/revisions"}],"wp:featuredmedia":[{"embeddable":true,"href":"https:\/\/www.europesays.com\/fr\/wp-json\/wp\/v2\/media\/657800"}],"wp:attachment":[{"href":"https:\/\/www.europesays.com\/fr\/wp-json\/wp\/v2\/media?parent=657799"}],"wp:term":[{"taxonomy":"category","embeddable":true,"href":"https:\/\/www.europesays.com\/fr\/wp-json\/wp\/v2\/categories?post=657799"},{"taxonomy":"post_tag","embeddable":true,"href":"https:\/\/www.europesays.com\/fr\/wp-json\/wp\/v2\/tags?post=657799"}],"curies":[{"name":"wp","href":"https:\/\/api.w.org\/{rel}","templated":true}]}}