{"id":657801,"date":"2026-01-12T07:05:14","date_gmt":"2026-01-12T07:05:14","guid":{"rendered":"https:\/\/www.europesays.com\/fr\/657801\/"},"modified":"2026-01-12T07:05:14","modified_gmt":"2026-01-12T07:05:14","slug":"manifestation-a-paris-pour-soutenir-le-peuple-iranien","status":"publish","type":"post","link":"https:\/\/www.europesays.com\/fr\/657801\/","title":{"rendered":"Manifestation \u00e0 Paris pour soutenir le peuple Iranien"},"content":{"rendered":"<p><img decoding=\"async\" fetchpriority=\"high\" src=\"https:\/\/www.europesays.com\/fr\/wp-content\/uploads\/2025\/12\/placeholder_lcp_video.abed0b810f2d6bb64cb114993ac8fa27.webp.webp\" width=\"800\" height=\"450\" alt=\"placeholder video\"\/><\/p>\n<p>La contestation prend de l&rsquo;ampleur en Iran contre le r\u00e9gime des mollahs.\u00a0Les manifestations qui ont d\u00e9but\u00e9 le 28 d\u00e9cembre \u00e0 T\u00e9h\u00e9ran pour protester initialement contre la vie ch\u00e8re, se sont \u00e9tendues \u00e0 de nombreuses villes \u00e0 travers le pays.\u00a0Une r\u00e9volte violemment r\u00e9prim\u00e9e. L&rsquo;ONG Iran Human Rights, bas\u00e9e en Norv\u00e8ge, d\u00e9nombre au moins 192 morts.\u00a0T\u00e9h\u00e9ran a \u00e9galement coup\u00e9 internet depuis plus de 60 heures, pour \u00e9touffer la contestation et emp\u00eacher que les images sortent du pays. <\/p>\n<p>Aujourd&rsquo;hui \u00e0 06h35 | Dur\u00e9e : 1:50<\/p>\n","protected":false},"excerpt":{"rendered":"La contestation prend de l&rsquo;ampleur en Iran contre le r\u00e9gime des mollahs.\u00a0Les manifestations qui ont d\u00e9but\u00e9 le 28&hellip;\n","protected":false},"author":2,"featured_media":657802,"comment_status":"","ping_status":"","sticky":false,"template":"","format":"standard","meta":{"footnotes":""},"categories":[1888],"tags":[11,1777,674,1011,27,12,626,25],"class_list":{"0":"post-657801","1":"post","2":"type-post","3":"status-publish","4":"format-standard","5":"has-post-thumbnail","7":"category-paris","8":"tag-actualites","9":"tag-eu","10":"tag-europe","11":"tag-fr","12":"tag-france","13":"tag-news","14":"tag-paris","15":"tag-republique-francaise"},"share_on_mastodon":{"url":"https:\/\/pubeurope.com\/@fr\/115880861627262748","error":""},"_links":{"self":[{"href":"https:\/\/www.europesays.com\/fr\/wp-json\/wp\/v2\/posts\/657801","targetHints":{"allow":["GET"]}}],"collection":[{"href":"https:\/\/www.europesays.com\/fr\/wp-json\/wp\/v2\/posts"}],"about":[{"href":"https:\/\/www.europesays.com\/fr\/wp-json\/wp\/v2\/types\/post"}],"author":[{"embeddable":true,"href":"https:\/\/www.europesays.com\/fr\/wp-json\/wp\/v2\/users\/2"}],"replies":[{"embeddable":true,"href":"https:\/\/www.europesays.com\/fr\/wp-json\/wp\/v2\/comments?post=657801"}],"version-history":[{"count":0,"href":"https:\/\/www.europesays.com\/fr\/wp-json\/wp\/v2\/posts\/657801\/revisions"}],"wp:featuredmedia":[{"embeddable":true,"href":"https:\/\/www.europesays.com\/fr\/wp-json\/wp\/v2\/media\/657802"}],"wp:attachment":[{"href":"https:\/\/www.europesays.com\/fr\/wp-json\/wp\/v2\/media?parent=657801"}],"wp:term":[{"taxonomy":"category","embeddable":true,"href":"https:\/\/www.europesays.com\/fr\/wp-json\/wp\/v2\/categories?post=657801"},{"taxonomy":"post_tag","embeddable":true,"href":"https:\/\/www.europesays.com\/fr\/wp-json\/wp\/v2\/tags?post=657801"}],"curies":[{"name":"wp","href":"https:\/\/api.w.org\/{rel}","templated":true}]}}