{"id":657807,"date":"2026-01-12T07:08:13","date_gmt":"2026-01-12T07:08:13","guid":{"rendered":"https:\/\/www.europesays.com\/fr\/657807\/"},"modified":"2026-01-12T07:08:13","modified_gmt":"2026-01-12T07:08:13","slug":"linde-et-les-etats-unis-discuteront-des-questions-commerciales-le-13-janvier-selon-le-nouvel-ambassadeur","status":"publish","type":"post","link":"https:\/\/www.europesays.com\/fr\/657807\/","title":{"rendered":"L&rsquo;Inde et les \u00c9tats-Unis discuteront des questions commerciales le 13 janvier, selon le nouvel ambassadeur"},"content":{"rendered":"<p class=\"m-0 txt-s1\">Publi\u00e9 le 12\/01\/2026<br \/>\n                    \u00e0 07:54        &#8211; Modifi\u00e9 le 12\/01\/2026<br \/>\n                    \u00e0 07:58<\/p>\n<p>                                            Reuters<br \/>\n                                                                                            &#8211;<br \/>\n                                                Traduit par Zonebourse<\/p>\n<p>Avertissement l\u00e9gal<\/p>\n<p>Contactez-nous pour toute demande de correction<\/p>\n<p>                                                &#8211; Voir l&rsquo;original<img decoding=\"async\" src=\"https:\/\/www.europesays.com\/fr\/wp-content\/uploads\/2026\/01\/2026-01-12T065613Z_1_LYNXMPEM0B081_RTROPTP_4_USA-TRUMP.JPG\" alt=\"L'Inde et les \u00c9tats-Unis discuteront des questions commerciales le 13 janvier, selon le nouvel ambassadeur\" class=\"w-100 media--169 \" data-zoomable=\"true\" data-zoomable-url=\"\/images\/reuters\/2026-01\/2026-01-12T065613Z_1_LYNXMPEM0B081_RTROPTP_4_USA-TRUMP.JPG\"\/><\/p>\n<p>                    L&rsquo;Inde et les \u00c9tats-Unis poursuivent activement leurs discussions sur les questions commerciales et le prochain entretien entre les deux parties est pr\u00e9vu pour mardi, a d\u00e9clar\u00e9 lundi Sergio Gor, le nouvel ambassadeur de Washington \u00e0 New Delhi.<\/p>\n<p><img decoding=\"async\" src=\"https:\/\/www.europesays.com\/fr\/wp-content\/uploads\/2025\/04\/reuters.jpg\" alt=\"Reuters logo\" class=\"c-block ml-auto\"\/><br \/>\n                    \u00a9 Reuters &#8211;<br \/>\n                                        2026<\/p>\n","protected":false},"excerpt":{"rendered":"Publi\u00e9 le 12\/01\/2026 \u00e0 07:54 &#8211; Modifi\u00e9 le 12\/01\/2026 \u00e0 07:58 Reuters &#8211; Traduit par Zonebourse Avertissement l\u00e9gal&hellip;\n","protected":false},"author":2,"featured_media":657808,"comment_status":"","ping_status":"","sticky":false,"template":"","format":"standard","meta":{"footnotes":""},"categories":[1589],"tags":[11,340,73,1866,12,1864,1865,1863,308],"class_list":{"0":"post-657807","1":"post","2":"type-post","3":"status-publish","4":"format-standard","5":"has-post-thumbnail","7":"category-etats-unis","8":"tag-actualites","9":"tag-bourse","10":"tag-etats-unis","11":"tag-etats-unis-damerique","12":"tag-news","13":"tag-united-states","14":"tag-united-states-of-america","15":"tag-us","16":"tag-usa"},"share_on_mastodon":{"url":"https:\/\/pubeurope.com\/@fr\/115880873406687042","error":""},"_links":{"self":[{"href":"https:\/\/www.europesays.com\/fr\/wp-json\/wp\/v2\/posts\/657807","targetHints":{"allow":["GET"]}}],"collection":[{"href":"https:\/\/www.europesays.com\/fr\/wp-json\/wp\/v2\/posts"}],"about":[{"href":"https:\/\/www.europesays.com\/fr\/wp-json\/wp\/v2\/types\/post"}],"author":[{"embeddable":true,"href":"https:\/\/www.europesays.com\/fr\/wp-json\/wp\/v2\/users\/2"}],"replies":[{"embeddable":true,"href":"https:\/\/www.europesays.com\/fr\/wp-json\/wp\/v2\/comments?post=657807"}],"version-history":[{"count":0,"href":"https:\/\/www.europesays.com\/fr\/wp-json\/wp\/v2\/posts\/657807\/revisions"}],"wp:featuredmedia":[{"embeddable":true,"href":"https:\/\/www.europesays.com\/fr\/wp-json\/wp\/v2\/media\/657808"}],"wp:attachment":[{"href":"https:\/\/www.europesays.com\/fr\/wp-json\/wp\/v2\/media?parent=657807"}],"wp:term":[{"taxonomy":"category","embeddable":true,"href":"https:\/\/www.europesays.com\/fr\/wp-json\/wp\/v2\/categories?post=657807"},{"taxonomy":"post_tag","embeddable":true,"href":"https:\/\/www.europesays.com\/fr\/wp-json\/wp\/v2\/tags?post=657807"}],"curies":[{"name":"wp","href":"https:\/\/api.w.org\/{rel}","templated":true}]}}