{"id":657811,"date":"2026-01-12T07:11:12","date_gmt":"2026-01-12T07:11:12","guid":{"rendered":"https:\/\/www.europesays.com\/fr\/657811\/"},"modified":"2026-01-12T07:11:12","modified_gmt":"2026-01-12T07:11:12","slug":"comment-grace-a-son-inflation-ultra-faible-la-france-est-doucement-en-train-de-redevenir-tres-competitive-grace-a-ses-prix-bas","status":"publish","type":"post","link":"https:\/\/www.europesays.com\/fr\/657811\/","title":{"rendered":"comment gr\u00e2ce \u00e0 son inflation ultra-faible, la France est doucement en train de redevenir tr\u00e8s comp\u00e9titive gr\u00e2ce \u00e0 ses prix bas"},"content":{"rendered":"<p>En parvenant \u00e0 contenir son inflation, la France a rattrap\u00e9 ces derni\u00e8res ann\u00e9es une partie de son retard en mati\u00e8re de comp\u00e9titivit\u00e9 par rapport \u00e0 ses voisins. Au prix toutefois d&rsquo;une s\u00e9v\u00e8re d\u00e9gradation de ses comptes publics.<\/p>\n<p>La France regagne un peu de terrain. Comme le soulignent les donn\u00e9es de Rexecode relay\u00e9es par <a href=\"https:\/\/www.lesechos.fr\/economie-france\/conjoncture\/pourquoi-la-faible-inflation-renforce-la-competitivite-de-la-france-2207361\" target=\"_blank\" class=\"external_link\" rel=\"noopener\">Les \u00c9chos<\/a>, le redressement de la comp\u00e9titivit\u00e9 tricolore est en marche alors que l&rsquo;Hexagone s&rsquo;illustre depuis plusieurs mois par un niveau d&rsquo;inflation contenu par rapport \u00e0 ses voisins.<\/p>\n<p>Apr\u00e8s Chypre, c&rsquo;est en effet en France que la hausse des prix a \u00e9t\u00e9 la plus mod\u00e9r\u00e9e en d\u00e9cembre, \u00e0 0,7% sur un an. Soit bien moins que l&rsquo;inflation moyenne en zone euro (2%).<\/p>\n<p>Parmi les principales \u00e9conomies de la zone euro, la France a d&rsquo;ailleurs presque toujours fait partie du club des pays ayant l&rsquo;inflation la plus basse depuis le Covid, \u00e0 l&rsquo;exception de l&rsquo;ann\u00e9e 2023.<\/p>\n<p>Une performance r\u00e9alis\u00e9e gr\u00e2ce au soutien massif de l&rsquo;\u00c9tat pendant les crises sanitaire et \u00e9nerg\u00e9tique, <a href=\"https:\/\/www.bfmtv.com\/economie\/economie-social\/france\/la-crise-du-covid-va-couter-424-milliards-d-euros-en-3-ans-aux-finances-publiques_AD-202104130397.html\" title=\"La crise du Covid va co\u00fbter 424 milliards d&#039;euros en 3 ans aux finances publiques\" class=\"internal_link\" target=\"_blank\" rel=\"noopener\">mais au prix d&rsquo;une d\u00e9gradation des comptes publics<\/a>: \u00ab\u00a0On a beaucoup critiqu\u00e9 la politique budg\u00e9taire mais une partie du d\u00e9ficit a financ\u00e9 des mesures de pouvoir d&rsquo;achat comme les ch\u00e8ques carburant ou le <a href=\"https:\/\/www.bfmtv.com\/economie\/en-direct-crise-de-l-energie-suivez-les-annonces-en-direct_LN-202209140209.html\" title=\"Le nouveau bouclier tarifaire co\u00fbtera 16 milliards d&#039;euros en 2023\" class=\"internal_link\" target=\"_blank\" rel=\"noopener\">bouclier \u00e9nerg\u00e9tique<\/a> qui a permis \u00e0 la France de freiner les prix\u00a0\u00bb, souligne aupr\u00e8s de BFM Business Olivier Redoul\u00e8s, directeur des \u00e9tudes de Rexecode. Avant de mentionner par ailleurs le r\u00f4le du \u00ab\u00a0parc nucl\u00e9aire fran\u00e7ais et <a href=\"https:\/\/www.bfmtv.com\/economie\/entreprises\/energie\/une-nouvelle-tarification-de-l-electricite-va-entrer-en-vigueur-dans-3-mois-un-rapport-parlementaire-craint-que-les-francais-soient-exposes-aux-prix-de-marche_AD-202510090319.html\" title=\"Une nouvelle tarification de l&#039;\u00e9lectricit\u00e9 va entrer en vigueur dans 3 mois: un rapport parlementaire craint que les Fran\u00e7ais soient expos\u00e9s aux prix de march\u00e9\" class=\"internal_link\" target=\"_blank\" rel=\"noopener\">du dispositif Arenh<\/a>\u00a0\u00bb qui ont particip\u00e9 \u00e0 amortir le choc sur les prix \u00e9nerg\u00e9tiques, notamment pour les \u00ab\u00a0entreprises \u00e9lectro-intensives\u00a0\u00bb.<\/p>\n<p>Ailleurs, les aides d\u00e9ploy\u00e9es pour \u00e9pauler m\u00e9nages et entreprises ont souvent \u00e9t\u00e9 plus tardives et moins g\u00e9n\u00e9reuses. Face \u00e0 l&rsquo;envol\u00e9e des prix \u00e9nerg\u00e9tiques, l&rsquo;Allemagne s&rsquo;est par exemple content\u00e9e de verser un ch\u00e8que \u00e0 ses citoyens. Et contrairement au bouclier qui a plafonn\u00e9 les prix en France, la distribution de ch\u00e8ques ne fait que soutenir les revenus mais n&rsquo;a aucun effet sur le niveau d&rsquo;inflation.<\/p>\n<p>Des revalorisations salariales plus mod\u00e9r\u00e9es<\/p>\n<p>En contenant la hausse des prix avec sa co\u00fbteuse politique de soutien, l&rsquo;Hexagone \u00ab\u00a0n&rsquo;a pas connu d&#8217;emballement de la <a href=\"https:\/\/www.bfmtv.com\/economie\/economie-social\/social\/entre-augmentation-du-smic-et-risque-de-spirale-prix-salaire-deux-franges-s-opposent_AV-202206100294.html\" title=\"Entre augmentation du Smic et risque de spirale &quot;prix-salaire&quot;, deux franges s&#039;opposent\" class=\"internal_link\" target=\"_blank\" rel=\"noopener\">boucle prix-salaires<\/a>\u00ab\u00a0, poursuit Olivier Redoul\u00e8s.<\/p>\n<p>Le m\u00e9canisme est g\u00e9n\u00e9ralement le suivant: dans un contexte d&rsquo;inflation galopante, les salari\u00e9s r\u00e9clament des revalorisations plus importantes. Ce qui conduit les entreprises \u00e0 augmenter leurs prix pour maintenir leurs marges. En r\u00e9ponse, les salari\u00e9s exigent de nouvelles augmentations pour pr\u00e9server leur pouvoir d&rsquo;achat, et ainsi de suite.<\/p>\n<p><img decoding=\"async\" src=\"https:\/\/www.europesays.com\/fr\/wp-content\/uploads\/2025\/11\/principale-98_1.jpg\"  alt=\"La question macro de la semaine : A-t-on vaincu l'inflation ? - 19\/12\" title=\"La question macro de la semaine : A-t-on vaincu l'inflation ? - 19\/12\"\/>La question macro de la semaine : A-t-on vaincu l&rsquo;inflation ? &#8211; 19\/12<\/p>\n<p>Mais l&rsquo;inflation ayant \u00e9t\u00e9 plus faible dans l&rsquo;Hexagone, les revalorisations salariales ont logiquement \u00e9t\u00e9 plus mod\u00e9r\u00e9es que chez nos voisins. \u00c0 titre de comparaison, le salaire moyen en \u00e9quivalent temps plein \u00e0 progress\u00e9 d&rsquo;environ 7% dans l&rsquo;Hexagone entre 2022 et 2024, contre 12,7% en Allemagne et 10,1% en moyenne dans la zone euro, d&rsquo;apr\u00e8s Eurostat.<\/p>\n<p>Gains de comp\u00e9titivit\u00e9<\/p>\n<p>Cette inflation mieux ma\u00eetris\u00e9e et les revalorisations plus modestes qui en d\u00e9coulent sont \u00ab\u00a0surtout une bonne nouvelle pour le positionnement de la France par rapport aux pays europ\u00e9ens\u00a0\u00bb puisque cela contribue \u00e0 am\u00e9liorer la comp\u00e9titivit\u00e9 des entreprises tricolores relativement \u00e0 leurs homologues europ\u00e9ennes, rappelle sur BFM Business Denis Ferrand, directeur g\u00e9n\u00e9ral de Rexecode.<\/p>\n<p>En t\u00e9moignent les derniers chiffres d&rsquo;Eurostat. Si Malte est le seul pays \u00e0 avoir enregistr\u00e9 une baisse des co\u00fbts salariaux horaires au troisi\u00e8me trimestre 2025 par rapport au m\u00eame trimestre un an plus t\u00f4t (-1,4%), c&rsquo;est dans l&rsquo;Hexagone que la hausse a \u00e9t\u00e9 la plus faible (+1,3%). Un niveau pr\u00e8s de 3 fois inf\u00e9rieur \u00e0 celui de l&rsquo;Allemagne (+3,6%) ou plus g\u00e9n\u00e9ralement \u00e0 la moyenne de l&rsquo;UE (+3,5%).<\/p>\n<p>Outre-Rhin, \u00ab\u00a0il y a de fortes pressions salariales qui sont en train de se manifester\u00a0\u00bb, souligne sur BFM Business l&rsquo;\u00e9conomiste Gilbert Cette qui y voit une \u00ab\u00a0opportunit\u00e9\u00a0\u00bb pour la France car que cela pourrait se traduire \u00e0 terme par \u00ab\u00a0des gains de comp\u00e9titivit\u00e9 consid\u00e9rables vis-\u00e0-vis de l&rsquo;Allemagne\u00a0\u00bb.<\/p>\n<p>Une hausse du co\u00fbt du travail horaire plus mod\u00e9r\u00e9e en France qu&rsquo;en Allemagne depuis 10 ans<\/p>\n<p>Mais en r\u00e9alit\u00e9, la France a commenc\u00e9 \u00e0 combler son retard bien avant la crise sanitaire de 2020.<\/p>\n<blockquote class=\"embed embed_quote\"><p>\u00ab\u00a0Depuis plus de 10 ans, on regagne en comp\u00e9titivit\u00e9 apr\u00e8s une p\u00e9riode pendant laquelle on a beaucoup perdu\u00a0\u00bb, confirme Olivier Redoul\u00e8s.<\/p><\/blockquote>\n<p>L&rsquo;Insee explique notamment qu&rsquo;au-del\u00e0 \u00ab\u00a0des dispositifs adopt\u00e9s\u00a0\u00bb pour \u00ab\u00a0faire face \u00e0 la crise sanitaire (exon\u00e9rations et aide au paiement de cotisations sociales, aides \u00e0 l\u2019embauche des jeunes et des alternants)\u00a0\u00bb puis \u00e0 la flamb\u00e9e des prix \u00e9nerg\u00e9tiques, \u00ab\u00a0la hausse du co\u00fbt horaire du travail a \u00e9t\u00e9 mod\u00e9r\u00e9e en France par la mise en place de diff\u00e9rentes mesures\u00a0\u00bb d\u00e8s les ann\u00e9es 2010.<strong> <\/strong>Parmi elles: le cr\u00e9dit d\u2019imp\u00f4t pour la comp\u00e9titivit\u00e9 et l\u2019emploi (CICE) en 2013 ou l\u2019extension de la r\u00e9duction des cotisations sociales sur les bas salaires en 2019.<\/p>\n<p>R\u00e9sultat: si les co\u00fbts salariaux restent plus \u00e9lev\u00e9s dans l&rsquo;Hexagone par rapport \u00e0 la moyenne de l&rsquo;UE, l&rsquo;\u00e9cart n&rsquo;a eu de cesse de se resserrer: \u00ab\u00a0Au total, de 2014 \u00e0 2024, le co\u00fbt du travail horaire en France a augment\u00e9 de 25,4%, dont +11,1% entre 2021 et 2024 en raison de la pouss\u00e9e inflationniste\u00a0\u00bb, indique l&rsquo;institut de la statistique. Mais \u00ab\u00a0cette hausse sur dix ans reste plus mod\u00e9r\u00e9e qu\u2019en Allemagne (+38,2%) et que dans l\u2019ensemble de l\u2019UE (+33,9%)\u00a0\u00bb.<\/p>\n<p>En analysant les donn\u00e9es plus en d\u00e9tail, Denis Ferrand remarque de surcro\u00eet \u00ab\u00a0qu&rsquo;en l&rsquo;espace de 5 ans, il y a 8 points d&rsquo;\u00e9cart d&rsquo;\u00e9volution du co\u00fbt salarial unitaire (ratio entre le co\u00fbt de la main-d&rsquo;\u0153uvre et la productivit\u00e9) dans l&rsquo;industrie manufacturi\u00e8re entre la France et l&rsquo;Allemagne, c&rsquo;est colossal\u00a0\u00bb.<\/p>\n<p>Des gains qui \u00ab\u00a0mettent du temps \u00e0 se voir\u00a0\u00bb<\/p>\n<p>Cette remontada (toute relative) \u00ab\u00a0est une tr\u00e8s bonne nouvelle pour la France, (&#8230;) ce sont des chiffres incroyables\u00a0\u00bb, salue Gilbert Cette. \u00ab\u00a0Effectivement, c\u2019est plut\u00f4t bon pour notre comp\u00e9titivit\u00e9 parce que cela rench\u00e9rit moins le prix de nos exports\u00a0\u00bb, abonde sur BFM Business C\u00e9line Antonin, \u00e9conomiste \u00e0 l&rsquo;OFCE.<\/p>\n<p>Mais pour Olivier Redoul\u00e8s, il faudra se montrer patient avant d&rsquo;en r\u00e9colter les fruits: \u00ab\u00a0Ce sont des choses qui mettent du temps \u00e0 se voir. Quand elles obtiennent des gains de comp\u00e9titivit\u00e9-co\u00fbt, les entreprises commencent par augmenter leurs marges pour investir et embaucher. Cela met du temps \u00e0 se voir sur les prix\u00a0\u00bb.<\/p>\n<p>\u00c0 travers l&rsquo;investissement, ces m\u00eames gains de comp\u00e9titivit\u00e9 peuvent aussi se mat\u00e9rialiser par davantage d&rsquo;innovation. Mais pas avant plusieurs ann\u00e9es l\u00e0-encore, et \u00e0 condition que de nouvelles mesures fiscales ne viennent pas effacer les progr\u00e8s r\u00e9alis\u00e9s.<\/p>\n<blockquote class=\"embed embed_quote\"><p>\u00ab\u00a0Si on veut \u00eatre optimiste, on peut se dire que si on maintient nos gains de comp\u00e9titivit\u00e9 dans la dur\u00e9e on aura un petit avantage\u00a0\u00bb, juge Olivier Redoul\u00e8s.<\/p><\/blockquote>\n<p>En attendant, la perte de comp\u00e9titivit\u00e9 de l&rsquo;Allemagne, en pleine crise industrielle, \u00ab\u00a0b\u00e9n\u00e9ficie \u00e0 l&rsquo;Italie\u00a0\u00bb qui a su grignoter des parts de march\u00e9 gr\u00e2ce \u00e0 des r\u00e9formes \u00ab\u00a0structurelles\u00a0\u00bb engag\u00e9es dans les ann\u00e9es 2010 pour redynamiser son industrie, note encore l&rsquo;\u00e9conomiste. Septi\u00e8me exportateur mondial il y a encore dix ans, notre voisin transalpin <a href=\"https:\/\/www.bfmtv.com\/economie\/economie-social\/union-europeenne\/l-ocde-certifie-que-nous-avons-depasse-le-japon-l-italie-est-devenue-le-quatrieme-exportateur-mondial-mais-reste-tres-loin-du-podium_AV-202601020355.html\" title=\"&quot;L&#039;OCDE certifie que nous avons d\u00e9pass\u00e9 le Japon&quot;: l&#039;Italie est devenue le quatri\u00e8me exportateur mondial mais reste tr\u00e8s loin du podium\" class=\"internal_link\" target=\"_blank\" rel=\"noopener\">s&rsquo;est r\u00e9cemment hiss\u00e9 sur la quatri\u00e8me place devant le Japon<\/a>. La France, elle, est septi\u00e8me.<\/p>\n","protected":false},"excerpt":{"rendered":"En parvenant \u00e0 contenir son inflation, la France a rattrap\u00e9 ces derni\u00e8res ann\u00e9es une partie de son retard&hellip;\n","protected":false},"author":2,"featured_media":234612,"comment_status":"","ping_status":"","sticky":false,"template":"","format":"standard","meta":{"footnotes":""},"categories":[1587],"tags":[11,672,1804,1805,1803,1777,674,1801,12,1802],"class_list":{"0":"post-657811","1":"post","2":"type-post","3":"status-publish","4":"format-standard","5":"has-post-thumbnail","7":"category-allemagne","8":"tag-actualites","9":"tag-allemagne","10":"tag-bundesrepublik-deutschland","11":"tag-de","12":"tag-deutschland","13":"tag-eu","14":"tag-europe","15":"tag-germany","16":"tag-news","17":"tag-republique-federale-dallemagne"},"share_on_mastodon":{"url":"https:\/\/pubeurope.com\/@fr\/115880885224773842","error":""},"_links":{"self":[{"href":"https:\/\/www.europesays.com\/fr\/wp-json\/wp\/v2\/posts\/657811","targetHints":{"allow":["GET"]}}],"collection":[{"href":"https:\/\/www.europesays.com\/fr\/wp-json\/wp\/v2\/posts"}],"about":[{"href":"https:\/\/www.europesays.com\/fr\/wp-json\/wp\/v2\/types\/post"}],"author":[{"embeddable":true,"href":"https:\/\/www.europesays.com\/fr\/wp-json\/wp\/v2\/users\/2"}],"replies":[{"embeddable":true,"href":"https:\/\/www.europesays.com\/fr\/wp-json\/wp\/v2\/comments?post=657811"}],"version-history":[{"count":0,"href":"https:\/\/www.europesays.com\/fr\/wp-json\/wp\/v2\/posts\/657811\/revisions"}],"wp:featuredmedia":[{"embeddable":true,"href":"https:\/\/www.europesays.com\/fr\/wp-json\/wp\/v2\/media\/234612"}],"wp:attachment":[{"href":"https:\/\/www.europesays.com\/fr\/wp-json\/wp\/v2\/media?parent=657811"}],"wp:term":[{"taxonomy":"category","embeddable":true,"href":"https:\/\/www.europesays.com\/fr\/wp-json\/wp\/v2\/categories?post=657811"},{"taxonomy":"post_tag","embeddable":true,"href":"https:\/\/www.europesays.com\/fr\/wp-json\/wp\/v2\/tags?post=657811"}],"curies":[{"name":"wp","href":"https:\/\/api.w.org\/{rel}","templated":true}]}}