{"id":657816,"date":"2026-01-12T07:14:24","date_gmt":"2026-01-12T07:14:24","guid":{"rendered":"https:\/\/www.europesays.com\/fr\/657816\/"},"modified":"2026-01-12T07:14:24","modified_gmt":"2026-01-12T07:14:24","slug":"le-bilan-grimpe-a-six-morts-ce-week-end","status":"publish","type":"post","link":"https:\/\/www.europesays.com\/fr\/657816\/","title":{"rendered":"le bilan grimpe \u00e0 six morts ce week-end"},"content":{"rendered":"\n<p class=\"article__paragraph  \">Un skieur faisant du hors-piste a p\u00e9ri dimanche dans une avalanche \u00e0 Vallorcine, en Haute-Savoie, ce qui porte \u00e0 six morts dans des coul\u00e9es de neige dans les Alpes ce week-end, a annonc\u00e9 la gendarmerie.<\/p>\n<p class=\"article__paragraph  \">Cet homme de 32\u00a0ans a \u00e9t\u00e9 emport\u00e9 en fin d\u2019apr\u00e8s-midi par une avalanche qui l\u2019a pr\u00e9cipit\u00e9 contre un arbre sans l\u2019ensevelir. Il n\u2019a pas surv\u00e9cu \u00e0 ses blessures, selon le peloton de gendarmerie de haute montagne de Chamonix.<\/p>\n<p class=\"article__paragraph  \">A La\u00a0Plagne, un skieur britannique d\u2019environ 50\u00a0ans a \u00e9galement \u00e9t\u00e9 enseveli en d\u00e9but d\u2019apr\u00e8s-midi sous une coul\u00e9e de neige, selon un communiqu\u00e9 de la station. Au total 52 secouristes, des chiens d\u2019avalanche et un h\u00e9licopt\u00e8re ont \u00e9t\u00e9 mobilis\u00e9s, mais il a fallu cinquante minutes pour le localiser sous 2,50\u00a0m\u00e8tres de neige et il n\u2019a pas pu \u00eatre r\u00e9anim\u00e9.<\/p>\n<p class=\"article__paragraph  \">A Courchevel, en fin de matin\u00e9e, un skieur enseveli sous une autre avalanche a \u00e9t\u00e9 retrouv\u00e9 sans vie, annonce la station sans plus de d\u00e9tails.<\/p>\n<p class=\"article__paragraph  \">Trois skieurs en hors-piste avaient \u00e9galement p\u00e9ri samedi dans deux coul\u00e9es de neige distinctes en Savoie, deux dans la grande station de sports d\u2019hiver de Val d\u2019Is\u00e8re et un dans celle d\u2019Ar\u00eache-Beaufort.<\/p>\n<p class=\"article__paragraph  \">M\u00e9t\u00e9o-France avait pr\u00e9venu d\u00e8s vendredi\u00a0: un risque \u00ab\u00a0fort\u00a0\u00bb d\u2019avalanches dans presque tous les massifs alpins pr\u00e9vaudrait pour tout le week-end, de niveau\u00a04 sur 5, selon l\u2019\u00e9chelle europ\u00e9enne du danger.<\/p>\n<p class=\"article__paragraph  \">En Savoie, \u00ab\u00a0le risque \u00e9lev\u00e9 d\u2019avalanches va se maintenir dans les prochains jours\u00a0: il sera fort (4\/5) sur les massifs de la Maurienne, Haute-Maurienne, Tarentaise, Vanoise et Beaufortin, et marqu\u00e9 (3\/5) sur le massif de Belledone et des Aravis\u00a0\u00bb, a pr\u00e9venu la pr\u00e9f\u00e8te Nicoli. \u00ab\u00a0Il n\u2019y a pas de \u201cpetits hors-pistes\u201d ni de \u201cpetites avalanches\u201d\u00a0\u00bb, a-t-elle mis en garde.<\/p>\n<p>                                       Lire aussi |  <a href=\"https:\/\/www.lemonde.fr\/climat\/article\/2026\/01\/11\/neige-et-verglas-fin-de-la-vigilance-orange-dans-le-nord-est_6661259_1652613.html\" class=\"js-article-read-also catcher--favoris__link\" data-premium=\"\" id=\"article-title-3454055\" target=\"_blank\" rel=\"noopener\">Neige\u00a0: le risque d\u2019avalanches encore fort dans les Alpes, la pr\u00e9fecture de Savoie recommande une \u00ab\u00a0extr\u00eame vigilance\u00a0\u00bb<\/a>    <\/p>\n<p>   Lire plus tard  <\/p>\n<p class=\"author__detail\">  Le Monde avec AFP  <\/p>\n","protected":false},"excerpt":{"rendered":"Un skieur faisant du hors-piste a p\u00e9ri dimanche dans une avalanche \u00e0 Vallorcine, en Haute-Savoie, ce qui porte&hellip;\n","protected":false},"author":2,"featured_media":657817,"comment_status":"","ping_status":"","sticky":false,"template":"","format":"standard","meta":{"footnotes":""},"categories":[2],"tags":[11,1011,27,12,25],"class_list":{"0":"post-657816","1":"post","2":"type-post","3":"status-publish","4":"format-standard","5":"has-post-thumbnail","7":"category-actualites","8":"tag-actualites","9":"tag-fr","10":"tag-france","11":"tag-news","12":"tag-republique-francaise"},"share_on_mastodon":{"url":"https:\/\/pubeurope.com\/@fr\/115880896971935249","error":""},"_links":{"self":[{"href":"https:\/\/www.europesays.com\/fr\/wp-json\/wp\/v2\/posts\/657816","targetHints":{"allow":["GET"]}}],"collection":[{"href":"https:\/\/www.europesays.com\/fr\/wp-json\/wp\/v2\/posts"}],"about":[{"href":"https:\/\/www.europesays.com\/fr\/wp-json\/wp\/v2\/types\/post"}],"author":[{"embeddable":true,"href":"https:\/\/www.europesays.com\/fr\/wp-json\/wp\/v2\/users\/2"}],"replies":[{"embeddable":true,"href":"https:\/\/www.europesays.com\/fr\/wp-json\/wp\/v2\/comments?post=657816"}],"version-history":[{"count":0,"href":"https:\/\/www.europesays.com\/fr\/wp-json\/wp\/v2\/posts\/657816\/revisions"}],"wp:featuredmedia":[{"embeddable":true,"href":"https:\/\/www.europesays.com\/fr\/wp-json\/wp\/v2\/media\/657817"}],"wp:attachment":[{"href":"https:\/\/www.europesays.com\/fr\/wp-json\/wp\/v2\/media?parent=657816"}],"wp:term":[{"taxonomy":"category","embeddable":true,"href":"https:\/\/www.europesays.com\/fr\/wp-json\/wp\/v2\/categories?post=657816"},{"taxonomy":"post_tag","embeddable":true,"href":"https:\/\/www.europesays.com\/fr\/wp-json\/wp\/v2\/tags?post=657816"}],"curies":[{"name":"wp","href":"https:\/\/api.w.org\/{rel}","templated":true}]}}