{"id":657820,"date":"2026-01-12T07:16:29","date_gmt":"2026-01-12T07:16:29","guid":{"rendered":"https:\/\/www.europesays.com\/fr\/657820\/"},"modified":"2026-01-12T07:16:29","modified_gmt":"2026-01-12T07:16:29","slug":"mercosur-lachee-par-litalie-la-france-na-presque-plus-doptions-pour-bloquer-laccord","status":"publish","type":"post","link":"https:\/\/www.europesays.com\/fr\/657820\/","title":{"rendered":"Mercosur\u00a0: l\u00e2ch\u00e9e par l\u2019Italie, la France n\u2019a presque plus d\u2019options pour bloquer l\u2019accord"},"content":{"rendered":"<p>\n        \u00ab\u00a0Une \u00e9tape importante dans la politique commerciale europ\u00e9enne\u00a0\u00bb, c\u2019est par ces mots que Friedrich Merz a salu\u00e9 le 9\u00a0janvier la ratification, par le Conseil de l\u2019UE, de l\u2019accord avec le Mercosur. Le chancelier allemand a aussi appel\u00e9 \u00e0 \u00ab\u00a0aller vite\u00a0\u00bb dans les prochaines \u00e9tapes devant mener \u00e0 l\u2019entr\u00e9e en vigueur du texte. L\u00e2ch\u00e9e par l\u2019Italie et isol\u00e9e au Conseil, la France n\u2019a pas r\u00e9ussi \u00e0 constituer la \u00ab\u00a0minorit\u00e9 de blocage\u00a0\u00bb. Pour s\u2019opposer \u00e0 l\u2019Allemagne dans la suite du processus, Paris est d\u00e9sormais contraint de se tourner vers le Parlement europ\u00e9en, qui a encore quelques cartes pour tenter de bloquer la ratification.\n      <\/p>\n","protected":false},"excerpt":{"rendered":"\u00ab\u00a0Une \u00e9tape importante dans la politique commerciale europ\u00e9enne\u00a0\u00bb, c\u2019est par ces mots que Friedrich Merz a salu\u00e9 le&hellip;\n","protected":false},"author":2,"featured_media":657821,"comment_status":"","ping_status":"","sticky":false,"template":"","format":"standard","meta":{"footnotes":""},"categories":[4],"tags":[11,1011,27,12,25],"class_list":{"0":"post-657820","1":"post","2":"type-post","3":"status-publish","4":"format-standard","5":"has-post-thumbnail","7":"category-france","8":"tag-actualites","9":"tag-fr","10":"tag-france","11":"tag-news","12":"tag-republique-francaise"},"share_on_mastodon":{"url":"https:\/\/pubeurope.com\/@fr\/115880904790523507","error":""},"_links":{"self":[{"href":"https:\/\/www.europesays.com\/fr\/wp-json\/wp\/v2\/posts\/657820","targetHints":{"allow":["GET"]}}],"collection":[{"href":"https:\/\/www.europesays.com\/fr\/wp-json\/wp\/v2\/posts"}],"about":[{"href":"https:\/\/www.europesays.com\/fr\/wp-json\/wp\/v2\/types\/post"}],"author":[{"embeddable":true,"href":"https:\/\/www.europesays.com\/fr\/wp-json\/wp\/v2\/users\/2"}],"replies":[{"embeddable":true,"href":"https:\/\/www.europesays.com\/fr\/wp-json\/wp\/v2\/comments?post=657820"}],"version-history":[{"count":0,"href":"https:\/\/www.europesays.com\/fr\/wp-json\/wp\/v2\/posts\/657820\/revisions"}],"wp:featuredmedia":[{"embeddable":true,"href":"https:\/\/www.europesays.com\/fr\/wp-json\/wp\/v2\/media\/657821"}],"wp:attachment":[{"href":"https:\/\/www.europesays.com\/fr\/wp-json\/wp\/v2\/media?parent=657820"}],"wp:term":[{"taxonomy":"category","embeddable":true,"href":"https:\/\/www.europesays.com\/fr\/wp-json\/wp\/v2\/categories?post=657820"},{"taxonomy":"post_tag","embeddable":true,"href":"https:\/\/www.europesays.com\/fr\/wp-json\/wp\/v2\/tags?post=657820"}],"curies":[{"name":"wp","href":"https:\/\/api.w.org\/{rel}","templated":true}]}}