{"id":657826,"date":"2026-01-12T07:24:15","date_gmt":"2026-01-12T07:24:15","guid":{"rendered":"https:\/\/www.europesays.com\/fr\/657826\/"},"modified":"2026-01-12T07:24:15","modified_gmt":"2026-01-12T07:24:15","slug":"dylan-van-baarle-les-flandres-et-paris-roubaix-sont-mes-principaux-objectifs","status":"publish","type":"post","link":"https:\/\/www.europesays.com\/fr\/657826\/","title":{"rendered":"Dylan van Baarle : \u00ab\u00a0Les Flandres et Paris-Roubaix sont mes principaux objectifs\u00a0\u00bb"},"content":{"rendered":"<p style=\"text-align: justify;\"><strong>Le vainqueur de Paris-Roubaix 2022 Dylan van Baarle a rejoint la Soudal Quick-Step pour renforcer l\u2019effectif sur les classiques.\u00a0<\/strong><\/p>\n<p style=\"text-align: justify;\">L\u2019un des coureurs les plus exp\u00e9riment\u00e9s du peloton, Dylan van Baarle est pr\u00eat \u00e0 faire <a href=\"https:\/\/www.velo101.com\/actualite\/cyclisme\/transferts\/dylan-van-baarle-va-rejoindre-la-soudal-quick-step\/\" target=\"_blank\" rel=\"noopener\">ses d\u00e9buts chez Soudal Quick-Step<\/a> et \u00e0 contribuer au succ\u00e8s de l\u2019\u00e9quipe. V\u00e9ritable sp\u00e9cialiste des pav\u00e9s, Dylan Van Baarle poss\u00e8de un palmar\u00e8s impressionnant sur les classiques de ces dix derni\u00e8res ann\u00e9es, t\u00e9moignant de sa r\u00e9gularit\u00e9 et de son endurance. En 2022, il a remport\u00e9 Paris-Roubaix au terme d\u2019une \u00e9chapp\u00e9e sensationnelle. \u00c0 33 ans, Van Baarle a sign\u00e9 un contrat avec l\u2019\u00e9quipe belge jusqu\u2019\u00e0 fin 2027. Apr\u00e8s quelques ann\u00e9es difficiles, il esp\u00e8re retrouver son meilleur niveau et jouer un r\u00f4le important sur les pav\u00e9s du Nord.<\/p>\n<p>Dylan van Baarle :<\/p>\n<p style=\"text-align: justify;\">\u00ab\u00a0Les deux stages d\u2019entra\u00eenement se sont tr\u00e8s bien d\u00e9roul\u00e9s. C\u2019\u00e9tait agr\u00e9able de faire la connaissance de tout le monde, du staff aux coureurs. C\u2019est un super groupe et \u00e7a m\u2019a mis de bonne humeur. J\u2019ai h\u00e2te de disputer ma premi\u00e8re course, l\u2019Algarve, car je suis impatient de porter enfin ces couleurs. J\u2019attends \u00e9galement avec impatience le week-end d\u2019ouverture, qui sera particulier pour une \u00e9quipe belge. Nous avons une \u00e9quipe solide et nous pouvons jouer les premiers r\u00f4les. Bien s\u00fbr, c\u2019est toujours plus facile \u00e0 dire qu\u2019\u00e0 faire, mais nous sommes confiants, car plusieurs de nos coureurs ont prouv\u00e9 qu\u2019ils pouvaient se battre pour un bon r\u00e9sultat sur les pav\u00e9s.\u00a0\u00bb<\/p>\n<p><img fetchpriority=\"high\" decoding=\"async\" class=\"alignleft size-full wp-image-186264\" src=\"data:image\/svg+xml,%3Csvg%20xmlns=\" http:=\"\" alt=\"\" width=\"2560\" height=\"1865\" data-lazy- data-lazy- data-lazy-src=\"https:\/\/www.europesays.com\/fr\/wp-content\/uploads\/2026\/01\/Dylan-Van-Baarle-scaled.jpg\"\/><\/p>\n<p style=\"text-align: justify;\">\u00ab\u00a0Le Tour des Flandres et Paris-Roubaix seront mes objectifs principaux, et j\u2019esp\u00e8re retrouver mon meilleur niveau pour ces deux Monuments. Je les adore, ils occupent une place particuli\u00e8re dans mon c\u0153ur et j\u2019aimerais beaucoup \u00eatre en lice pour un bon r\u00e9sultat ou contribuer au succ\u00e8s de l\u2019\u00e9quipe. Je suis \u00e9galement impatient d\u2019\u00eatre pr\u00e9sent pour l\u2019\u00e9quipe chaque fois qu\u2019elle aura besoin de moi sur les courses par \u00e9tapes, car nous avons de nombreux coureurs capables de briller dans ce type de courses, quel que soit le terrain. J\u2019esp\u00e8re que ce sera une bonne ann\u00e9e pour nous.\u00a0\u00bb<\/p>\n","protected":false},"excerpt":{"rendered":"Le vainqueur de Paris-Roubaix 2022 Dylan van Baarle a rejoint la Soudal Quick-Step pour renforcer l\u2019effectif sur les&hellip;\n","protected":false},"author":2,"featured_media":657827,"comment_status":"","ping_status":"","sticky":false,"template":"","format":"standard","meta":{"footnotes":""},"categories":[1411],"tags":[1154,207,1011,27,60],"class_list":{"0":"post-657826","1":"post","2":"type-post","3":"status-publish","4":"format-standard","5":"has-post-thumbnail","7":"category-cyclisme","8":"tag-cycling","9":"tag-cyclisme","10":"tag-fr","11":"tag-france","12":"tag-sports"},"share_on_mastodon":{"url":"https:\/\/pubeurope.com\/@fr\/115880936343266026","error":""},"_links":{"self":[{"href":"https:\/\/www.europesays.com\/fr\/wp-json\/wp\/v2\/posts\/657826","targetHints":{"allow":["GET"]}}],"collection":[{"href":"https:\/\/www.europesays.com\/fr\/wp-json\/wp\/v2\/posts"}],"about":[{"href":"https:\/\/www.europesays.com\/fr\/wp-json\/wp\/v2\/types\/post"}],"author":[{"embeddable":true,"href":"https:\/\/www.europesays.com\/fr\/wp-json\/wp\/v2\/users\/2"}],"replies":[{"embeddable":true,"href":"https:\/\/www.europesays.com\/fr\/wp-json\/wp\/v2\/comments?post=657826"}],"version-history":[{"count":0,"href":"https:\/\/www.europesays.com\/fr\/wp-json\/wp\/v2\/posts\/657826\/revisions"}],"wp:featuredmedia":[{"embeddable":true,"href":"https:\/\/www.europesays.com\/fr\/wp-json\/wp\/v2\/media\/657827"}],"wp:attachment":[{"href":"https:\/\/www.europesays.com\/fr\/wp-json\/wp\/v2\/media?parent=657826"}],"wp:term":[{"taxonomy":"category","embeddable":true,"href":"https:\/\/www.europesays.com\/fr\/wp-json\/wp\/v2\/categories?post=657826"},{"taxonomy":"post_tag","embeddable":true,"href":"https:\/\/www.europesays.com\/fr\/wp-json\/wp\/v2\/tags?post=657826"}],"curies":[{"name":"wp","href":"https:\/\/api.w.org\/{rel}","templated":true}]}}