{"id":657832,"date":"2026-01-12T07:29:12","date_gmt":"2026-01-12T07:29:12","guid":{"rendered":"https:\/\/www.europesays.com\/fr\/657832\/"},"modified":"2026-01-12T07:29:12","modified_gmt":"2026-01-12T07:29:12","slug":"grand-froid-les-prisonniers-de-la-tour","status":"publish","type":"post","link":"https:\/\/www.europesays.com\/fr\/657832\/","title":{"rendered":"Grand froid : les prisonniers de la tour"},"content":{"rendered":"<p class=\"jsx-4058425199 jsx-2164199691 ExpandableText__Text\">Les habitants d&rsquo;une tour de la cit\u00e9 Pablo-Picasso, \u00e0 Nanterre, grelottent et temp\u00eatent contre leur bailleur social. Ce dernier a d\u00e9cid\u00e9 de baisser la temp\u00e9rature du chauffage collectif de dix-neuf \u00e0 quatorze degr\u00e9s sans pr\u00e9venir personne. Le bailleur  assure vouloir faire un geste pour la plan\u00e8te et la ma\u00eetrise de la charge collective. En clair, il impose aux locataires de prendre en charge les degr\u00e9s manquants, soit 60 euros \u00e0 80 euros en plus sur leur facture d&rsquo;\u00e9lectricit\u00e9 par mois.<\/p>\n<p>Lire plusReplier<\/p>\n","protected":false},"excerpt":{"rendered":"Les habitants d&rsquo;une tour de la cit\u00e9 Pablo-Picasso, \u00e0 Nanterre, grelottent et temp\u00eatent contre leur bailleur social. Ce&hellip;\n","protected":false},"author":2,"featured_media":657833,"comment_status":"","ping_status":"","sticky":false,"template":"","format":"standard","meta":{"footnotes":""},"categories":[1356],"tags":[4983,58,59,1011,27,12771,17978,252,1364,133,26987],"class_list":{"0":"post-657832","1":"post","2":"type-post","3":"status-publish","4":"format-standard","5":"has-post-thumbnail","7":"category-television","8":"tag-bien-etre","9":"tag-divertissement","10":"tag-entertainment","11":"tag-fr","12":"tag-france","13":"tag-mouvements-sociaux","14":"tag-sept-a-huit","15":"tag-television","16":"tag-tv","17":"tag-video","18":"tag-video-logement-et-immobilier"},"share_on_mastodon":{"url":"https:\/\/pubeurope.com\/@fr\/115880955930875432","error":""},"_links":{"self":[{"href":"https:\/\/www.europesays.com\/fr\/wp-json\/wp\/v2\/posts\/657832","targetHints":{"allow":["GET"]}}],"collection":[{"href":"https:\/\/www.europesays.com\/fr\/wp-json\/wp\/v2\/posts"}],"about":[{"href":"https:\/\/www.europesays.com\/fr\/wp-json\/wp\/v2\/types\/post"}],"author":[{"embeddable":true,"href":"https:\/\/www.europesays.com\/fr\/wp-json\/wp\/v2\/users\/2"}],"replies":[{"embeddable":true,"href":"https:\/\/www.europesays.com\/fr\/wp-json\/wp\/v2\/comments?post=657832"}],"version-history":[{"count":0,"href":"https:\/\/www.europesays.com\/fr\/wp-json\/wp\/v2\/posts\/657832\/revisions"}],"wp:featuredmedia":[{"embeddable":true,"href":"https:\/\/www.europesays.com\/fr\/wp-json\/wp\/v2\/media\/657833"}],"wp:attachment":[{"href":"https:\/\/www.europesays.com\/fr\/wp-json\/wp\/v2\/media?parent=657832"}],"wp:term":[{"taxonomy":"category","embeddable":true,"href":"https:\/\/www.europesays.com\/fr\/wp-json\/wp\/v2\/categories?post=657832"},{"taxonomy":"post_tag","embeddable":true,"href":"https:\/\/www.europesays.com\/fr\/wp-json\/wp\/v2\/tags?post=657832"}],"curies":[{"name":"wp","href":"https:\/\/api.w.org\/{rel}","templated":true}]}}