{"id":657834,"date":"2026-01-12T07:30:17","date_gmt":"2026-01-12T07:30:17","guid":{"rendered":"https:\/\/www.europesays.com\/fr\/657834\/"},"modified":"2026-01-12T07:30:17","modified_gmt":"2026-01-12T07:30:17","slug":"daniel-balavoine-40-ans-apres-sa-mort-les-5-plus-grands-tubes-de-sa-carriere","status":"publish","type":"post","link":"https:\/\/www.europesays.com\/fr\/657834\/","title":{"rendered":"Daniel Balavoine, 40 ans apr\u00e8s sa mort\u00a0: les 5 plus grands tubes de sa carri\u00e8re"},"content":{"rendered":"<p>\n                                                                    l&rsquo;essentiel<br \/>\n                                                                Le 40e anniversaire du d\u00e9c\u00e8s de Daniel Balavoine sera c\u00e9l\u00e9br\u00e9 le 14\u00a0janvier. Le chanteur est mort dans un accident d\u2019h\u00e9licopt\u00e8re en 1986. Quelles sont ses chansons qui ont eu le plus de succ\u00e8s\u00a0?\n                            <\/p>\n<p>Daniel Balavoine, d\u00e9j\u00e0 40 ans. La vie du chanteur s\u2019est arr\u00eat\u00e9e net le 14\u00a0janvier 1986 dans un accident d\u2019h\u00e9licopt\u00e8re pendant le Paris-Dakar au Mali o\u00f9 il se trouvait pour des raisons humanitaires. Il allait avoir 34 ans. \u00c0 son d\u00e9c\u00e8s, il \u00e9tait au sommet de sa popularit\u00e9 et s\u2019appr\u00eatait \u00e0 sortir l\u2019album \u00ab\u00a0L\u2019Aziza\u00a0\u00bb. Une vingtaine de ses chansons \u00e9taient des tubes. Nous avons list\u00e9 les cinq morceaux les plus populaires.<\/p>\n<p>\u00ab\u00a0Le chanteur\u00a0\u00bb<\/p>\n<p>\u00ab\u00a0Le chanteur\u00a0\u00bb est le titre du troisi\u00e8me album de Daniel Balavoine et du premier extrait. Il sort en 1978, l\u2019ann\u00e9e o\u00f9 para\u00eet l\u2019album de l\u2019op\u00e9ra-rock \u00ab\u00a0Starmania\u00a0\u00bb dans lequel il interpr\u00e8te le r\u00f4le principal. \u00ab\u00a0Le chanteur\u00a0\u00bb raconte les d\u00e9sillusions et les espoirs d\u2019un chanteur en devenir.<\/p>\n<p>\u00ab\u00a0Je ne suis pas un h\u00e9ros\u00a0\u00bb.<\/p>\n<p>Dans cette chanson, Daniel Balavoine traite sans langue de bois de la c\u00e9l\u00e9brit\u00e9. Elle avait \u00e9t\u00e9 initialement \u00e9crite pour Johnny Hallyday avec lequel il s\u2019\u00e9tait li\u00e9 d\u2019amiti\u00e9. Johnny Hallyday n\u2019avait pas pr\u00e9vu de la sortir en single. Daniel Balavoine \u00e9tait convaincu de son potentiel. Elle figure sur l\u2019album \u00ab\u00a0Un autre monde\u00a0\u00bb.<\/p>\n<p>\u00ab\u00a0Mon fils, ma bataille\u00a0\u00bb<\/p>\n<p>La chanson raconte le divorce douloureux d\u2019un homme et son combat pour conserver la garde de son enfant. Le texte n\u2019est pas autobiographique, Daniel Balavoine s\u2019est inspir\u00e9 de la s\u00e9paration de ses parents quand il avait 6 ans, d\u2019un de ses proches et du film \u00ab\u00a0Kramer contre Kramer\u00a0\u00bb avec Meryl Streep et Dustin Hoffman. Extraite de l\u2019album \u00ab\u00a0Un autre monde\u00a0\u00bb, \u00ab\u00a0Mon fils, ma bataille\u00a0\u00bb s\u2019est vendu \u00e0 plus de 500\u00a0000 exemplaires en 1980.<\/p>\n<p>\u00ab\u00a0L\u2019Aziza\u00a0\u00bb<\/p>\n<p>L\u2019Aziza\u00a0\u00bb est un hymne antiraciste que Daniel Balavoine avait \u00e9crit en hommage \u00e0 sa femme Corinne, d\u2019origine juive marocaine. Nous sommes en 1985, Daniel Balavoine admire Fran\u00e7ois Mitterrand au pouvoir, et s\u2019inqui\u00e8te de la mont\u00e9e en puissance du Front national et de Jean-Marie Le Pen. \u00ab\u00a0L\u2019Aziza\u00a0\u00bb fait partie de l\u2019album \u00ab\u00a0Sauvez l\u2019amour\u00a0\u00bb mis en vente apr\u00e8s la mort de Daniel Balavoine. Le 45 tours s\u2019est vendu \u00e0 plus d\u2019un million d\u2019exemplaires et a \u00e9t\u00e9 certifi\u00e9 disque de platine. Il est rest\u00e9 8 semaines en t\u00eate du Top 50.<\/p>\n<p>\u00ab\u00a0Tous les cris les SOS\u00a0\u00bb<\/p>\n<p>\u00ab\u00a0Tous les cris les SOS\u00a0\u00bb figure sur l\u2019album \u00ab\u00a0Sauvez l\u2019amour\u00a0\u00bb et \u00e9tait la face B du 45 tours \u00ab\u00a0L\u2019Aziza\u00a0\u00bb sorti en 1985. La chanson \u00e9voque les tourments et la souffrance engendr\u00e9s par la solitude avec la mise en sc\u00e8ne dans les paroles d\u2019une bouteille \u00e0 la mer. Depuis 40 ans, la chanson a \u00e9t\u00e9 r\u00e9guli\u00e8rement reprise par Les Enfoir\u00e9s, par Gr\u00e9gory Lemarchal, Natasha St-Pier ou par Zaz.<\/p>\n<p>En 10 ans de carri\u00e8re et huit albums, Daniel Balavoine a \u00e9crit et compos\u00e9 plus d\u2019une centaine de titres. Citons \u00ab\u00a0Vivre ou survivre\u00a0\u00bb, \u00ab\u00a0La vie ne m\u2019apprend rien\u00a0\u00bb, \u00ab\u00a0Lucie\u00a0\u00bb ou \u00ab\u00a0Aimer est plus fort que d\u2019\u00eatre aim\u00e9\u00a0\u00bb et des chansons \u00e0 succ\u00e8s de \u00ab\u00a0Starmania\u00a0\u00bb comme \u00ab\u00a0Quand on arrive en ville\u00a0\u00bb, \u00ab\u00a0SOS d\u2019un terrien en d\u00e9tresse\u00a0\u00bb ou \u00ab\u00a0Banlieue nord\u00a0\u00bb. Daniel Balavoine\u00a0demeure l\u2019un des artistes francophones les plus populaires.<\/p>\n","protected":false},"excerpt":{"rendered":"l&rsquo;essentiel Le 40e anniversaire du d\u00e9c\u00e8s de Daniel Balavoine sera c\u00e9l\u00e9br\u00e9 le 14\u00a0janvier. Le chanteur est mort dans&hellip;\n","protected":false},"author":2,"featured_media":657835,"comment_status":"","ping_status":"","sticky":false,"template":"","format":"standard","meta":{"footnotes":""},"categories":[1355],"tags":[58,59,1011,27,1361,873],"class_list":{"0":"post-657834","1":"post","2":"type-post","3":"status-publish","4":"format-standard","5":"has-post-thumbnail","7":"category-musique","8":"tag-divertissement","9":"tag-entertainment","10":"tag-fr","11":"tag-france","12":"tag-music","13":"tag-musique"},"share_on_mastodon":{"url":"https:\/\/pubeurope.com\/@fr\/115880959938014627","error":""},"_links":{"self":[{"href":"https:\/\/www.europesays.com\/fr\/wp-json\/wp\/v2\/posts\/657834","targetHints":{"allow":["GET"]}}],"collection":[{"href":"https:\/\/www.europesays.com\/fr\/wp-json\/wp\/v2\/posts"}],"about":[{"href":"https:\/\/www.europesays.com\/fr\/wp-json\/wp\/v2\/types\/post"}],"author":[{"embeddable":true,"href":"https:\/\/www.europesays.com\/fr\/wp-json\/wp\/v2\/users\/2"}],"replies":[{"embeddable":true,"href":"https:\/\/www.europesays.com\/fr\/wp-json\/wp\/v2\/comments?post=657834"}],"version-history":[{"count":0,"href":"https:\/\/www.europesays.com\/fr\/wp-json\/wp\/v2\/posts\/657834\/revisions"}],"wp:featuredmedia":[{"embeddable":true,"href":"https:\/\/www.europesays.com\/fr\/wp-json\/wp\/v2\/media\/657835"}],"wp:attachment":[{"href":"https:\/\/www.europesays.com\/fr\/wp-json\/wp\/v2\/media?parent=657834"}],"wp:term":[{"taxonomy":"category","embeddable":true,"href":"https:\/\/www.europesays.com\/fr\/wp-json\/wp\/v2\/categories?post=657834"},{"taxonomy":"post_tag","embeddable":true,"href":"https:\/\/www.europesays.com\/fr\/wp-json\/wp\/v2\/tags?post=657834"}],"curies":[{"name":"wp","href":"https:\/\/api.w.org\/{rel}","templated":true}]}}