{"id":657836,"date":"2026-01-12T07:31:19","date_gmt":"2026-01-12T07:31:19","guid":{"rendered":"https:\/\/www.europesays.com\/fr\/657836\/"},"modified":"2026-01-12T07:31:19","modified_gmt":"2026-01-12T07:31:19","slug":"3-films-a-regarder-ce-dimanche-27","status":"publish","type":"post","link":"https:\/\/www.europesays.com\/fr\/657836\/","title":{"rendered":"3 films \u00e0 regarder ce dimanche"},"content":{"rendered":"<p>Vous \u00eates devant votre t\u00e9l\u00e9 et vous zappez \u00e0 la recherche d\u2019un film \u00e0 regarder seul, en famille ou entre amis\u00a0? Inutile de vous \u00e9puiser, on a \u00e9pluch\u00e9 le programme pour d\u00e9nicher 3 films sympas \u00e0 savourer pour terminer la semaine en beaut\u00e9.<\/p>\n<p> La v\u00e9rit\u00e9 si je mens (W9, 21h10)<br \/>\n    <a href=\"https:\/\/www.youtube.com\/@PressecitronHD?sub_confirmation=1\" target=\"_blank\" rel=\"nofollow noopener\"><br \/>\n        S&rsquo;abonner \u00e0 Presse-citron<br \/>\n    <\/a> <\/p>\n<p>D\u2019apr\u00e8s le synopsis propos\u00e9 par Allocin\u00e9\u00a0:<\/p>\n<blockquote>\n<p>Edouard Vuibert est au bout du rouleau. Victor Benzakem, entrepreneur prosp\u00e8re du quartier du Sentier, le prend sous son aile quand une bagarre l\u2019oppose a deux joueurs de bonneteau. Le prenant pour un juif, il d\u00e9cide de l\u2019embaucher comme manutentionnaire. Eddie laisse le quiproquo s\u2019installer sur ses origines et il va faire son chemin dans une communaut\u00e9 chaleureuse jusqu\u2019\u00e0 s\u00e9duire Sandra, la fille de son patron. Mais au cours de la pr\u00e9paration du mariage, Eddie se d\u00e9masque involontairement. Il n\u2019est pas juif\u00a0! Il d\u00e9chaine alors le scandale et la col\u00e8re de la belle Sandra.<\/p>\n<\/blockquote>\n<p>Ce grand classique du cin\u00e9ma fran\u00e7ais r\u00e9unit un casting impressionnant d\u2019acteurs. Une com\u00e9die \u00e0 voir et \u00e0 revoir.<\/p>\n<p> L\u00e0 o\u00f9 chantent les \u00e9crevisses (TF1,\u00a021h10)  <\/p>\n<p>Selon le pitch propos\u00e9 par Rotten Tomatoes\u00a0:<\/p>\n<blockquote>\n<p>Le roman \u00e0 succ\u00e8s donne naissance \u00e0 un myst\u00e8re captivant. Where the Crawdads Sing raconte l\u2019histoire de Kya, une jeune fille abandonn\u00e9e qui a grandi seule dans les marais dangereux de Caroline du Nord. Pendant des ann\u00e9es, les rumeurs concernant la \u00ab\u00a0fille des marais\u00a0\u00bb ont hant\u00e9 Barkley Cove, isolant Kya, vive et r\u00e9sistante, de sa communaut\u00e9. Attir\u00e9e par deux jeunes hommes de la ville, Kya s\u2019ouvre \u00e0 un monde nouveau et surprenant, mais, lorsque l\u2019un d\u2019eux est retrouv\u00e9 mort, elle est imm\u00e9diatement d\u00e9sign\u00e9e comme la principale suspecte par la communaut\u00e9. Au fur et \u00e0 mesure que l\u2019affaire se d\u00e9roule, le verdict sur ce qui s\u2019est r\u00e9ellement pass\u00e9 devient de plus en plus flou, mena\u00e7ant de r\u00e9v\u00e9ler les nombreux secrets qui se cachent dans les marais.<\/p>\n<\/blockquote>\n<p>Ce film a divis\u00e9 la critique et le grand public \u00e0 sa sortie. Le mieux est sans doute de le visionner pour vous forger votre propre avis.<\/p>\n<p> Les trois fr\u00e8res (TFX, 23h10)  <\/p>\n<p>Trois hommes d\u00e9couvrent par un pur hasard qu\u2019ils sont demi-fr\u00e8res et ils h\u00e9ritent par la m\u00eame occasion de 3 millions. Les r\u00e9jouissances ne durent malheureusement pas. En effet, \u00e0 peine dix jours plus tard, l\u2019argent est d\u00e9tourn\u00e9. C\u2019est le d\u00e9but des ennuis pour ces trois protagonistes (pour le plus grand bonheur des spectateurs).<\/p>\n<p>Il faut voir cette p\u00e9pite qui r\u00e9unit le trio des Inconnus au sommet de sa forme.<\/p>\n<p>C\u2019est tout pour cette semaine. Notez, si ces trois films ne sont pas \u00e0 votre go\u00fbt, qu\u2019il y aura d\u2019autres longs-m\u00e9trages ce dimanche soir sur la TNT, et notamment Sage-homme (France 2, 21h10), ou encore La colline des potences (Arte, 21h). Vous pouvez aussi rattraper les p\u00e9pites de la semaine derni\u00e8re en replay en relisant notre pr\u00e9c\u00e9dent article ici.<\/p>\n<blockquote>\n<p class=\"text-base text-neutral-700 dark:text-neutral-300\">\ud83d\udccd Pour ne manquer aucune actualit\u00e9 de Presse-citron, suivez-nous sur <a href=\"https:\/\/news.google.com\/publications\/CAAqBggKMIPiNTC70wU?hl=fr&amp;gl=FR&amp;ceid=FR%3Afr\" target=\"_blank\" rel=\"noopener\">Google Actualit\u00e9s<\/a> et <a href=\"https:\/\/whatsapp.com\/channel\/0029VaCkGuz4NViitBXbEr0b\" target=\"_blank\" rel=\"noopener\">WhatsApp<\/a>.<\/p>\n<\/blockquote>\n","protected":false},"excerpt":{"rendered":"Vous \u00eates devant votre t\u00e9l\u00e9 et vous zappez \u00e0 la recherche d\u2019un film \u00e0 regarder seul, en famille&hellip;\n","protected":false},"author":2,"featured_media":657837,"comment_status":"","ping_status":"","sticky":false,"template":"","format":"standard","meta":{"footnotes":""},"categories":[1354],"tags":[58,59,1346,1011,27,1360,252],"class_list":{"0":"post-657836","1":"post","2":"type-post","3":"status-publish","4":"format-standard","5":"has-post-thumbnail","7":"category-films","8":"tag-divertissement","9":"tag-entertainment","10":"tag-films","11":"tag-fr","12":"tag-france","13":"tag-movies","14":"tag-television"},"share_on_mastodon":{"url":"https:\/\/pubeurope.com\/@fr\/115880963858910405","error":""},"_links":{"self":[{"href":"https:\/\/www.europesays.com\/fr\/wp-json\/wp\/v2\/posts\/657836","targetHints":{"allow":["GET"]}}],"collection":[{"href":"https:\/\/www.europesays.com\/fr\/wp-json\/wp\/v2\/posts"}],"about":[{"href":"https:\/\/www.europesays.com\/fr\/wp-json\/wp\/v2\/types\/post"}],"author":[{"embeddable":true,"href":"https:\/\/www.europesays.com\/fr\/wp-json\/wp\/v2\/users\/2"}],"replies":[{"embeddable":true,"href":"https:\/\/www.europesays.com\/fr\/wp-json\/wp\/v2\/comments?post=657836"}],"version-history":[{"count":0,"href":"https:\/\/www.europesays.com\/fr\/wp-json\/wp\/v2\/posts\/657836\/revisions"}],"wp:featuredmedia":[{"embeddable":true,"href":"https:\/\/www.europesays.com\/fr\/wp-json\/wp\/v2\/media\/657837"}],"wp:attachment":[{"href":"https:\/\/www.europesays.com\/fr\/wp-json\/wp\/v2\/media?parent=657836"}],"wp:term":[{"taxonomy":"category","embeddable":true,"href":"https:\/\/www.europesays.com\/fr\/wp-json\/wp\/v2\/categories?post=657836"},{"taxonomy":"post_tag","embeddable":true,"href":"https:\/\/www.europesays.com\/fr\/wp-json\/wp\/v2\/tags?post=657836"}],"curies":[{"name":"wp","href":"https:\/\/api.w.org\/{rel}","templated":true}]}}