{"id":657838,"date":"2026-01-12T07:32:16","date_gmt":"2026-01-12T07:32:16","guid":{"rendered":"https:\/\/www.europesays.com\/fr\/657838\/"},"modified":"2026-01-12T07:32:16","modified_gmt":"2026-01-12T07:32:16","slug":"les-fonctions-meconnues-de-la-peau-le-plus-profond-de-nos-organes","status":"publish","type":"post","link":"https:\/\/www.europesays.com\/fr\/657838\/","title":{"rendered":"Les fonctions m\u00e9connues de la peau, \u00able plus profond de nos organes\u00bb"},"content":{"rendered":"<p>\n    <strong>D\u00c9CRYPTAGE <\/strong>&#8211; Bien plus qu\u2019une simple enveloppe, la peau a de tr\u00e8s nombreuses fonctions biologiques, mais aussi sociales et psychologiques. Le plus souvent, on en conna\u00eet bien mal le fonctionnement.<\/p>\n<p class=\"fig-paragraph\">\u00ab\u00a0Quand j\u2019ai fait mon premier stage en dermatologie durant mes \u00e9tudes de m\u00e9decine, je n\u2019ai pas trouv\u00e9 \u00e7a tr\u00e8s app\u00e9tissant\u2026\u00a0\u00bb \u00c0 parcourir les vitrines du Mus\u00e9e des moulages, au sein de l\u2019h\u00f4pital Saint-Louis \u00e0 Paris, on comprend les premi\u00e8res r\u00e9ticences du Dr\u00a0Fran\u00e7oise Rodhain\u00a0: chancres, bubons, plaques squameuses et autres ulc\u00e8res y rivalisent d\u2019odieuse ing\u00e9niosit\u00e9 pour d\u00e9figurer les quelque 5000\u00a0moulages de maladies dermatologiques pr\u00e9sent\u00e9s. La plupart ont \u00e9t\u00e9 r\u00e9alis\u00e9s sur place entre 1867 et 1958, sur de v\u00e9ritables malades, et selon un proc\u00e9d\u00e9 qui garde encore une large part de myst\u00e8re. Et tous retracent les mis\u00e8res que\u00a0<a href=\"https:\/\/sante.lefigaro.fr\/mieux-etre\/beaute\/structures-roles-peau\/quoi-peau-est-elle-composee\" target=\"_blank\" data-fig-type=\"Keyword\" rel=\"sponsored noopener\" data-gtm-custom-categorie=\"navigation\" data-gtm-custom-action=\"crossclick\" data-gtm-custom-label=\"Contextuel\" data-gtm-event=\"customEventSPE\" data-fig-domain=\"SANTE\">notre peau<\/a>\u00a0peut nous faire.<\/p>\n<p class=\"fig-paragraph\">On y voit, avec un r\u00e9alisme bluffant, les ravages que\u00a0<a href=\"http:\/\/sante.lefigaro.fr\/social\/sante-publique\/des-cas-de-lepre-signales-en-roumanie-et-en-croatie-pour-la-premiere-fois-depuis-plus-de-trente-ans-20251217\" data-fig-type=\"NewsFlash\" data-gtm-custom-categorie=\"navigation\" data-gtm-custom-action=\"crossclick\" data-gtm-custom-label=\"Contextuel\" data-gtm-event=\"customEventSPE\" data-fig-domain=\"SANTE\" target=\"_blank\" rel=\"noopener\">l\u00e8pre<\/a>, lichen, herp\u00e8s,\u00a0<a href=\"http:\/\/sante.lefigaro.fr\/medecine\/des-chercheurs-ont-decouvert-comment-le-virus-de-la-mononucleose-pouvait-declencher-le-lupus-20251206\" data-fig-type=\"Article\" data-gtm-custom-categorie=\"navigation\" data-gtm-custom-action=\"crossclick\" data-gtm-custom-label=\"Contextuel\" data-gtm-event=\"customEventSPE\" data-fig-domain=\"SANTE\" target=\"_blank\" rel=\"noopener\">lupus<\/a>, syphilis ou psoriasis pouvaient faire sur les visages \u00e0 un \u00e2ge o\u00f9 la m\u00e9decine disposait de bien pi\u00e8tres armes contre ces maladies parfois douloureuses, souvent invalidantes, toujours stigmatisantes. D\u00e9sormais, les dermatologues disposent de traitements\u2026<\/p>\n<p class=\"fig-premium-paywall__infos\">\n        Cet article est r\u00e9serv\u00e9 aux abonn\u00e9s.        Il vous reste 88% \u00e0 d\u00e9couvrir.\n    <\/p>\n<p>                <img  data- alt=\"Le Figaro\" class=\"fig-img--complete fig-img\"\/><\/p>\n<p class=\"fig-premium-paywall__title\">Le Figaro c\u00e9l\u00e8bre ses 200 ans<\/p>\n<p class=\"fig-premium-paywall__subtitle\">Offre anniversaire : 2\u20ac\/mois pendant 200 semaines<\/p>\n<p class=\"fig-premium-paywall__connect\">\n                D\u00e9j\u00e0 abonn\u00e9\u00a0?                <a class=\"fig-premium-paywall__connect-link\" href=\"https:\/\/connect.lefigaro.fr\/login?client=horizon_web&amp;type=main&amp;redirect_uri=https%3A%2F%2Fwww.lefigaro.fr%2Fsciences%2Fles-multiples-fonctions-meconnues-de-la-peau-le-plus-profond-de-nos-organes-20260111\" data-js-gtm=\"{&quot;customCategorie&quot;: &quot;conversion&quot;, &quot;customAction&quot;: &quot;before_Landing_Connexion_paywall_auto&quot;, &quot;customLabel&quot;: &quot;bGVmaWdhcm8uZnJfXzFmMGViZGI2LTliOTktNjBjZS1iYmE0LTdiYWE4NDk0NDdkZF9fQXJ0aWNsZQ==_Les fonctions m\u00e9connues de la peau, \u00able plus profond de nos organes\u00bb_332&quot;, &quot;customIDSPE&quot;: &quot;bGVmaWdhcm8uZnJfXzFmMGViZGI2LTliOTktNjBjZS1iYmE0LTdiYWE4NDk0NDdkZF9fQXJ0aWNsZQ==&quot;, &quot;event&quot;: &quot;customEventSPE&quot;}\" target=\"_blank\" rel=\"noopener\"><br \/>\n                    Connectez-vous<br \/>\n                <\/a>\n            <\/p>\n","protected":false},"excerpt":{"rendered":"D\u00c9CRYPTAGE &#8211; Bien plus qu\u2019une simple enveloppe, la peau a de tr\u00e8s nombreuses fonctions biologiques, mais aussi sociales&hellip;\n","protected":false},"author":2,"featured_media":657839,"comment_status":"","ping_status":"","sticky":false,"template":"","format":"standard","meta":{"footnotes":""},"categories":[10],"tags":[1011,27,72,9854,71],"class_list":{"0":"post-657838","1":"post","2":"type-post","3":"status-publish","4":"format-standard","5":"has-post-thumbnail","7":"category-sante","8":"tag-fr","9":"tag-france","10":"tag-health","11":"tag-peau","12":"tag-sante"},"share_on_mastodon":{"url":"https:\/\/pubeurope.com\/@fr\/115880967776387337","error":""},"_links":{"self":[{"href":"https:\/\/www.europesays.com\/fr\/wp-json\/wp\/v2\/posts\/657838","targetHints":{"allow":["GET"]}}],"collection":[{"href":"https:\/\/www.europesays.com\/fr\/wp-json\/wp\/v2\/posts"}],"about":[{"href":"https:\/\/www.europesays.com\/fr\/wp-json\/wp\/v2\/types\/post"}],"author":[{"embeddable":true,"href":"https:\/\/www.europesays.com\/fr\/wp-json\/wp\/v2\/users\/2"}],"replies":[{"embeddable":true,"href":"https:\/\/www.europesays.com\/fr\/wp-json\/wp\/v2\/comments?post=657838"}],"version-history":[{"count":0,"href":"https:\/\/www.europesays.com\/fr\/wp-json\/wp\/v2\/posts\/657838\/revisions"}],"wp:featuredmedia":[{"embeddable":true,"href":"https:\/\/www.europesays.com\/fr\/wp-json\/wp\/v2\/media\/657839"}],"wp:attachment":[{"href":"https:\/\/www.europesays.com\/fr\/wp-json\/wp\/v2\/media?parent=657838"}],"wp:term":[{"taxonomy":"category","embeddable":true,"href":"https:\/\/www.europesays.com\/fr\/wp-json\/wp\/v2\/categories?post=657838"},{"taxonomy":"post_tag","embeddable":true,"href":"https:\/\/www.europesays.com\/fr\/wp-json\/wp\/v2\/tags?post=657838"}],"curies":[{"name":"wp","href":"https:\/\/api.w.org\/{rel}","templated":true}]}}