{"id":657846,"date":"2026-01-12T07:36:10","date_gmt":"2026-01-12T07:36:10","guid":{"rendered":"https:\/\/www.europesays.com\/fr\/657846\/"},"modified":"2026-01-12T07:36:10","modified_gmt":"2026-01-12T07:36:10","slug":"la-fin-des-cuisines-ouvertes-sur-le-salon-voici-ou-elles-souvrent","status":"publish","type":"post","link":"https:\/\/www.europesays.com\/fr\/657846\/","title":{"rendered":"La fin des cuisines ouvertes sur le salon, voici o\u00f9 elles s&rsquo;ouvrent"},"content":{"rendered":"<p data-pm-slice=\"0 0 []\">Pendant longtemps, la cuisine ouverte sur<br \/>\nle salon a \u00e9t\u00e9 \u00e0 la mode. Elle permettait de b\u00e9n\u00e9ficier d\u00a0\u00bbune<br \/>\ngrande pi\u00e8ce o\u00f9 la famille et les amis pouvaient se retrouver<br \/>\nautour d&rsquo;un ap\u00e9ro, pr\u00e8s de l&rsquo;\u00eelot central, ou bien cuisiner tout en<br \/>\ndiscutant. Mais selon un article du site Houzz, cette configuration<br \/>\ndevrait bient\u00f4t laisser place \u00e0 des cuisines ouvertes d&rsquo;un autre<br \/>\ngenre\u2026<\/p>\n<p>La fin des cuisines ouvertes sur le salon<\/p>\n<p>De plus en plus de propri\u00e9taires cherchent \u00e0 innover en mati\u00e8re<br \/>\nd&rsquo;am\u00e9nagement. La cuisine ouverte sur <a class=\"qbe-widget\" href=\"https:\/\/www.lejournaldelamaison.fr\/le-journal-de-la-maison\/amenagement-de-salon-avec-la-couleur-terracotta-pourquoi-ce-choix-511861.html\" target=\"_blank\" rel=\"noopener noreferrer\">le salon<\/a> n&rsquo;est plus<br \/>\nincontournable, c&rsquo;est d\u00e9sormais <strong>vers l&rsquo;ext\u00e9rieur qu&rsquo;il faut<br \/>\nse tourner<\/strong>, pour \u00ab\u00a0effacer\u00a0\u00bb la fronti\u00e8re entre dedans et<br \/>\ndehors. \u00c0 Toulouse, on a l&rsquo;exemple d&rsquo;une v\u00e9randa de 20 m\u00b2, ajout\u00e9e<br \/>\n\u00e0 une maison, afin d&rsquo;obtenir une pi\u00e8ece plus lumineuse. \u00c9videmment,<br \/>\nce type de travaux a un certain co\u00fbt : 60 000 \u20ac pour la structure<br \/>\net <strong>20 000 \u20ac pour la cuisine<\/strong> en elle-m\u00eame.<\/p>\n<p>En Bretagne, une maison du XIX\u1d49\u00a0si\u00e8cle a retrouv\u00e9 tout son<br \/>\n\u00e9clat <strong>gr\u00e2ce \u00e0 une extension vitr\u00e9e<\/strong>. L&rsquo;ancienne<br \/>\nentr\u00e9e, sombre et d\u00e9mod\u00e9e, a \u00e9t\u00e9 transform\u00e9e en <a class=\"qbe-widget\" href=\"https:\/\/www.lejournaldelamaison.fr\/le-journal-de-la-maison\/piece-par-piece\/cuisine-salle-a-manger-le-journal-de-la-maison\/cuisine\/actus-cuisine\/voici-comment-ikea-imaginait-cuisines-presque-rien-passe-comme-prevu-511972.html\" target=\"_blank\" rel=\"noopener noreferrer\">une cuisine<\/a> donnant<br \/>\nsur une terrasse en bois composite. Id\u00e9al pour un repas d&rsquo;\u00e9t\u00e9 ! Ce<br \/>\ntype de transformation montre que <strong>les attentes<br \/>\n\u00e9voluent<\/strong> et que la cuisine doit dor\u00e9navant \u00eatre tourn\u00e9e<br \/>\nvers l&rsquo;ext\u00e9rieur.<\/p>\n<p>Les cuisines s&rsquo;ouvrent d\u00e9sormais sur l&rsquo;ext\u00e9rieur<\/p>\n<p>Dites adieu aux cuisines qui communiquent avec le salon et<br \/>\nouvrez votre pi\u00e8ce sur <a class=\"qbe-widget\" href=\"https:\/\/www.lejournaldelamaison.fr\/le-journal-de-la-maison\/actus-deco\/fini-les-salons-de-jardin-hors-de-prix-ce-modele-deco-a-petit-budget-fait-sensation-chez-maisons-du-monde-511362.html\" target=\"_blank\" rel=\"noopener noreferrer\">le jardin<\/a>,<br \/>\n<strong>sur une terrasse ou sur un balcon<\/strong>. \u00c0 Londres,<br \/>\ncertains propri\u00e9taires ont eu l&rsquo;id\u00e9e g\u00e9niale de transformer leur<br \/>\nrez-de-chauss\u00e9e pour y installer des cuisines vitr\u00e9es, <strong>avec<br \/>\nde grandes baies coulissantes<\/strong>.<\/p>\n<p>Si cela vous int\u00e9resse, vous pourriez <strong>opter pour une<br \/>\nloggia<\/strong>, afin d&rsquo;\u00e9clairer et d&rsquo;\u00e9largir votre int\u00e9rieur.<br \/>\nConnaissez-vous \u00e9galement les cuisines en forme de L ? Elles<br \/>\npermettent de mieux capter <a class=\"qbe-widget\" href=\"https:\/\/www.lejournaldelamaison.fr\/le-journal-de-la-maison\/nouveautes\/nouvel-accessoire-inedit-pour-bougie-transforme-lumiere-pectacle-unique-503887.html\" target=\"_blank\" rel=\"noopener noreferrer\">la lumi\u00e8re<\/a>.<br \/>\nL&rsquo;ext\u00e9rieur devient donc visible en permanence, m\u00eame depuis<br \/>\n<strong>une simple cr\u00e9dence vitr\u00e9e<\/strong>.<\/p>\n<p>Des concepts toujours plus<br \/>\ninnovants<\/p>\n<p>Des propri\u00e9taires vont encore plus loin et souhaitent repenser<br \/>\ncompl\u00e8tement <strong>la structure de leur logement<\/strong>. Si<br \/>\nvous en avez l&rsquo;occasion (et le budget !), vous pourriez installer<br \/>\nune piscine dans votre ext\u00e9rieur, en cr\u00e9ant un \u00ab\u00a0pool-house\u00a0\u00bb, \u00e9quip\u00e9<br \/>\nd&rsquo;une cuisine d&rsquo;\u00e9t\u00e9. Prot\u00e9g\u00e9e par un auvent l&rsquo;hiver, <strong>elle<br \/>\npeut \u00eatre ouverte l&rsquo;\u00e9t\u00e9<\/strong> pour profiter du soleil et de<br \/>\n<a class=\"qbe-widget\" href=\"https:\/\/www.lejournaldelamaison.fr\/le-journal-de-la-maison\/piece-par-piece\/terrasse-jardin-piece-par-piece\/bassin-bain-nordique-tendance-491619.html\" target=\"_blank\" rel=\"noopener noreferrer\">la piscine<\/a>.<\/p>\n<p>La \u00ab\u00a0glass box\u00a0\u00bb est un gros cube en verre, <strong>permettant de<br \/>\ncouvrir la cuisine<\/strong>, tout en ayant l&rsquo;impression qu&rsquo;elle est<br \/>\ndirectement dehors. Avec du double vitrage et des <a class=\"qbe-widget\" href=\"https:\/\/www.lejournaldelamaison.fr\/dossiers\/portes-coulissantes-discretion-assuree\" target=\"_blank\" rel=\"noopener noreferrer\">portes coulissantes<\/a>,<br \/>\nvous vous y sentirez extr\u00eamement bien, en plus d&rsquo;\u00eatre tr\u00e8s<br \/>\nesth\u00e9tique. Voil\u00e0, vous savez d\u00e9sormais comment ouvrir votre<br \/>\ncuisine, <strong>autrement que sur votre salon<\/strong>.<\/p>\n","protected":false},"excerpt":{"rendered":"Pendant longtemps, la cuisine ouverte sur le salon a \u00e9t\u00e9 \u00e0 la mode. Elle permettait de b\u00e9n\u00e9ficier d\u00a0\u00bbune&hellip;\n","protected":false},"author":2,"featured_media":657847,"comment_status":"","ping_status":"","sticky":false,"template":"","format":"standard","meta":{"footnotes":""},"categories":[6],"tags":[930,5734,35,2511,74357,3012,33,34,3026,1011,27,4743,151,2043,18729,3583,29263,6290,3356,17770],"class_list":{"0":"post-657846","1":"post","2":"type-post","3":"status-publish","4":"format-standard","5":"has-post-thumbnail","7":"category-economie","8":"tag-le","9":"tag-5734","10":"tag-business","11":"tag-cest","12":"tag-configuration","13":"tag-cuisines","14":"tag-economie","15":"tag-economy","16":"tag-en","17":"tag-fr","18":"tag-france","19":"tag-la","20":"tag-les","21":"tag-nouvelle","22":"tag-ouvertes","23":"tag-qui","24":"tag-simpose","25":"tag-salon","26":"tag-sur","27":"tag-termine"},"share_on_mastodon":{"url":"https:\/\/pubeurope.com\/@fr\/115880983436288925","error":""},"_links":{"self":[{"href":"https:\/\/www.europesays.com\/fr\/wp-json\/wp\/v2\/posts\/657846","targetHints":{"allow":["GET"]}}],"collection":[{"href":"https:\/\/www.europesays.com\/fr\/wp-json\/wp\/v2\/posts"}],"about":[{"href":"https:\/\/www.europesays.com\/fr\/wp-json\/wp\/v2\/types\/post"}],"author":[{"embeddable":true,"href":"https:\/\/www.europesays.com\/fr\/wp-json\/wp\/v2\/users\/2"}],"replies":[{"embeddable":true,"href":"https:\/\/www.europesays.com\/fr\/wp-json\/wp\/v2\/comments?post=657846"}],"version-history":[{"count":0,"href":"https:\/\/www.europesays.com\/fr\/wp-json\/wp\/v2\/posts\/657846\/revisions"}],"wp:featuredmedia":[{"embeddable":true,"href":"https:\/\/www.europesays.com\/fr\/wp-json\/wp\/v2\/media\/657847"}],"wp:attachment":[{"href":"https:\/\/www.europesays.com\/fr\/wp-json\/wp\/v2\/media?parent=657846"}],"wp:term":[{"taxonomy":"category","embeddable":true,"href":"https:\/\/www.europesays.com\/fr\/wp-json\/wp\/v2\/categories?post=657846"},{"taxonomy":"post_tag","embeddable":true,"href":"https:\/\/www.europesays.com\/fr\/wp-json\/wp\/v2\/tags?post=657846"}],"curies":[{"name":"wp","href":"https:\/\/api.w.org\/{rel}","templated":true}]}}