{"id":65785,"date":"2025-05-01T01:50:20","date_gmt":"2025-05-01T01:50:20","guid":{"rendered":"https:\/\/www.europesays.com\/fr\/65785\/"},"modified":"2025-05-01T01:50:20","modified_gmt":"2025-05-01T01:50:20","slug":"metro-rer-et-transilien-gare-aux-perturbations-pendant-les-ponts-du-printemps","status":"publish","type":"post","link":"https:\/\/www.europesays.com\/fr\/65785\/","title":{"rendered":"M\u00e9tro, RER et Transilien\u00a0: gare aux perturbations pendant les ponts du printemps\u00a0!"},"content":{"rendered":"<p class=\"paragraph text_align_left\">C\u2019est le printemps et diff\u00e9rentes lignes de m\u00e9tros<a href=\"https:\/\/www.leparisien.fr\/info-paris-ile-de-france-oise\/transports\/\" target=\"_self\" rel=\"nofollow noopener\">, RER et transiliens<\/a> en profitent pour se refaire une beaut\u00e9. La poursuite des \u00ab grands travaux de modernisation des r\u00e9seaux \u00bb, pr\u00e9sent\u00e9s ce mercredi apr\u00e8s-midi par \u00cele-de-France Mobilit\u00e9s (IDFM), l\u2019autorit\u00e9 organisatrice des transports en \u00cele-de-France, avec les op\u00e9rateurs RATP et SNCF. Ces chantiers et ceux qui suivront cet \u00e9t\u00e9 repr\u00e9sentent un co\u00fbt de 3,7 milliards d\u2019euros pour IDFM.<\/p>\n<p class=\"paragraph text_align_left\">Si, \u00e0 terme, ces travaux doivent permettre une am\u00e9lioration du service, ils vont, dans l\u2019imm\u00e9diat, engendrer quelques d\u00e9sagr\u00e9ments avec des interruptions de trafic certains week-ends mais aussi parfois en semaine. Mieux vaut penser \u00e0 bien anticiper vos d\u00e9placements.<\/p>\n<p><img decoding=\"async\" class=\"image \" loading=\"lazy\" src=\"https:\/\/www.europesays.com\/fr\/wp-content\/uploads\/2025\/05\/JVAOA32F45DGVNOVCHCRFMM5WE.jpg\" alt=\"\" align=\"\" data-rubrique-principale=\"\" data-article-type=\"\" fetchpriority=\"auto\"\/>Des perturbations les week-ends gare Saint-Lazare<\/p>\n<p class=\"paragraph text_align_left\">Le pont ferroviaire des Souverains (XVIIe), un ouvrage datant de 1868, se refait une beaut\u00e9. Les lignes L et J circulent au-dessus et ceux du RER C (branche de Pontoise), en dessous. Le chantier se d\u00e9roule depuis ce mercredi 30 avril et jusqu\u2019\u00e0 dimanche et reprendra durant le week-end de la Victoire du 8 au 11 mai. Avec des cons\u00e9quences sur les circulations des lignes partant de Paris Saint-Lazare.<\/p>\n<p>La ligne 9 stopp\u00e9e ce dimanche 4 mai<\/p>\n<p class=\"paragraph text_align_left\">Depuis la fin janvier, la 9 (qui relie Mairie-de-Montreuil \u00e0 Pont-de-S\u00e8vres) a adopt\u00e9 un nouveau syst\u00e8me d\u2019exploitation qui doit, \u00e0 terme, permettre une plus grande fiabilit\u00e9 et r\u00e9gularit\u00e9 sur la ligne, qui transporte 500 000 voyageurs par jour. Le nouvel outil doit faciliter le s\u00e9quen\u00e7age des trains et sera doubl\u00e9 d\u2019un nouveau syst\u00e8me de conduite, <a href=\"https:\/\/www.leparisien.fr\/info-paris-ile-de-france-oise\/transports\/pourquoi-le-trafic-de-la-ligne-9-du-metro-sera-entierement-interrompu-ce-dimanche-16-01-2025-PJF7T3RU2JF6XLOBHK4EZFAAQE.php\" target=\"_blank\" rel=\"nofollow noopener\">baptis\u00e9 Optis VB2<\/a>, qui va totalement changer le mode de travail des machinistes.<\/p>\n<p class=\"paragraph text_align_left\">Pour proc\u00e9der aux installations et aux essais, la ligne sera une nouvelle fois totalement ferm\u00e9e durant toute la journ\u00e9e dimanche 4 mai, ainsi que les samedi 31 mai et dimanche 1er juin. Des bus de remplacement circuleront entre les stations Pont-de-S\u00e8vres et Michel-Ange Auteuil, ainsi qu\u2019entre les stations Nation et Mairie-de-Montreuil.<\/p>\n<p>La ligne 10 partiellement ferm\u00e9e du 5 au 11 mai<\/p>\n<p class=\"paragraph text_align_left\">Attention, la semaine prochaine, la station Duroc deviendra le terminus provisoire de la ligne 10, qui relie la gare d\u2019Austerlitz \u00e0 Boulogne- Pont de Saint-Cloud. En raison du renouvellement de deux appareils de voie \u00e0 Porte-d\u2019Auteuil et du remplacement des rails entre les stations Michel-Ange Molitor et Boulogne-Jean-Jaur\u00e8s, la ligne sera compl\u00e8tement ferm\u00e9e entre les stations Duroc et Boulogne-Pont de Saint-Cloud du lundi 5 mai au dimanche 11 mai inclus. Durant toute la semaine, un bus de remplacement circulera et desservira les stations ferm\u00e9es.<\/p>\n<p>La ligne 13 interrompue du 9 au 11 mai<\/p>\n<p class=\"paragraph text_align_left\"><a href=\"https:\/\/www.leparisien.fr\/info-paris-ile-de-france-oise\/transports\/metro-avec-larrivee-des-nouvelles-rames-ultramodernes-mf19-le-reseau-francilien-entame-son-big-bang-14-02-2025-7WC2N63T3FBLVGATUTXJWY6SXE.php\" target=\"_blank\" rel=\"nofollow noopener\">En vue de l\u2019arriv\u00e9e du MF19<\/a> sur la ligne, des travaux de mise au gabarit du trottoir et d\u2019am\u00e9lioration des conditions d\u2019\u00e9vacuation des voyageurs vont \u00eatre r\u00e9alis\u00e9s cet \u00e9t\u00e9 \u00e0 la station Gabriel-P\u00e9ri, avec la cr\u00e9ation d\u2019un escalier suppl\u00e9mentaire sur le quai (direction Asni\u00e8res-Gennevilliers &#8211; Les Courtilles). Mais d\u00e8s ce mois-ci, des travaux pr\u00e9paratoires vont commencer et le trafic sera interrompu entre les stations La Fourche et Les Courtilles du 9 au 11 mai inclus.<\/p>\n<p>Trafic \u00ab all\u00e9g\u00e9 \u00bb pour la 14<\/p>\n<p class=\"paragraph text_align_left\">C\u2019est une bonne nouvelle pour les voyageurs qui empruntent cette ligne automatique. D\u00e8s lundi 5 mai, fini les fermetures plus t\u00f4t le soir \u00e0 22 heures, comme c\u2019\u00e9tait le cas les lundis et mardis. Les rames circuleront jusqu\u2019\u00e0 une fin de service normale.<\/p>\n<p class=\"paragraph text_align_left\">Mais attention, cela ne veut pas dire que les usagers de <a href=\"https:\/\/www.leparisien.fr\/info-paris-ile-de-france-oise\/transports\/cest-un-exploit-mondial-un-metro-toutes-les-85-secondes-sur-la-ligne-14-aux-heures-de-pointe-09-04-2025-MGO3IVHGCZBTTMG2RWARYV3GVI.php\" target=\"_blank\" rel=\"nofollow noopener\">la 14<\/a> en ont totalement termin\u00e9 avec les interruptions de trafic. La ligne sera en effet \u00e0 nouveau ferm\u00e9e \u00e0 partir de 22 heures les mercredis 4, 11, 18 et 25 juin. Pensez-y si vous pr\u00e9voyez de l\u2019utiliser pour rejoindre ou repartir de l\u2019a\u00e9roport d\u2019Orly !<\/p>\n<p>La ligne 6 s\u2019adapte aux nouveaux trains<\/p>\n<p class=\"paragraph text_align_left\">Les voyageurs de la ligne 6 (qui relie Nation \u00e0 Charles de Gaulle-Etoile) ont d\u00e9j\u00e0 go\u00fbt\u00e9 au confort des nouvelles rames MP89, mais la ligne, elle, continue de moderniser ses installations pour assurer une circulation optimale de cette nouvelle g\u00e9n\u00e9ration de trains et plusieurs fermetures seront n\u00e9cessaires pour proc\u00e9der \u00e0 des essais.<\/p>\n<p class=\"paragraph text_align_left\">Le 18 mai, la 6 sera interrompue entre les stations Daumesnil et Nation. Le 25, c\u2019est entre les stations Charles-de-Gaulle &#8211; \u00c9toile et Trocad\u00e9ro que le trafic sera interrompu. Et le 15 juin, c\u2019est toute la ligne qui sera ferm\u00e9e toute la journ\u00e9e. \u00c0 chaque fois, des bus de substitution seront mis \u00e0 disposition des voyageurs. Mais pour la fermeture du 15 juin, les bus ne circuleront qu\u2019entre Charles-de-Gaulle &#8211; \u00c9toile et la Motte Picquet-Grenelle, ainsi que sur le tron\u00e7on compris entre les stations Daumesnil et Nation.<\/p>\n<p>Le T2 change de terminus \u00e0 l\u2019ouest de Paris<\/p>\n<p class=\"paragraph text_align_left\">La tenue des travaux d\u2019am\u00e9lioration des conditions d\u2019exploitation de la ligne T2 n\u00e9cessite un r\u00e9am\u00e9nagement du terminus situ\u00e9 porte de Versailles (XVe). Jusqu\u2019au mois de f\u00e9vrier 2026, la ligne s\u2019arr\u00eatera donc \u00e0 la station Suzanne-Lenglen. Un cheminement pi\u00e9ton est mis en place pour permettre aux voyageurs de relier les deux stations \u00e0 pieds.<\/p>\n<p>Fermetures nocturnes pour les lignes A, L et J<\/p>\n<p class=\"paragraph text_align_left\">SNCF R\u00e9seau va r\u00e9aliser des travaux de maintenance et de modernisation de la voie sur les branches de Cergy (Val-d\u2019Oise) et de Poissy (Yvelines) dans le secteur de Maisons-Laffitte du 12 mai au 29 juin. Ils se d\u00e9rouleront du lundi au vendredi sur cette p\u00e9riode et durant deux week-ends entiers : celui des 31 mai et 1er juin et celui de la Pentec\u00f4te du 7 au 9 juin. Ces travaux auront des cons\u00e9quences sur les circulations des lignes L et J et du RER A.<\/p>\n<p>Trafic perturb\u00e9 sur le RER B les 17 et 18 mai<\/p>\n<p class=\"paragraph text_align_left\">Les travaux entre La Plaine et Le Bourget en Seine-Saint-Denis ont pour objectif de remplacer la cat\u00e9naire et ses composants, qui datent des ann\u00e9es 1960, mais aussi de r\u00e9aliser un red\u00e9coupage \u00e9lectrique de la ligne afin de limiter l\u2019\u00e9tendue des coupures d\u2019urgence en cas d\u2019incident.<\/p>\n<p class=\"paragraph text_align_left\">Ces travaux permettront aussi de s\u00e9parer l\u2019alimentation \u00e9lectrique des lignes B et K, ce qui les rendra ind\u00e9pendantes en cas d\u2019avarie sur l\u2019autre ligne. Le chantier engendrera des perturbations sur la ligne B le week-end des 17 et 18 mai puis reprendra apr\u00e8s l\u2019\u00e9t\u00e9.<\/p>\n<p>Six week-ends de perturbations sur le RER C<\/p>\n<p class=\"paragraph text_align_left\">Au sud de la ligne, entre biblioth\u00e8que Fran\u00e7ois-Mitterrand et Athis-Mons, en Essonne, la SNCF adapte son r\u00e9seau <a href=\"https:\/\/www.leparisien.fr\/environnement\/climat\/comment-le-dereglement-climatique-va-bouleverser-nos-paysages-region-par-region-19-09-2024-H4YZF3XJGBGCNNVAGW7JW24XJI.php\" target=\"_blank\" rel=\"nofollow noopener\">face aux changements climatiques<\/a>. La nouvelle cat\u00e9naire sera plus r\u00e9sistante aux variations de temp\u00e9rature (grands froids et grandes chaleurs). Des travaux auront lieu durant les week-ends des 17 et 18 mai, 24 et 25 mai, 14 et 15 juin et 28 et 29 juin, engendrant des perturbations de circulation.<\/p>\n<p class=\"paragraph text_align_left\">Mais ce n\u2019est pas le seul chantier qui va engendrer des ralentissements sur le RER C. SNCF R\u00e9seau pr\u00e9pare aussi l\u2019arriv\u00e9e d\u2019un nouveau poste d\u2019aiguillage informatis\u00e9 \u00e0 \u00c9tampes (Essonne). Des travaux doivent se d\u00e9rouler sur les secteurs de Br\u00e9tigny, Dourdan et \u00c9tampes. Ils auront lieu toutes les nuits et en continu les week-ends des 8 au 11 mai ainsi que celui de l\u2019Ascension, du 29 mai au 1er juin.<\/p>\n<p>Les lignes D et R perturb\u00e9es en soir\u00e9e<\/p>\n<p class=\"paragraph text_align_left\">En pleine phase de modernisation avec l\u2019arriv\u00e9e de rames neuves, le RER D adapte ses infrastructures: le technicentre de Villeneuve Saint-Georges (Val-de-Marne) est en pleine transformation. Les travaux des voies d\u2019acc\u00e8s \u00e0 ce site sont r\u00e9alis\u00e9s la nuit, du lundi au vendredi, jusqu\u2019\u00e0 fin 2025 et tous les soirs de semaine, les gares entre Maisons Alfort-Alfortville et Villeneuve Triage ne sont pas desservies dans les 2 sens.<\/p>\n<p>Travaux de nuit sur le RER E et la ligne P<\/p>\n<p class=\"paragraph text_align_left\">\u00c0 partir du 19 mai et jusqu\u2019au 23 ao\u00fbt, des travaux auront lieu la nuit du lundi au vendredi sur des tron\u00e7ons des lignes E et P pour changer les rails us\u00e9s. Sur le RER E, les op\u00e9rations auront lieu entre \u00c9merainville et Roissy-en-Brie (Seine-et-Marne) et, sur la ligne P, ils se tiendront entre Verneuil-l\u2019\u00c9tang et Longueville. Les travaux se font gr\u00e2ce \u00e0 un \u00ab train usine \u00bb appel\u00e9 BOA, qui permet de r\u00e9tablir la circulation des trains d\u00e8s le lendemain matin \u00e0 une vitesse de circulation quasi normale.<\/p>\n<p>La ligne H interrompue pour l\u2019Ascension<\/p>\n<p class=\"paragraph text_align_left\">Le passage \u00e0 niveau de Deuil &#8211; Montmagny (Val-d\u2019Oise) est reconnu comme <a href=\"https:\/\/www.leparisien.fr\/val-d-oise-95\/passage-a-niveau-de-deuil-montmagny-malgre-un-nouveau-mort-des-gens-passent-sous-les-barrieres-tous-les-jours-09-01-2025-BML2M2CMLBDLLGCPCMRSDTYIZI.php\" target=\"_blank\" rel=\"nofollow noopener\">l\u2019un des plus dangereux de France<\/a>. Il est emprunt\u00e9 chaque jour par pr\u00e8s de 200 trains. Apr\u00e8s une longue concertation publique, sa suppression a \u00e9t\u00e9 act\u00e9e.<\/p>\n<p class=\"paragraph text_align_left\">Il sera remplac\u00e9 par deux nouvelles infrastructures : un pont ferroviaire, permettant le passage des v\u00e9hicules sous les voies, et un passage souterrain pour les pi\u00e9tons et cyclistes. La mise en place du premier aura lieu durant le week-end de l\u2019Ascension entre les 29 mai et 1er juin et n\u00e9cessitera l\u2019interruption de la circulation des trains durant ces 4 jours.<\/p>\n<p class=\"paragraph text_align_left\">Des travaux de modernisation de la ligne auront par ailleurs lieu dans le secteur de Bruy\u00e8res-sur-Oise. Ils se d\u00e9rouleront les nuits en semaine \u00e0 partir du 9 juin et jusqu\u2019au 1er ao\u00fbt et durant le week-end des 28 et 29 juin et auront des cons\u00e9quences sur la circulation de la ligne.<\/p>\n<p>Ligne K : circulation des derniers trains perturb\u00e9e<\/p>\n<p class=\"paragraph text_align_left\">Une importante op\u00e9ration de renouvellement des rails est pr\u00e9vue entre Dammartin-Juilly-Saint Mard (Seine-et-Marne) et Cr\u00e9py-en-Valois (Oise). Les travaux se d\u00e9rouleront la nuit, du lundi au vendredi, et auront des cons\u00e9quences sur la circulation des derniers trains.<\/p>\n<p>Ligne N : ralentissements \u00e0 pr\u00e9voir<\/p>\n<p class=\"paragraph text_align_left\">La SNCF poursuit les op\u00e9rations de modernisation des infrastructures de la gare de Paris-Montparnasse en renouvelant treize aiguillages. Ces travaux ont lieu la nuit jusqu\u2019au 7 juin et en continu durant tous les week-ends des 3 et 4 mai, 10 et 11 mai, 17 et 18 mai, ainsi que 31 mai et 1er juin et auront des cons\u00e9quences sur la circulation de la ligne N.<\/p>\n<p class=\"paragraph text_align_left\">Le week-end des 24 et 25 mai, les circulations seront interrompues sur la ligne N pour assurer la mise en service d\u2019un nouveau poste d\u2019aiguillage informatis\u00e9 \u00e0 Dreux (en Eure-et-Loire).<\/p>\n<p>Ligne P : perturbations les week-ends<\/p>\n<p class=\"paragraph text_align_left\">La gare de Paris-Est remplace onze aiguillages durant les mois de mai et juin. Ces travaux vont avoir des cons\u00e9quences sur la circulation de la ligne P. Ils auront lieu la nuit en semaine jusqu\u2019au mois de juillet et en continu durant quatre week-ends : durant le pont du 8 au 11 mai, les 17 et 18 mai, les 24 et 25 mai et pendant le week-end de l\u2019Ascension, du 29 mai au 1er juin.<\/p>\n","protected":false},"excerpt":{"rendered":"C\u2019est le printemps et diff\u00e9rentes lignes de m\u00e9tros, RER et transiliens en profitent pour se refaire une beaut\u00e9.&hellip;\n","protected":false},"author":2,"featured_media":65786,"comment_status":"","ping_status":"","sticky":false,"template":"","format":"standard","meta":{"footnotes":""},"categories":[1592],"tags":[1111,11,1777,674,1011,27,662,1944,12,626,25,2382],"class_list":{"0":"post-65785","1":"post","2":"type-post","3":"status-publish","4":"format-standard","5":"has-post-thumbnail","7":"category-ile-de-france","8":"tag-actu","9":"tag-actualites","10":"tag-eu","11":"tag-europe","12":"tag-fr","13":"tag-france","14":"tag-ile-de-france","15":"tag-ma-ville","16":"tag-news","17":"tag-paris","18":"tag-republique-francaise","19":"tag-transport-idf-oise"},"share_on_mastodon":{"url":"https:\/\/pubeurope.com\/@fr\/114430071508574531","error":""},"_links":{"self":[{"href":"https:\/\/www.europesays.com\/fr\/wp-json\/wp\/v2\/posts\/65785","targetHints":{"allow":["GET"]}}],"collection":[{"href":"https:\/\/www.europesays.com\/fr\/wp-json\/wp\/v2\/posts"}],"about":[{"href":"https:\/\/www.europesays.com\/fr\/wp-json\/wp\/v2\/types\/post"}],"author":[{"embeddable":true,"href":"https:\/\/www.europesays.com\/fr\/wp-json\/wp\/v2\/users\/2"}],"replies":[{"embeddable":true,"href":"https:\/\/www.europesays.com\/fr\/wp-json\/wp\/v2\/comments?post=65785"}],"version-history":[{"count":0,"href":"https:\/\/www.europesays.com\/fr\/wp-json\/wp\/v2\/posts\/65785\/revisions"}],"wp:featuredmedia":[{"embeddable":true,"href":"https:\/\/www.europesays.com\/fr\/wp-json\/wp\/v2\/media\/65786"}],"wp:attachment":[{"href":"https:\/\/www.europesays.com\/fr\/wp-json\/wp\/v2\/media?parent=65785"}],"wp:term":[{"taxonomy":"category","embeddable":true,"href":"https:\/\/www.europesays.com\/fr\/wp-json\/wp\/v2\/categories?post=65785"},{"taxonomy":"post_tag","embeddable":true,"href":"https:\/\/www.europesays.com\/fr\/wp-json\/wp\/v2\/tags?post=65785"}],"curies":[{"name":"wp","href":"https:\/\/api.w.org\/{rel}","templated":true}]}}