{"id":657850,"date":"2026-01-12T07:38:09","date_gmt":"2026-01-12T07:38:09","guid":{"rendered":"https:\/\/www.europesays.com\/fr\/657850\/"},"modified":"2026-01-12T07:38:09","modified_gmt":"2026-01-12T07:38:09","slug":"blocage-a-bayonne-a63-toujours-coupee-si-les-agriculteurs-resistent-les-forces-de-lordre-vont-debarquer-actu-fr","status":"publish","type":"post","link":"https:\/\/www.europesays.com\/fr\/657850\/","title":{"rendered":"Blocage \u00e0 Bayonne, A63 toujours coup\u00e9e : si les agriculteurs r\u00e9sistent, les forces de l&#039;ordre vont d\u00e9barquer &#8211; Actu.fr"},"content":{"rendered":"<ol>\n<li><a href=\"https:\/\/news.google.com\/rss\/articles\/CBMi-wFBVV95cUxOMU9NY245VzNpZW85MjMwVGE2Y05IbktHRTBlQVZ2aGo1Vkg4WXZMaHR6YzY4R0wxUGRjeGllb3J6UTQ0ZWlleVg4dlZqN1F6bjlYSTl0RGUwNVVQUkZjVmxUYXNsN2JUWlVkZDFKZkotUG4xdjJQc2lzTkhELW4xUV9LUGtmUUc0WkNERTV0dnYxQmg2LXdXZHlwdzJwLWVETUJ5WE5kS2J6ZE9kVF8yalFsTmttNmVmRjNMTWgyVmF1cUU4Y0pWUE4wQXdKWjNFVWJYUW9YZnhvYldvZHU2Yk5uZTlxbk0tblZNX01WMVBGX3Z3V1BnOEZmMA?oc=5\" target=\"_blank\" rel=\"noopener\">Blocage \u00e0 Bayonne, A63 toujours coup\u00e9e : si les agriculteurs r\u00e9sistent, les forces de l&rsquo;ordre vont d\u00e9barquer<\/a>&nbsp;&nbsp;Actu.fr<\/li>\n<li><a href=\"https:\/\/news.google.com\/rss\/articles\/CBMiggJBVV95cUxPbXRSWU84RVF3cGI3VWxjak9ZLU5FQllJbnJrOG9mNUJhVFFIclZZR1dUYU5lOS1BQWtWYU1jeDByalFFaFNxbXIxZEZXdGZLaEpkX0QtU3ZNQTg3TFJuWlQtQVNNV0N0d2pReF9kUy04NTV0aDU4TDdqQW9MMUxkR1dXY1RmVkhsRmQ4WmdHR0lfN1lwMlhjT2hTck5PSUxyUzJyUXJXLXRWX3hmenRuRUlrdFBfUHZLaDZyUklJd1ZoZDAwcFdRZkhhOFZESEJoUnNVSS15S2lqd0NQVjZLX0FzeGhiRDFHOWJVSVloMEpMQzkzbk5sM2tFLUNYWXEwOWc?oc=5\" target=\"_blank\" rel=\"noopener\">Col\u00e8re des agriculteurs dans le Sud-Ouest : quels sont les blocages et manifestations pr\u00e9vus ce lundi ?<\/a>&nbsp;&nbsp;Sud Ouest<\/li>\n<li><a href=\"https:\/\/news.google.com\/rss\/articles\/CBMi0gFBVV95cUxQWFVUNXVwUDJlUEl3MVNCRHc2emZIckxaWTFGQWVqamxla3JaaERsQ1FaSWR4QVliQ241RG0wZzg1MFNxYkRockY2eVQ0UDlXZFJxeGRBdWs3VnJhSm1vWkQtem5SUWo5X1lYeUx2Y2huUnJJTGZDYWpfaUNlYWo3aW4tdEh3WVJBMDJNeW8zOW1oMnUzbk5wYlp5NVFobkoyLUpQY0t5Ym5tWDNiWExmN3pTdGM2Nk4zTnFDa3RaMjFMU3RJcFpLSGhVekktc2tzYmc?oc=5\" target=\"_blank\" rel=\"noopener\">Carte. Manifestations agriculteurs : quels sont les derniers blocages ce lundi matin 12\/01<\/a>&nbsp;&nbsp;Radio 107.7<\/li>\n<li><a href=\"https:\/\/news.google.com\/rss\/articles\/CBMi1gFBVV95cUxOLXhEbVQwcmcyMUN0VnBkaVI0c2UwZmh5UHk4bllwY2QzN3E2YXFVeTRGVGlmWC1pcG5xalRmanJvQlFWNjdET1hjd2pRVGNySUU0NlpUTkYxeHNXSlRFWFFLWU5RRV9WNTRYSUhybEdtRGRkTEJhMHJYblR1TGNYaXJyX09KNk1XWHZFMUk4RC1TdXk2dlh3OUF3dk0yazc0eTBzX3BOWEtncjhnU1NuRUI5UDJ4OUdyWXZ6RXMwdFVOSDFkSnZaVXZmWEt3b0tiTDFxRVRR?oc=5\" target=\"_blank\" rel=\"noopener\">Les Ultras de l&rsquo;A63 ont quitt\u00e9 les lieux dans la nuit, l&rsquo;autoroute a rouvert<\/a>&nbsp;&nbsp;francebleu.fr<\/li>\n<li><a href=\"https:\/\/news.google.com\/rss\/articles\/CBMi-gFBVV95cUxQU1hCOWQ5OXh5eDBSdmpMeVNVYV9iZ21VbmNIdENoeHhjS0lWdXBtOWdzR3lOMDQzdmxXNmxCcGo3Sm5pNzd4a1BSZ1ktdlR3ckxUOWUwa1liLWRkTHhsUXdkTEVKeE1RSUNvbGpfLXd2TFFHTkl2UjNxQjBKTUNzMDhILUFBYTItY3hzNnluNm9mSHJCX1V3Vk1qYy02QjZzTGVSYVR2SUlTQ3ZFcGUycU5mMXk5anpScFBydVVtbklPSVpjZGttR0hQOEJDNGtPZ0txZWFuOG04R1B5RkF1d2xRQUdILWt0aEZTejJqNmh2b05WUGhTaThR?oc=5\" target=\"_blank\" rel=\"noopener\">Col\u00e8re des agriculteurs : \u00ab Le blocage de l\u2019A63 ne saurait perdurer \u00bb pr\u00e9vient le pr\u00e9fet<\/a>&nbsp;&nbsp;La R\u00e9publique des Pyr\u00e9n\u00e9es<\/li>\n<\/ol>\n","protected":false},"excerpt":{"rendered":"Blocage \u00e0 Bayonne, A63 toujours coup\u00e9e : si les agriculteurs r\u00e9sistent, les forces de l&rsquo;ordre vont d\u00e9barquer&nbsp;&nbsp;Actu.fr Col\u00e8re&hellip;\n","protected":false},"author":2,"featured_media":395849,"comment_status":"","ping_status":"","sticky":false,"template":"","format":"standard","meta":{"footnotes":""},"categories":[4],"tags":[11,1011,27,12,25],"class_list":{"0":"post-657850","1":"post","2":"type-post","3":"status-publish","4":"format-standard","5":"has-post-thumbnail","7":"category-france","8":"tag-actualites","9":"tag-fr","10":"tag-france","11":"tag-news","12":"tag-republique-francaise"},"share_on_mastodon":{"url":"https:\/\/pubeurope.com\/@fr\/115880991340472566","error":""},"_links":{"self":[{"href":"https:\/\/www.europesays.com\/fr\/wp-json\/wp\/v2\/posts\/657850","targetHints":{"allow":["GET"]}}],"collection":[{"href":"https:\/\/www.europesays.com\/fr\/wp-json\/wp\/v2\/posts"}],"about":[{"href":"https:\/\/www.europesays.com\/fr\/wp-json\/wp\/v2\/types\/post"}],"author":[{"embeddable":true,"href":"https:\/\/www.europesays.com\/fr\/wp-json\/wp\/v2\/users\/2"}],"replies":[{"embeddable":true,"href":"https:\/\/www.europesays.com\/fr\/wp-json\/wp\/v2\/comments?post=657850"}],"version-history":[{"count":0,"href":"https:\/\/www.europesays.com\/fr\/wp-json\/wp\/v2\/posts\/657850\/revisions"}],"wp:featuredmedia":[{"embeddable":true,"href":"https:\/\/www.europesays.com\/fr\/wp-json\/wp\/v2\/media\/395849"}],"wp:attachment":[{"href":"https:\/\/www.europesays.com\/fr\/wp-json\/wp\/v2\/media?parent=657850"}],"wp:term":[{"taxonomy":"category","embeddable":true,"href":"https:\/\/www.europesays.com\/fr\/wp-json\/wp\/v2\/categories?post=657850"},{"taxonomy":"post_tag","embeddable":true,"href":"https:\/\/www.europesays.com\/fr\/wp-json\/wp\/v2\/tags?post=657850"}],"curies":[{"name":"wp","href":"https:\/\/api.w.org\/{rel}","templated":true}]}}