{"id":657851,"date":"2026-01-12T07:39:15","date_gmt":"2026-01-12T07:39:15","guid":{"rendered":"https:\/\/www.europesays.com\/fr\/657851\/"},"modified":"2026-01-12T07:39:15","modified_gmt":"2026-01-12T07:39:15","slug":"tir-chancelant-et-ski-lent-lou-jeanmonnot-ne-profite-pas-de-la-meforme-de-certaines-rivales-mais-reste-en-tete-du-classement-general-de-la-coupe-du-monde-lequipe","status":"publish","type":"post","link":"https:\/\/www.europesays.com\/fr\/657851\/","title":{"rendered":"Tir chancelant et ski lent, Lou Jeanmonnot ne profite pas de la m\u00e9forme de certaines rivales mais reste en t\u00eate du classement g\u00e9n\u00e9ral de la Coupe du monde &#8211; L&#039;\u00c9quipe"},"content":{"rendered":"<ol>\n<li><a href=\"https:\/\/news.google.com\/rss\/articles\/CBMirAJBVV95cUxPMzF4Rk9PamRJMnZGZE5Ub0E3azRid1dHcGdRYXBFZEJaYkxSNlBwR1M4dGxTRGdLTEZ1VDRwMElGY0hkbXpoQ2xHLTc1bUF4Y3htSW9OSUVtT1BGWEctTXgxaTZaUWZBckh1ejh4YmJkdlBUcXkzX3NFTmc1cVlKX0Y4TGZTbngtVm5kUnBkNWFDaTBtQXM2eHdhNWNPaTRSLW1UZHVFSnpKbVpsUFRzdldNNGtFWDNDYTNweXBYWmptR1BDZGJCM01ja1FULU1Na0JSWXVRaExtbXd6R0RtZlRrNWU4VFEzV1o2b3VLTVdwRmk0U2t5RG9TOTk1Q25sSjdSUjhNUzFlMmp3RlE0dEF1eG5rOGtUcUhoY3VteVNCMEtENXcyVzhfSFI?oc=5\" target=\"_blank\" rel=\"noopener\">Tir chancelant et ski lent, Lou Jeanmonnot ne profite pas de la m\u00e9forme de certaines rivales mais reste en t\u00eate du classement g\u00e9n\u00e9ral de la Coupe du monde<\/a>&nbsp;&nbsp;L&rsquo;\u00c9quipe<\/li>\n<li><a href=\"https:\/\/news.google.com\/rss\/articles\/CBMiggJBVV95cUxPVlNPVDlWakFsbnNlSExNMGk2MmJ0S24tUEFNeTl2V1hWeWcxS05hMjRfeXRxQklGcFRuN2tqT0ZHU3pyc3NCWUJTMS1ncVFuRy1qZ1AxUGV5eDBLemdEQU1yUGREM2g4Z3JfVFVtcThsdWRvc3NDZDJZYzJ3RnBDbFg2eGdKa2M1cVMxRXJnc2c4WXVFb3B6Q3ZRZl9Ib0tDQ1FwRmo5M1RpUWtkZDlnQWtOb084T21yd293ajhHUW1HUlpCbWZYUEVEbjBUdlFlR3drS1ZxWlk4aVQ5Y3BLamQ5RXdUMFhDVkdlYmpSR3Jtc3l0U1BiZm9TdkpKdGZaQkHSAYACQVVfeXFMTzAwRldXWE56OGc1OGhPc3BCbkx2Y201c0loaF9fMHZJLXY4ZElTcXRtZ3MxcHUzSWl4OE9hQkVtNzZ0NWRuMFlpMFNuZlZ2dldCMlBESkV2ZzVNTTdHQi1ua1VFd1dBRXg3dmZuRTUxOXZuYU5HYnlnYldkZ0NXQTJfV04tN3p4UXBCZElXVEhBa2dKTDM4elc2TmdhUGxacUhGZUdySExlV1Y4VzVzNVdrNlFBXzhkOE51YzJCd2NGS19XV0dicFZPbUNjOFB0RG1HM1hEZnItanJmLVZjcGNBQ0VOc1E4YS1rOVp0QjZkVlItcEMtOWVPNjJDa2NsTg?oc=5\" target=\"_blank\" rel=\"noopener\">Biathlon &#8211; Poursuite d&rsquo;Oberhof (F) : Jeanmonnot et Simon ont des regrets, pas Braisaz-Bouchet : Sports &#8211; Orange<\/a>&nbsp;&nbsp;Sports &#8211; Orange<\/li>\n<li><a href=\"https:\/\/news.google.com\/rss\/articles\/CBMi5AFBVV95cUxQOHpjNHY4cENIY0oyc09KSHBIT19Ub1RFZHlHUk9LU1pLRmZ2NkhKMlFhRTJ5RmlnYUdyYnVPaGZPRzdQTnpHN3dSVDcyTkY0bFpaT2g4emkwcEJzZ0hITDV0aGY4cDhQbDFDUGxsZ01LOUxKR2FRSjBEX282WWttSEhOMnVxQlNVUVZyT09zWDBPbDlzX3lTc0Jta09QbVpGMGFyRE0yYzBfcXN0cEpadHUtNUZxTWlIQ0o2NjQ2WUI1ZXdiSloyV3hPNVU1VHRDaTVDdUFUZmZDOHFkQVVpWEh0YW8?oc=5\" target=\"_blank\" rel=\"noopener\">\u00ab Elle a pass\u00e9 15 jours \u00e0 faire du ski \u00e0 roulettes \u00bb : pourquoi Lou Jeanmonnot n&rsquo;\u00e9tait pas au top \u00e0 Oberhof<\/a>&nbsp;&nbsp;Le Dauphin\u00e9 Lib\u00e9r\u00e9<\/li>\n<li><a href=\"https:\/\/news.google.com\/rss\/articles\/CBMilAFBVV95cUxPV3lYNUdOM2FCR3FHUjVQWHB3RVhySXplZGNGcVlEb0hPNUtQanhxSGxLN29qbmRKRFN5WU13NG5fU0tLRUJuTlVPREdwdEIyTWdWeE5FaHVyTTU2VGJsTWxTVXlJV05iUkY5b0hiellYRS1VYUFwSnNZaU5MWXh2NXdHQ1FIUlhYSDNXRTNsTGVycEo4?oc=5\" target=\"_blank\" rel=\"noopener\">Une nouvelle rivale pour Lou Jeanmonnot !<\/a>&nbsp;&nbsp;Sports.fr<\/li>\n<li><a href=\"https:\/\/news.google.com\/rss\/articles\/CBMirAFBVV95cUxPMzhyelhSRjBIMDZ4YkhFaWJyeDhpYmFteF8zZGd4WG0tbzBfSXRvMlVfb0EyVjVERm1IT041dXBGOWI5YTY2ZmVUeFpjNjVuckh5NFNjcmY4LUNNY2FTZzdKUUVUM25nam9QQVQyWGFXWmYtbDB1QVgtVDF1RmJILVdyZTM2WlctV2dwVVhtOTN3WFZKd0dYMFU1a3M0dzZWcTc3dDZPQ0FzOHJL?oc=5\" target=\"_blank\" rel=\"noopener\">Biathlon &#8211; Coupe du monde. Malgr\u00e9 un tir en d\u00e9licatesse, Lou Jeanmonnot garde le dossard jaune<\/a>&nbsp;&nbsp;Le Progr\u00e8s<\/li>\n<\/ol>\n","protected":false},"excerpt":{"rendered":"Tir chancelant et ski lent, Lou Jeanmonnot ne profite pas de la m\u00e9forme de certaines rivales mais reste&hellip;\n","protected":false},"author":2,"featured_media":657852,"comment_status":"","ping_status":"","sticky":false,"template":"","format":"standard","meta":{"footnotes":""},"categories":[2],"tags":[11,1011,27,12],"class_list":{"0":"post-657851","1":"post","2":"type-post","3":"status-publish","4":"format-standard","5":"has-post-thumbnail","7":"category-actualites","8":"tag-actualites","9":"tag-fr","10":"tag-france","11":"tag-news"},"share_on_mastodon":{"url":"https:\/\/pubeurope.com\/@fr\/115880995346563199","error":""},"_links":{"self":[{"href":"https:\/\/www.europesays.com\/fr\/wp-json\/wp\/v2\/posts\/657851","targetHints":{"allow":["GET"]}}],"collection":[{"href":"https:\/\/www.europesays.com\/fr\/wp-json\/wp\/v2\/posts"}],"about":[{"href":"https:\/\/www.europesays.com\/fr\/wp-json\/wp\/v2\/types\/post"}],"author":[{"embeddable":true,"href":"https:\/\/www.europesays.com\/fr\/wp-json\/wp\/v2\/users\/2"}],"replies":[{"embeddable":true,"href":"https:\/\/www.europesays.com\/fr\/wp-json\/wp\/v2\/comments?post=657851"}],"version-history":[{"count":0,"href":"https:\/\/www.europesays.com\/fr\/wp-json\/wp\/v2\/posts\/657851\/revisions"}],"wp:featuredmedia":[{"embeddable":true,"href":"https:\/\/www.europesays.com\/fr\/wp-json\/wp\/v2\/media\/657852"}],"wp:attachment":[{"href":"https:\/\/www.europesays.com\/fr\/wp-json\/wp\/v2\/media?parent=657851"}],"wp:term":[{"taxonomy":"category","embeddable":true,"href":"https:\/\/www.europesays.com\/fr\/wp-json\/wp\/v2\/categories?post=657851"},{"taxonomy":"post_tag","embeddable":true,"href":"https:\/\/www.europesays.com\/fr\/wp-json\/wp\/v2\/tags?post=657851"}],"curies":[{"name":"wp","href":"https:\/\/api.w.org\/{rel}","templated":true}]}}