{"id":657865,"date":"2026-01-12T07:49:22","date_gmt":"2026-01-12T07:49:22","guid":{"rendered":"https:\/\/www.europesays.com\/fr\/657865\/"},"modified":"2026-01-12T07:49:22","modified_gmt":"2026-01-12T07:49:22","slug":"cest-un-modele-qui-ne-fonctionne-pas-les-halles-biltoki-ont-ferme-leurs-portes-a-rouen","status":"publish","type":"post","link":"https:\/\/www.europesays.com\/fr\/657865\/","title":{"rendered":"\u00ab\u00a0C&rsquo;est un mod\u00e8le qui ne fonctionne pas\u00a0\u00bb : les Halles Biltoki ont ferm\u00e9 leurs portes \u00e0 Rouen"},"content":{"rendered":"<p> <img decoding=\"async\" src=\"https:\/\/www.europesays.com\/fr\/wp-content\/uploads\/2026\/01\/1768204162_543_1200x680.jpeg\" alt=\"illustration agrandir l'image\" style=\"--_image-preview:url('data:image\/jpeg;base64,\/9j\/2wBDACgcHiMeGSgjISMtKygwPGRBPDc3PHtYXUlkkYCZlo+AjIqgtObDoKrarYqMyP\/L2u71\/\/\/\/m8H\/\/\/\/6\/+b9\/\/j\/2wBDASstLTw1PHZBQXb4pYyl+Pj4+Pj4+Pj4+Pj4+Pj4+Pj4+Pj4+Pj4+Pj4+Pj4+Pj4+Pj4+Pj4+Pj4+Pj4+Pj4+Pj\/wAARCAAXACoDASIAAhEBAxEB\/8QAFwABAQEBAAAAAAAAAAAAAAAAAAECA\/\/EABgQAQEAAwAAAAAAAAAAAAAAAAARAQIS\/8QAFwEBAQEBAAAAAAAAAAAAAAAAAAECA\/\/EABURAQEAAAAAAAAAAAAAAAAAAAAR\/9oADAMBAAIRAxEAPwC0rNSsR1rdWudKQredk6YqUiVUoNMpSggICj\/\/2Q==');\" loading=\"eager\" fetchpriority=\"high\" class=\"svelte-1cksh76 rounded\" onload=\"this.__e=event\" onerror=\"this.__e=event\"\/> Les Halles Biltoki \u00e0 Rouen ont ferm\u00e9 leurs portes le 31 d\u00e9cembre 2025. \u00a9 Radio France &#8211; Bradley De Souza    <\/p>\n<p class=\"g-ici-body-regular-3 info svelte-1tw4hsy\">Diffus\u00e9 le lundi 12 janvier 2026 \u00e0 6:31 <\/p>\n<p class=\"g-ici-body-regular-3 info svelte-1tw4hsy\">Publi\u00e9 le lundi 12 janvier 2026 \u00e0 6:31 <\/p>\n<p class=\"g-ici-body-bold-1 standFirst svelte-1gkeky6\">Les Halles Biltoki ont ferm\u00e9 leur porte le 31 d\u00e9cembre 2025 \u00e0 Rouen. Les dirigeants livrent plusieurs explications sur les r\u00e9seaux sociaux et rejettent la faute sur le propri\u00e9taire des murs du b\u00e2timent, les Docks 76.<\/p>\n<p>Elles avaient \u00e9t\u00e9 inaugur\u00e9es en grande pompe en novembre 2022 et\u00a0<a class=\"IciLink ici-link IciArticleLink g-ici-body-regular-1 underline brand svelte-1chfe2s\" href=\"https:\/\/www.francebleu.fr\/emissions\/cote-experts\/normandie-rouen\/cote-experts-32\" target=\"_blank\" rel=\"noopener\">ICI Normandie<\/a>\u00a0y \u00e9tait en direct. Moins de trois ans apr\u00e8s leur ouverture, les Halles Biltoki situ\u00e9es \u00e0 l&rsquo;ouest de Rouen, \u00e0 c\u00f4t\u00e9 des Docks 76 ont ferm\u00e9 leurs portes\u00a0 le 31 d\u00e9cembre 2025. C&rsquo;est la deuxi\u00e8me halle qui a ferm\u00e9 en 2025 apr\u00e8s celle de\u00a0<a class=\"IciLink ici-link IciArticleLink g-ici-body-regular-1 underline brand svelte-1chfe2s\" href=\"https:\/\/www.francebleu.fr\/infos\/economie-social\/c-est-officiel-a-saint-etienne-les-halles-mazerat-fermeront-le-31-mars-2025-2585560\" target=\"_blank\" rel=\"noopener\">Saint-Etienne<\/a>. Dans un communiqu\u00e9 de presse et un long message sur les r\u00e9seaux sociaux, les dirigeants livrent plusiuers explications et pointent du doigt les Docks 76, le responsable du b\u00e2timent.<\/p>\n<ul class=\"SocialNetworks svelte-oam7rq\">\n<li class=\"svelte-oam7rq\"><\/li>\n<li class=\"svelte-oam7rq\"><\/li>\n<li class=\"svelte-oam7rq\"><\/li>\n<li class=\"svelte-oam7rq\"><\/li>\n<li class=\"svelte-oam7rq\"><\/li>\n<\/ul>\n","protected":false},"excerpt":{"rendered":"Les Halles Biltoki \u00e0 Rouen ont ferm\u00e9 leurs portes le 31 d\u00e9cembre 2025. \u00a9 Radio France &#8211; Bradley&hellip;\n","protected":false},"author":2,"featured_media":657866,"comment_status":"","ping_status":"","sticky":false,"template":"","format":"standard","meta":{"footnotes":""},"categories":[9587],"tags":[1111,11,1777,674,1011,27,12,5161,25,9590],"class_list":{"0":"post-657865","1":"post","2":"type-post","3":"status-publish","4":"format-standard","5":"has-post-thumbnail","7":"category-rouen","8":"tag-actu","9":"tag-actualites","10":"tag-eu","11":"tag-europe","12":"tag-fr","13":"tag-france","14":"tag-news","15":"tag-normandie","16":"tag-republique-francaise","17":"tag-rouen"},"share_on_mastodon":{"url":"https:\/\/pubeurope.com\/@fr\/115881034592847664","error":""},"_links":{"self":[{"href":"https:\/\/www.europesays.com\/fr\/wp-json\/wp\/v2\/posts\/657865","targetHints":{"allow":["GET"]}}],"collection":[{"href":"https:\/\/www.europesays.com\/fr\/wp-json\/wp\/v2\/posts"}],"about":[{"href":"https:\/\/www.europesays.com\/fr\/wp-json\/wp\/v2\/types\/post"}],"author":[{"embeddable":true,"href":"https:\/\/www.europesays.com\/fr\/wp-json\/wp\/v2\/users\/2"}],"replies":[{"embeddable":true,"href":"https:\/\/www.europesays.com\/fr\/wp-json\/wp\/v2\/comments?post=657865"}],"version-history":[{"count":0,"href":"https:\/\/www.europesays.com\/fr\/wp-json\/wp\/v2\/posts\/657865\/revisions"}],"wp:featuredmedia":[{"embeddable":true,"href":"https:\/\/www.europesays.com\/fr\/wp-json\/wp\/v2\/media\/657866"}],"wp:attachment":[{"href":"https:\/\/www.europesays.com\/fr\/wp-json\/wp\/v2\/media?parent=657865"}],"wp:term":[{"taxonomy":"category","embeddable":true,"href":"https:\/\/www.europesays.com\/fr\/wp-json\/wp\/v2\/categories?post=657865"},{"taxonomy":"post_tag","embeddable":true,"href":"https:\/\/www.europesays.com\/fr\/wp-json\/wp\/v2\/tags?post=657865"}],"curies":[{"name":"wp","href":"https:\/\/api.w.org\/{rel}","templated":true}]}}